{"id":572104,"date":"2023-01-23T00:04:28","date_gmt":"2023-01-23T06:04:28","guid":{"rendered":"https:\/\/www.diarioimagen.net\/?p=572104"},"modified":"2023-01-23T02:35:12","modified_gmt":"2023-01-23T08:35:12","slug":"apuesta-el-pri-por-campanas-politicas-de-altura-y-respetuosas","status":"publish","type":"post","link":"https:\/\/www.diarioimagen.net\/?p=572104","title":{"rendered":"Apuesta el PRI por campa\u00f1as pol\u00edticas de altura y respetuosas"},"content":{"rendered":"<p>&nbsp;<\/p>\n<p><a href=\"https:\/\/www.diarioimagen.net\/?attachment_id=572157\" rel=\"attachment wp-att-572157\"><img loading=\"lazy\" decoding=\"async\" class=\"aligncenter size-full wp-image-572157\" src=\"https:\/\/www.diarioimagen.net\/wp-content\/uploads\/2023\/01\/apuesta-pri.jpg\" alt=\"\" width=\"460\" height=\"270\" \/><\/a><\/p>\n<p>&nbsp;<\/p>\n<p><strong>Valle de M\u00e9xico.\u2014<\/strong> Los ciudadanos mexiquenses quieren ver campa\u00f1as pol\u00edticas respetuosas y de mayor contenido, m\u00e1s argumentos y menos adjetivos, con debate de ideas y con\u00a0propuestas que sustituyan las ocurrencias. As\u00ed lo dijo el presidente del Comit\u00e9 Directivo Estatal (CDE) del PRI, Eric Sevilla, durante\u00a0la firma del \u201cAcuerdo por la Integridad Electoral 2023\u201d que atestigu\u00f3 el\u00a0gobernador Alfredo del Mazo, el l\u00edder priista destac\u00f3 la importancia de que los actores pol\u00edticos escojan la institucionalidad por encima del conflicto.<\/p>\n<p>Ante el presidente del INE, Lorenzo C\u00f3rdova Vianelloy del presidente de Tribunal Electoral del Poder Judicial de la Federaci\u00f3n, Reyes Rodr\u00edguez Mondrag\u00f3n, sostuvo que la renovaci\u00f3n de la gubernatura convoca a las autoridades electorales y partidos pol\u00edticos a construir juntos un clima democr\u00e1tico, libre, justo y competitivo.<\/p>\n<p>\u201cNos reunimos con el compromiso de evitar que se generen disputas mezquinas, que surjan fuerzas ajenas a la pol\u00edtica y se presenten actos ilegales, enga\u00f1os e intolerancia\u201d, afirm\u00f3 ante los dirigentes partidistas que firmaron este acuerdo en la sede del Instituto Electoral del Estado de M\u00e9xico (IEEM).<\/p>\n<p>Este proceso pol\u00edtico es nuestra oportunidad de darle a los mexiquenses una raz\u00f3n para volver a creer en la democracia y en sus instituciones, dijo el dirigente estatal priista al sostener que los ojos de la naci\u00f3n, \u201cest\u00e1n puestos sobre nosotros, no solo en los partidos, sino tambi\u00e9n en la forma en que llevaremos esta justa electoral\u201d.<\/p>\n","protected":false},"excerpt":{"rendered":"<p>Los ciudadanos mexiquenses quieren ver campa\u00f1as pol\u00edticas respetuosas y de mayor contenido, m\u00e1s argumentos y menos adjetivos, con debate de ideas y con\u00a0propuestas que sustituyan las ocurrencias. As\u00ed lo dijo el presidente del Comit\u00e9 Directivo Estatal (CDE) del PRI, Eric Sevilla, durante\u00a0la firma del \u201cAcuerdo por la Integridad Electoral 2023\u201d que atestigu\u00f3 el\u00a0gobernador Alfredo del Mazo, el l\u00edder priista destac\u00f3 la importancia de que los actores pol\u00edticos escojan la institucionalidad por encima del conflicto.<\/p>\n","protected":false},"author":3,"featured_media":572157,"comment_status":"open","ping_status":"open","sticky":false,"template":"","format":"standard","meta":{"_monsterinsights_skip_tracking":false,"_monsterinsights_sitenote_active":false,"_monsterinsights_sitenote_note":"","_monsterinsights_sitenote_category":0,"footnotes":""},"categories":[5],"tags":[97206,6185,362],"class_list":["post-572104","post","type-post","status-publish","format-standard","has-post-thumbnail","hentry","category-estado-de-mexico","tag-altura","tag-campana","tag-pri"],"_links":{"self":[{"href":"https:\/\/www.diarioimagen.net\/index.php?rest_route=\/wp\/v2\/posts\/572104","targetHints":{"allow":["GET"]}}],"collection":[{"href":"https:\/\/www.diarioimagen.net\/index.php?rest_route=\/wp\/v2\/posts"}],"about":[{"href":"https:\/\/www.diarioimagen.net\/index.php?rest_route=\/wp\/v2\/types\/post"}],"author":[{"embeddable":true,"href":"https:\/\/www.diarioimagen.net\/index.php?rest_route=\/wp\/v2\/users\/3"}],"replies":[{"embeddable":true,"href":"https:\/\/www.diarioimagen.net\/index.php?rest_route=%2Fwp%2Fv2%2Fcomments&post=572104"}],"version-history":[{"count":0,"href":"https:\/\/www.diarioimagen.net\/index.php?rest_route=\/wp\/v2\/posts\/572104\/revisions"}],"wp:featuredmedia":[{"embeddable":true,"href":"https:\/\/www.diarioimagen.net\/index.php?rest_route=\/wp\/v2\/media\/572157"}],"wp:attachment":[{"href":"https:\/\/www.diarioimagen.net\/index.php?rest_route=%2Fwp%2Fv2%2Fmedia&parent=572104"}],"wp:term":[{"taxonomy":"category","embeddable":true,"href":"https:\/\/www.diarioimagen.net\/index.php?rest_route=%2Fwp%2Fv2%2Fcategories&post=572104"},{"taxonomy":"post_tag","embeddable":true,"href":"https:\/\/www.diarioimagen.net\/index.php?rest_route=%2Fwp%2Fv2%2Ftags&post=572104"}],"curies":[{"name":"wp","href":"https:\/\/api.w.org\/{rel}","templated":true}]}}