{"id":572213,"date":"2023-01-24T00:02:03","date_gmt":"2023-01-24T06:02:03","guid":{"rendered":"https:\/\/www.diarioimagen.net\/?p=572213"},"modified":"2023-01-24T03:04:37","modified_gmt":"2023-01-24T09:04:37","slug":"entregaran-en-junio-los-primeros-vagones-para-el-tren-maya-fonatur","status":"publish","type":"post","link":"https:\/\/www.diarioimagen.net\/?p=572213","title":{"rendered":"Entregar\u00e1n en junio los primeros vagones para el Tren Maya: Fonatur"},"content":{"rendered":"<p>&nbsp;<\/p>\n<h3 style=\"text-align: center;\">Intensifican trabajos en Ciudad Sahag\u00fan, Hidalgo<\/h3>\n<p>&nbsp;<\/p>\n<ul>\n<li><strong><em>Se trabaja a marchas forzadas en cinco viaductos y 34 obras complementarias<\/em><\/strong><\/li>\n<\/ul>\n<p><strong>\u00a0<\/strong><\/p>\n<div id=\"attachment_572292\" style=\"width: 470px\" class=\"wp-caption aligncenter\"><a href=\"https:\/\/www.diarioimagen.net\/?attachment_id=572292\" rel=\"attachment wp-att-572292\"><img loading=\"lazy\" decoding=\"async\" aria-describedby=\"caption-attachment-572292\" class=\"size-full wp-image-572292\" src=\"https:\/\/www.diarioimagen.net\/wp-content\/uploads\/2023\/01\/TREN01-8.jpg\" alt=\"\" width=\"460\" height=\"270\" \/><\/a><p id=\"caption-attachment-572292\" class=\"wp-caption-text\">Fonatur inform\u00f3 que en junio pr\u00f3ximo ser\u00e1n entregados los primeros vagones para el Tren Maya.<\/p><\/div>\n<p>&nbsp;<\/p>\n<p>El director general del Fondo Nacional de Fomento al Turismo (Fonatur), Javier May Rodr\u00edguez, inform\u00f3 que en junio pr\u00f3ximo ser\u00e1n entregados los primeros vagones para el Tren Maya y adelant\u00f3 que actualmente se trabaja en la construcci\u00f3n de los veh\u00edculos en Ciudad Sahag\u00fan, Hidalgo.<\/p>\n<p>\u201cEl primer tren se entrega en junio de este a\u00f1o. Se han intensificado los trabajos, asimismo, se est\u00e1n construyendo 5 viaductos y 34 obras inducidas, que generan m\u00e1s de 42 mil fuentes de trabajo en el sureste del pa\u00eds.<\/p>\n<p>Puntualiz\u00f3 que se est\u00e1 aplicando el plan integral de desarrollo con 50 viviendas, as\u00ed como otros programas sociales, sumado a que habr\u00e1 un hotel denominado Hotel Edzn\u00e1, que se realiza con responsabilidad ambiental y se han plantado 50 millones de \u00e1rboles en esta regi\u00f3n.<\/p>\n<p>Por su parte, Antonio G\u00f3mez Garc\u00eda, director general de Grupo Carso, record\u00f3 que el Tramo 2 est\u00e1 a cargo del Consorcio que representa y que el 97% de los trabajadores que laboran en este momento en esa obra son de la zona, es decir que fueron contratados y capacitados ah\u00ed mismo.<\/p>\n<p>\u201cTenemos en este momento 16 t\u00e9cnicos especializados del extranjero, que est\u00e1n capacitando j\u00f3venes en Campeche para el manejo de todos los equipos que son muy especiales\u201d, argument\u00f3.<\/p>\n<p>Finalmente, Maite Ramos G\u00f3mez, directora de Alstom M\u00e9xico adelant\u00f3 que se est\u00e1n construyendo 42 trenes y 219 carros para la obra, tanto para funcionar de manera dual o con di\u00e9sel \u201cSon trenes muy probados, hay m\u00e1s de 5 mil trenes de este tipo en todo el mundo\u201d, destac\u00f3 Ramos y present\u00f3 fotograf\u00edas del primer tren que estar\u00e1 circulando en julio, \u201cse est\u00e1 adaptando para que sea accesible, se podr\u00e1n subir bicicletas y maletas\u201d.<\/p>\n<p style=\"text-align: center;\"><strong>Di\u00e9sel m\u00e1s costoso del\u00a0pa\u00eds se vende en Canc\u00fan <\/strong><strong>\u00a0<\/strong><\/p>\n<p>La cuesta de enero contin\u00faa siendo pronunciada para la ciudadan\u00eda cancunense, pues sumado al encarecimiento de los productos de la canasta b\u00e1sica y algunos servicios, tambi\u00e9n los combustibles siguen presentando precios bastante elevados, incluso por encima de la media nacional.<\/p>\n<p>Por ejemplo, este lunes 23 de enero, el titular de la Procuradur\u00eda Federal del Consumidor (Profeco), Ricardo Sheffield, exhibi\u00f3 a Canc\u00fan como la ciudad con el Di\u00e9sel m\u00e1s caro de todo el territorio nacional, lo que sin duda es un golpe m\u00e1s a la econom\u00eda de las familias.<\/p>\n<p>Durante la conferencia ma\u00f1anera del presidente Andr\u00e9s Manuel L\u00f3pez Obrador, el funcionario explic\u00f3 que la franquicia de Petr\u00f3leos Mexicanos (Pemex) \u201cse pasaron de rosca y cuentan con el mayor margen de ganancia de este combustible\u201d.<\/p>\n<p>Es decir, que los consumidores en Canc\u00fan est\u00e1n pagando 25.8 pesos por litro de Di\u00e9sel, que representa una ganancia de 3.14 pesos por cada litro que venden para la empresa.<\/p>\n<p>Asimismo, el titular de la Profeco inform\u00f3 que el costo del barril del petr\u00f3leo en M\u00e9xico con corte del 19 de enero tuvo un precio de 69.88 d\u00f3lares y puntualiza que todas las gasolinas tendr\u00e1n un incentivo fiscal para seguir manteniendo un precio bajo durante esta semana.<\/p>\n<p>Esta semana los precios promedio de las gasolinas en M\u00e9xico son los siguientes<\/p>\n<p>Regular &#8211; $22.04 (IEPS \u2013 64.8%), Premium &#8211; $24.17 (IEPS \u2013 47.1%) y Di\u00e9sel &#8211; $23.64(IEPS &#8211; 89.4%).<\/p>\n","protected":false},"excerpt":{"rendered":"<p>El director general del Fondo Nacional de Fomento al Turismo (Fonatur), Javier May Rodr\u00edguez, inform\u00f3 que en junio pr\u00f3ximo ser\u00e1n entregados los primeros vagones para el Tren Maya y adelant\u00f3 que actualmente se trabaja en la construcci\u00f3n de los veh\u00edculos en Ciudad Sahag\u00fan, Hidalgo.<\/p>\n","protected":false},"author":3,"featured_media":572292,"comment_status":"open","ping_status":"open","sticky":false,"template":"","format":"standard","meta":{"_monsterinsights_skip_tracking":false,"_monsterinsights_sitenote_active":false,"_monsterinsights_sitenote_note":"","_monsterinsights_sitenote_category":0,"footnotes":""},"categories":[3],"tags":[97213,24769,42,76415,97112],"class_list":["post-572213","post","type-post","status-publish","format-standard","has-post-thumbnail","hentry","category-nacional","tag-ciudad-sahagun","tag-entrega","tag-hidalgo","tag-tren-maya","tag-vagones"],"_links":{"self":[{"href":"https:\/\/www.diarioimagen.net\/index.php?rest_route=\/wp\/v2\/posts\/572213","targetHints":{"allow":["GET"]}}],"collection":[{"href":"https:\/\/www.diarioimagen.net\/index.php?rest_route=\/wp\/v2\/posts"}],"about":[{"href":"https:\/\/www.diarioimagen.net\/index.php?rest_route=\/wp\/v2\/types\/post"}],"author":[{"embeddable":true,"href":"https:\/\/www.diarioimagen.net\/index.php?rest_route=\/wp\/v2\/users\/3"}],"replies":[{"embeddable":true,"href":"https:\/\/www.diarioimagen.net\/index.php?rest_route=%2Fwp%2Fv2%2Fcomments&post=572213"}],"version-history":[{"count":0,"href":"https:\/\/www.diarioimagen.net\/index.php?rest_route=\/wp\/v2\/posts\/572213\/revisions"}],"wp:featuredmedia":[{"embeddable":true,"href":"https:\/\/www.diarioimagen.net\/index.php?rest_route=\/wp\/v2\/media\/572292"}],"wp:attachment":[{"href":"https:\/\/www.diarioimagen.net\/index.php?rest_route=%2Fwp%2Fv2%2Fmedia&parent=572213"}],"wp:term":[{"taxonomy":"category","embeddable":true,"href":"https:\/\/www.diarioimagen.net\/index.php?rest_route=%2Fwp%2Fv2%2Fcategories&post=572213"},{"taxonomy":"post_tag","embeddable":true,"href":"https:\/\/www.diarioimagen.net\/index.php?rest_route=%2Fwp%2Fv2%2Ftags&post=572213"}],"curies":[{"name":"wp","href":"https:\/\/api.w.org\/{rel}","templated":true}]}}