{"id":572234,"date":"2023-01-24T00:03:09","date_gmt":"2023-01-24T06:03:09","guid":{"rendered":"https:\/\/www.diarioimagen.net\/?p=572234"},"modified":"2023-01-24T01:23:01","modified_gmt":"2023-01-24T07:23:01","slug":"artistas-y-futbolistas-proselitistas","status":"publish","type":"post","link":"https:\/\/www.diarioimagen.net\/?p=572234","title":{"rendered":"Artistas y futbolistas proselitistas"},"content":{"rendered":"<h2>Espacio Electoral<\/h2>\n<h5>Eleazar Flores<\/h5>\n<p>&nbsp;<\/p>\n<p><strong>COMO SIEMPRE-.<\/strong> En las elecciones federales pasadas, artistas famosos fueron contratados por dirigentes del Partido Verde Ecologista de M\u00e9xico para apoyarlos en sus campa\u00f1as proselitistas, principalmente a candidatos de la capital del pa\u00eds, en busca de cargos de elecci\u00f3n, pero ahora una de las \u201ccorcholatas\u201d recibe el apoyo de algunos futbolistas.<\/p>\n<p><strong>PVEM-.<\/strong> Por ese apoyo surgieron alegatos dentro del mismo medio art\u00edstico, pues quienes prestaron imagen y voz para promover a los CANDIDATOS VERDES dijeron haber sido sorprendidos pero negaron haber recibido pago alguno, lo que nadie les crey\u00f3.<\/p>\n<p>Uno de los artistas de mayor fama que apoy\u00f3 al PVEM y sus candidatos fue Ra\u00fal Araiza Herrera mejor conocido como \u201cEL NEGRO\u201d Araiza, hijo del productor Ra\u00fal Araiza y de la ojiverde Norma Herrera, que en sus inicios fue destacada cantante de la canci\u00f3n ranchera y ahora es una destacada actriz, tanto en el cine como en la televisi\u00f3n.<\/p>\n<p><strong>MORENA-.<\/strong> Ahora es una de los aspirantes a la Presidencia de la Rep\u00fablica, quien curiosamente y en forma espont\u00e1nea, recibe inesperadamente en redes sociales, apoyo de futbolistas de anta\u00f1o que ciertamente fueron famosos por su desempe\u00f1o en las canchas.<\/p>\n<p>Se trata de apoyos en favor del secretario de Gobernaci\u00f3n, Ad\u00e1n Augusto L\u00f3pez Hern\u00e1ndez, simpat\u00edas que parece ser, solamente fueron SALUDOS en los que se inclu\u00eda un respaldo para lanzarse como candidato presidencial.<\/p>\n<p>En honor a la verdad, de entre los futbolistas apoyadores de Ad\u00e1n Augusto, los de mayor fama y nombre en su momento, son el ex melenudo Braulio Luna Guzm\u00e1n y Giovanni Alexis Dos Santos Ram\u00edrez, dos elementos de Selecci\u00f3n Nacional en sus\u00a0 respectivas etapas de desempe\u00f1o. Por cierto, de ambos se esperaban mejores cosas por su calidad, pero muchos creen que les falt\u00f3 decisi\u00f3n y constancia. Faltan muchos Hugo S\u00e1nchez.<\/p>\n<p>Braulio, de cuna PUMA, y Giovanni, siempre \u00c1GUILA, ahora coincidieron en sus preferencias pol\u00edticas por el secretario de Gobernaci\u00f3n, Ad\u00e1n Augusto L\u00f3pez, y contra lo que muchos piensen est\u00e1n en todo su derecho, l\u00e1stima que contagiados del acelerador \u201cmoreno\u201d y su comandante, est\u00e1n adelantando v\u00edsperas.<\/p>\n<p>Si esas preferencias las externan de agosto en adelante, fecha dada por el jefe del comando guinda como tiempo oficial de arranque, nada hubiera pasado.<\/p>\n<p>Las preferencias pol\u00edticas son sanas, v\u00e1lidas y justificables, ah\u00ed est\u00e1 el ejemplo del autor del GOL M\u00c1S BONITO de un mundial, Manuel Negrete Arias, nativo de Ciudad Altamirano, Guerrero, y al igual que Braulio Luna, PUMA de toda la vida. Manuel Negrete fue ya delegado en Coyoac\u00e1n con el apoyo del PAN y punto.<\/p>\n<p>Lo malo de Giovanni y Luna es que si de un saludo les sacaron un apoyo a Ad\u00e1n Augusto es cuestionable, tanto como lo extempor\u00e1neo\u00a0 del proselitismo.<\/p>\n<p><em><a href=\"mailto:elefa44@gmail.com\" target=\"_blank\" rel=\"noopener noreferrer\">lefa44@gmail.com<\/a><\/em><\/p>\n","protected":false},"excerpt":{"rendered":"<p><span style=\"color: #005497;\"><strong>Eleazar Flores<\/strong><\/span><\/p>\n","protected":false},"author":3,"featured_media":0,"comment_status":"open","ping_status":"open","sticky":false,"template":"","format":"standard","meta":{"_monsterinsights_skip_tracking":false,"_monsterinsights_sitenote_active":false,"_monsterinsights_sitenote_note":"","_monsterinsights_sitenote_category":0,"footnotes":""},"categories":[81743],"tags":[81744,81776,43674],"class_list":["post-572234","post","type-post","status-publish","format-standard","hentry","category-eleazar-flores","tag-eleazar-flores","tag-espacio-electoral","tag-opinion"],"_links":{"self":[{"href":"https:\/\/www.diarioimagen.net\/index.php?rest_route=\/wp\/v2\/posts\/572234","targetHints":{"allow":["GET"]}}],"collection":[{"href":"https:\/\/www.diarioimagen.net\/index.php?rest_route=\/wp\/v2\/posts"}],"about":[{"href":"https:\/\/www.diarioimagen.net\/index.php?rest_route=\/wp\/v2\/types\/post"}],"author":[{"embeddable":true,"href":"https:\/\/www.diarioimagen.net\/index.php?rest_route=\/wp\/v2\/users\/3"}],"replies":[{"embeddable":true,"href":"https:\/\/www.diarioimagen.net\/index.php?rest_route=%2Fwp%2Fv2%2Fcomments&post=572234"}],"version-history":[{"count":0,"href":"https:\/\/www.diarioimagen.net\/index.php?rest_route=\/wp\/v2\/posts\/572234\/revisions"}],"wp:attachment":[{"href":"https:\/\/www.diarioimagen.net\/index.php?rest_route=%2Fwp%2Fv2%2Fmedia&parent=572234"}],"wp:term":[{"taxonomy":"category","embeddable":true,"href":"https:\/\/www.diarioimagen.net\/index.php?rest_route=%2Fwp%2Fv2%2Fcategories&post=572234"},{"taxonomy":"post_tag","embeddable":true,"href":"https:\/\/www.diarioimagen.net\/index.php?rest_route=%2Fwp%2Fv2%2Ftags&post=572234"}],"curies":[{"name":"wp","href":"https:\/\/api.w.org\/{rel}","templated":true}]}}