{"id":572316,"date":"2023-01-25T00:01:42","date_gmt":"2023-01-25T06:01:42","guid":{"rendered":"https:\/\/www.diarioimagen.net\/?p=572316"},"modified":"2023-01-30T00:55:55","modified_gmt":"2023-01-30T06:55:55","slug":"mexicanos-viven-la-mayor-cuesta-de-enero-desde-2001","status":"publish","type":"post","link":"https:\/\/www.diarioimagen.net\/?p=572316","title":{"rendered":"Mexicanos viven la mayor \u201ccuesta de enero\u201d, desde 2001"},"content":{"rendered":"<p><strong>\u00a0<\/strong><\/p>\n<h3 style=\"text-align: center;\">Inflaci\u00f3n se aceler\u00f3 en la primera mitad de enero<\/h3>\n<p>&nbsp;<\/p>\n<ul>\n<li><em><strong>El dato dado a conocer por el Inegi result\u00f3 mayor a la tasa de 7.87% esperada<\/strong> <\/em><\/li>\n<\/ul>\n<p>&nbsp;<\/p>\n<div id=\"attachment_572364\" style=\"width: 470px\" class=\"wp-caption aligncenter\"><a href=\"https:\/\/www.diarioimagen.net\/?attachment_id=572364\" rel=\"attachment wp-att-572364\"><img loading=\"lazy\" decoding=\"async\" aria-describedby=\"caption-attachment-572364\" class=\"size-full wp-image-572364\" src=\"https:\/\/www.diarioimagen.net\/wp-content\/uploads\/2023\/01\/inflacion.jpg\" alt=\"\" width=\"460\" height=\"270\" \/><\/a><p id=\"caption-attachment-572364\" class=\"wp-caption-text\">La inflaci\u00f3n general anual en la primera quincena del mes alcanz\u00f3 un 7.94%, superando tanto el 7.77% registrado en diciembre como las previsiones de los economistas de un 7.86%,<\/p><\/div>\n<p>&nbsp;<\/p>\n<p>Los mexicanos enfrentaron la mayor cuesta de enero en m\u00e1s de 20 a\u00f1os, al acelerarse la inflaci\u00f3n en la primera mitad de enero, de acuerdo con la informaci\u00f3n m\u00e1s reciente divulgada por el Instituto Nacional de Estad\u00edstica y Geograf\u00eda (Inegi).<\/p>\n<p>En la primera quincena de enero, el \u00cdndice Nacional de Precios al Consumidor (INPC) aument\u00f3 0.46% respecto a la \u00faltima quincena de 2022.<\/p>\n<p>Con ello, la inflaci\u00f3n anual fue de 7.94%, el mayor incremento de precios para la primera mitad de enero desde el 2001, cuando el aumento fue de 8.37 por ciento.<\/p>\n<p>Asimismo, supuso una aceleraci\u00f3n desde el nivel reportado en la segunda quincena de diciembre, cuando los precios al consumidor aumentaron en 7.86 por ciento.<\/p>\n<p>Como cada a\u00f1o, con ajustes de precios por diversas cuestiones como el aumento en el salario m\u00ednimo, los analistas esperaban una aceleraci\u00f3n en la inflaci\u00f3n; sin embargo, el dato dado a conocer por el Inegi result\u00f3 mayor a la tasa de 7.87% esperada por el mercado.<\/p>\n<p>La inflaci\u00f3n general anual en la primera quincena del mes alcanz\u00f3 un 7.94%, superando tanto el 7.77% registrado en diciembre como las previsiones de los economistas de un 7.86%, aunque todav\u00eda por debajo del m\u00e1ximo de dos d\u00e9cadas de 8.77% registrado en agosto.<\/p>\n<p>Mientras tanto, el \u00edndice subyacente, que excluye algunos precios vol\u00e1tiles de los alimentos y la energ\u00eda, alcanz\u00f3 el 8.45% anual, y volvi\u00f3 a subir despu\u00e9s de mostrar cierto alivio en diciembre. Tambi\u00e9n super\u00f3 las previsiones del 8.34%, seg\u00fan el Instituto Nacional de Estad\u00edstica y Geograf\u00eda (Inegi).<\/p>\n<p>En la primera quincena de enero, seg\u00fan el instituto, los precios al consumidor subieron un 0.46% frente a la quincena anterior, mientras que el \u00edndice subyacente subi\u00f3 un 0.44%, ambos tambi\u00e9n por encima de las estimaciones del mercado.<\/p>\n<p>Al interior del \u00edndice subyacente, a tasa quincenal, los precios de las mercanc\u00edas subieron un 0.55% y los de servicios un 0.30%. Dentro del \u00edndice no subyacente, los precios de los productos agropecuarios crecieron un 0.35% y los de energ\u00e9ticos y tarifas autorizadas por el Gobierno, un 0.64% a tasa quincenal.<\/p>\n<p>La inflaci\u00f3n anual se mantiene muy por encima de la tasa objetivo del Banco de M\u00e9xico del 3%, m\u00e1s o menos un punto porcentual. En un esfuerzo por controlar el aumento de los precios, el banco central ha incrementado su tasa de inter\u00e9s de referencia en 650 puntos b\u00e1sicos hasta 10.50% durante el actual ciclo de alzas, que comenz\u00f3 en junio de 2021.<\/p>\n<p>Banxico, como se conoce al banco central, est\u00e1 considerando otra subida de tipos de inter\u00e9s en su pr\u00f3xima reuni\u00f3n de pol\u00edtica monetaria prevista para el 9 de febrero.<\/p>\n","protected":false},"excerpt":{"rendered":"<p>Los mexicanos enfrentaron la mayor cuesta de enero en m\u00e1s de 20 a\u00f1os, al acelerarse la inflaci\u00f3n en la primera mitad de enero, de acuerdo con la informaci\u00f3n m\u00e1s reciente divulgada por el Instituto Nacional de Estad\u00edstica y Geograf\u00eda (Inegi).<\/p>\n","protected":false},"author":3,"featured_media":572364,"comment_status":"open","ping_status":"open","sticky":false,"template":"","format":"standard","meta":{"_monsterinsights_skip_tracking":false,"_monsterinsights_sitenote_active":false,"_monsterinsights_sitenote_note":"","_monsterinsights_sitenote_category":0,"footnotes":""},"categories":[8],"tags":[84397,179,43678,193],"class_list":["post-572316","post","type-post","status-publish","format-standard","has-post-thumbnail","hentry","category-finanzas","tag-cuesta","tag-enero","tag-finanzas","tag-inegi"],"_links":{"self":[{"href":"https:\/\/www.diarioimagen.net\/index.php?rest_route=\/wp\/v2\/posts\/572316","targetHints":{"allow":["GET"]}}],"collection":[{"href":"https:\/\/www.diarioimagen.net\/index.php?rest_route=\/wp\/v2\/posts"}],"about":[{"href":"https:\/\/www.diarioimagen.net\/index.php?rest_route=\/wp\/v2\/types\/post"}],"author":[{"embeddable":true,"href":"https:\/\/www.diarioimagen.net\/index.php?rest_route=\/wp\/v2\/users\/3"}],"replies":[{"embeddable":true,"href":"https:\/\/www.diarioimagen.net\/index.php?rest_route=%2Fwp%2Fv2%2Fcomments&post=572316"}],"version-history":[{"count":0,"href":"https:\/\/www.diarioimagen.net\/index.php?rest_route=\/wp\/v2\/posts\/572316\/revisions"}],"wp:featuredmedia":[{"embeddable":true,"href":"https:\/\/www.diarioimagen.net\/index.php?rest_route=\/wp\/v2\/media\/572364"}],"wp:attachment":[{"href":"https:\/\/www.diarioimagen.net\/index.php?rest_route=%2Fwp%2Fv2%2Fmedia&parent=572316"}],"wp:term":[{"taxonomy":"category","embeddable":true,"href":"https:\/\/www.diarioimagen.net\/index.php?rest_route=%2Fwp%2Fv2%2Fcategories&post=572316"},{"taxonomy":"post_tag","embeddable":true,"href":"https:\/\/www.diarioimagen.net\/index.php?rest_route=%2Fwp%2Fv2%2Ftags&post=572316"}],"curies":[{"name":"wp","href":"https:\/\/api.w.org\/{rel}","templated":true}]}}