{"id":572319,"date":"2023-01-25T00:06:47","date_gmt":"2023-01-25T06:06:47","guid":{"rendered":"https:\/\/www.diarioimagen.net\/?p=572319"},"modified":"2023-01-26T02:30:52","modified_gmt":"2023-01-26T08:30:52","slug":"estudiantes-de-uaemex-en-atlacomulco-son-beneficiados-con-renovacion-de-100-equipos-de-computo","status":"publish","type":"post","link":"https:\/\/www.diarioimagen.net\/?p=572319","title":{"rendered":"Estudiantes de UAEM\u00e9x en Atlacomulco son beneficiados con renovaci\u00f3n de 100 equipos de c\u00f3mputo"},"content":{"rendered":"<p><em>\u00a0<\/em><\/p>\n<ul>\n<li><strong><em>Lo anterior, como resultado de las pol\u00edticas de ahorro implementadas por la actual Administraci\u00f3n, durante 2022, anunci\u00f3 el rector Carlos Eduardo Barrera D\u00edaz<\/em><\/strong><\/li>\n<\/ul>\n<p><strong>\u00a0<\/strong><\/p>\n<div id=\"attachment_572373\" style=\"width: 470px\" class=\"wp-caption aligncenter\"><a href=\"https:\/\/www.diarioimagen.net\/?attachment_id=572373\" rel=\"attachment wp-att-572373\"><img loading=\"lazy\" decoding=\"async\" aria-describedby=\"caption-attachment-572373\" class=\"size-full wp-image-572373\" src=\"https:\/\/www.diarioimagen.net\/wp-content\/uploads\/2023\/01\/uaem-estudiantes.jpg\" alt=\"\" width=\"460\" height=\"270\" \/><\/a><p id=\"caption-attachment-572373\" class=\"wp-caption-text\">En el municipio de Atlacomulco, el rector encabez\u00f3 el primer informe de actividades del director del Centro Universitario Atlacomulco, Nephtal\u00ed Romero Navarrete, y entreg\u00f3 un aula en el Edificio \u201cJ\u201d del Plantel \u201cIsidro Fabela Alfaro\u201d de la Escuela Preparatoria.<\/p><\/div>\n<p>&nbsp;<\/p>\n<p><strong>Atlacomulco, Estado de M\u00e9xico.\u2013<\/strong> Como resultado de las pol\u00edticas de ahorro implementadas durante 2022 por la Administraci\u00f3n 2021-2025 de la Universidad Aut\u00f3noma del Estado de M\u00e9xico (UAEM\u00e9x), el rector Carlos Eduardo Barrera D\u00edaz entreg\u00f3 60 computadoras en el Centro Universitario Atlacomulco y 40 en el Plantel \u201cIsidro Fabela Alfaro\u201d de la Escuela Preparatoria, en el marco del Programa de Renovaci\u00f3n de Equipos de C\u00f3mputo.<\/p>\n<p>El rector anunci\u00f3 que como resultado de dichas pol\u00edticas de ahorro tambi\u00e9n se adquirieron m\u00e1s de 400 mil libros electr\u00f3nicos y 100 mil revistas electr\u00f3nicas en diversas \u00e1reas del conocimiento, as\u00ed como material bibliogr\u00e1fico y hemerogr\u00e1fico espec\u00edfico para estudiantes de nivel medio superior.<\/p>\n<p>Al encabezar el primer informe de actividades del director del Centro, Nephtal\u00ed Pierre Romero Navarrete, puntualiz\u00f3 que el modelo educativo de car\u00e1cter inclusivo de la Aut\u00f3noma mexiquense destaca por su estrategia de no dejar a nadie atr\u00e1s, atendiendo las necesidades especiales de todo el estudiantado.<\/p>\n<p>Tambi\u00e9n anunci\u00f3 que se concluy\u00f3 la segunda etapa de la barda perimetral del Centro, con 86 metros lineales, y se coloc\u00f3 malla protectora en la cancha deportiva, acciones que fortalecen la seguridad de la comunidad universitaria.<\/p>\n<p>En el marco de este acto de rendici\u00f3n de cuentas, destac\u00f3 que este plantel obtuvo la acreditaci\u00f3n como Escuela Ambientalmente Responsable, por sus acciones sustentables en beneficio del ambiente como: cambio de cinco mingitorios secos, reducci\u00f3n en el consumo de energ\u00eda el\u00e9ctrica y la reforestaci\u00f3n de m\u00e1s de mil 150 \u00e1rboles.<\/p>\n<p>Por su parte, Nephtal\u00ed Pierre Romero Navarrete inform\u00f3 sobre el incremento de la matr\u00edcula del Centro, que registra mil 500 estudiantes en los seis programas de licenciatura y la Maestr\u00eda en Ciencias de la Computaci\u00f3n.<\/p>\n<p>Cabe destacar que en el Plantel \u201cIsidro Fabela Alfaro\u201d de la Escuela Preparatoria, tambi\u00e9n ubicado en el municipio mexiquense de Atlacomulco, el rector entreg\u00f3 un aula en el Edificio \u201cJ\u201d, as\u00ed como 40 equipos de c\u00f3mputo para beneficio de la comunidad universitaria.<\/p>\n","protected":false},"excerpt":{"rendered":"<p>Como resultado de las pol\u00edticas de ahorro implementadas durante 2022 por la Administraci\u00f3n 2021-2025 de la Universidad Aut\u00f3noma del Estado de M\u00e9xico (UAEM\u00e9x), el rector Carlos Eduardo Barrera D\u00edaz entreg\u00f3 60 computadoras en el Centro Universitario Atlacomulco y 40 en el Plantel \u201cIsidro Fabela Alfaro\u201d de la Escuela Preparatoria, en el marco del Programa de Renovaci\u00f3n de Equipos de C\u00f3mputo.<\/p>\n","protected":false},"author":3,"featured_media":572373,"comment_status":"open","ping_status":"open","sticky":false,"template":"","format":"standard","meta":{"_monsterinsights_skip_tracking":false,"_monsterinsights_sitenote_active":false,"_monsterinsights_sitenote_note":"","_monsterinsights_sitenote_category":0,"footnotes":""},"categories":[5],"tags":[1302,43675,97219],"class_list":["post-572319","post","type-post","status-publish","format-standard","has-post-thumbnail","hentry","category-estado-de-mexico","tag-atlacomulco","tag-estado-de-mexico","tag-programa-de-renovacion-de-equipos-de-computo"],"_links":{"self":[{"href":"https:\/\/www.diarioimagen.net\/index.php?rest_route=\/wp\/v2\/posts\/572319","targetHints":{"allow":["GET"]}}],"collection":[{"href":"https:\/\/www.diarioimagen.net\/index.php?rest_route=\/wp\/v2\/posts"}],"about":[{"href":"https:\/\/www.diarioimagen.net\/index.php?rest_route=\/wp\/v2\/types\/post"}],"author":[{"embeddable":true,"href":"https:\/\/www.diarioimagen.net\/index.php?rest_route=\/wp\/v2\/users\/3"}],"replies":[{"embeddable":true,"href":"https:\/\/www.diarioimagen.net\/index.php?rest_route=%2Fwp%2Fv2%2Fcomments&post=572319"}],"version-history":[{"count":0,"href":"https:\/\/www.diarioimagen.net\/index.php?rest_route=\/wp\/v2\/posts\/572319\/revisions"}],"wp:featuredmedia":[{"embeddable":true,"href":"https:\/\/www.diarioimagen.net\/index.php?rest_route=\/wp\/v2\/media\/572373"}],"wp:attachment":[{"href":"https:\/\/www.diarioimagen.net\/index.php?rest_route=%2Fwp%2Fv2%2Fmedia&parent=572319"}],"wp:term":[{"taxonomy":"category","embeddable":true,"href":"https:\/\/www.diarioimagen.net\/index.php?rest_route=%2Fwp%2Fv2%2Fcategories&post=572319"},{"taxonomy":"post_tag","embeddable":true,"href":"https:\/\/www.diarioimagen.net\/index.php?rest_route=%2Fwp%2Fv2%2Ftags&post=572319"}],"curies":[{"name":"wp","href":"https:\/\/api.w.org\/{rel}","templated":true}]}}