{"id":572324,"date":"2023-01-25T00:02:21","date_gmt":"2023-01-25T06:02:21","guid":{"rendered":"https:\/\/www.diarioimagen.net\/?p=572324"},"modified":"2023-01-25T01:54:33","modified_gmt":"2023-01-25T07:54:33","slug":"apoyan-morenistas-del-estado-de-mexico-a-ebrard-para-la-candidatura-presidencial","status":"publish","type":"post","link":"https:\/\/www.diarioimagen.net\/?p=572324","title":{"rendered":"Apoyan morenistas del Estado de M\u00e9xico\u00a0a Ebrard para la candidatura presidencial"},"content":{"rendered":"<p>&nbsp;<\/p>\n<ul>\n<li><em><strong>Inician proselitismo en favor del canciller<\/strong><\/em><\/li>\n<\/ul>\n<p>&nbsp;<\/p>\n<div id=\"attachment_572395\" style=\"width: 470px\" class=\"wp-caption aligncenter\"><a href=\"https:\/\/www.diarioimagen.net\/?attachment_id=572395\" rel=\"attachment wp-att-572395\"><img loading=\"lazy\" decoding=\"async\" aria-describedby=\"caption-attachment-572395\" class=\"size-full wp-image-572395\" src=\"https:\/\/www.diarioimagen.net\/wp-content\/uploads\/2023\/01\/apoyan-morenistas.jpg\" alt=\"\" width=\"460\" height=\"270\" \/><\/a><p id=\"caption-attachment-572395\" class=\"wp-caption-text\">Morenistas, encabezados por el Senador, Jos\u00e9 Ram\u00f3n Enriquez, anunciaron que iniciaron los trabajos en favor del canciller, Marcelo Ebrad, para lograr ganar la encuesta del proceso interno de Morena rumbo a la sandidatura presidencial de 2024.<\/p><\/div>\n<p>&nbsp;<\/p>\n<p><strong>Toluca, Estado de M\u00e9xico.\u2014<\/strong> Militantes de Morena, encabezados por el Senador, Jos\u00e9 Ram\u00f3n Enriquez, anunciaron que ya comenzaron los trabajos en favor del canciller, Marcelo Ebrad, para lograr ganar la encuesta del proceso interno de Morena rumbo a la candidatura presidencial del 2024.<\/p>\n<p>En conferencia de prensa, los \u201cmarcelistas\u201d como se hacen llamar, se\u00f1alaron que su prioridad en el Estado de M\u00e9xico es lograr que la militancia morenita, apoye a Marcelo Ebrad en las dos encuestas que se realizar\u00e1n en los.meses de agosto y noviembre para nombrar al que podr\u00eda ser su candidato rumbo a Presidencia de la Rep\u00fablica en el 2024, dando a entender que no apoyar\u00e1n al 100 por ciento el proyecto de Delfina G\u00f3mez.<\/p>\n<p>Al ser cuestionados por diversos medios de comunicaci\u00f3n de si los \u201cmarcelistas\u201d apoyar\u00edan a la precandidata a la gubernatura del Estado de M\u00e9xico por Morena, Deflina G\u00f3mez, y ganar la elecci\u00f3n este 2023, los militantes y representantes se\u00f1alaron que si ir\u00e1n con Delfina pero que su \u201cprioridad\u201d es lograr que Marcelo Ebrad gane las encuestas y que la militancia no s\u00f3lo del Edomex sino del pa\u00eds apoye al canciller, al asegurar que el es la mejor opci\u00f3n para seguir los trabajos de transformaci\u00f3n del pa\u00eds.<\/p>\n","protected":false},"excerpt":{"rendered":"<p>Militantes de Morena, encabezados por el Senador, Jos\u00e9 Ram\u00f3n Enriquez, anunciaron que ya comenzaron los trabajos en favor del canciller, Marcelo Ebrad, para lograr ganar la encuesta del proceso interno de Morena rumbo a la candidatura presidencial del 2024.<\/p>\n","protected":false},"author":3,"featured_media":572395,"comment_status":"open","ping_status":"open","sticky":false,"template":"","format":"standard","meta":{"_monsterinsights_skip_tracking":false,"_monsterinsights_sitenote_active":false,"_monsterinsights_sitenote_note":"","_monsterinsights_sitenote_category":0,"footnotes":""},"categories":[5],"tags":[2701,43675,7350,95046,452],"class_list":["post-572324","post","type-post","status-publish","format-standard","has-post-thumbnail","hentry","category-estado-de-mexico","tag-apoyo","tag-estado-de-mexico","tag-marcelo-ebrard-casaubon","tag-morenistas","tag-toluca"],"_links":{"self":[{"href":"https:\/\/www.diarioimagen.net\/index.php?rest_route=\/wp\/v2\/posts\/572324","targetHints":{"allow":["GET"]}}],"collection":[{"href":"https:\/\/www.diarioimagen.net\/index.php?rest_route=\/wp\/v2\/posts"}],"about":[{"href":"https:\/\/www.diarioimagen.net\/index.php?rest_route=\/wp\/v2\/types\/post"}],"author":[{"embeddable":true,"href":"https:\/\/www.diarioimagen.net\/index.php?rest_route=\/wp\/v2\/users\/3"}],"replies":[{"embeddable":true,"href":"https:\/\/www.diarioimagen.net\/index.php?rest_route=%2Fwp%2Fv2%2Fcomments&post=572324"}],"version-history":[{"count":0,"href":"https:\/\/www.diarioimagen.net\/index.php?rest_route=\/wp\/v2\/posts\/572324\/revisions"}],"wp:featuredmedia":[{"embeddable":true,"href":"https:\/\/www.diarioimagen.net\/index.php?rest_route=\/wp\/v2\/media\/572395"}],"wp:attachment":[{"href":"https:\/\/www.diarioimagen.net\/index.php?rest_route=%2Fwp%2Fv2%2Fmedia&parent=572324"}],"wp:term":[{"taxonomy":"category","embeddable":true,"href":"https:\/\/www.diarioimagen.net\/index.php?rest_route=%2Fwp%2Fv2%2Fcategories&post=572324"},{"taxonomy":"post_tag","embeddable":true,"href":"https:\/\/www.diarioimagen.net\/index.php?rest_route=%2Fwp%2Fv2%2Ftags&post=572324"}],"curies":[{"name":"wp","href":"https:\/\/api.w.org\/{rel}","templated":true}]}}