{"id":572360,"date":"2023-01-25T00:00:34","date_gmt":"2023-01-25T06:00:34","guid":{"rendered":"https:\/\/www.diarioimagen.net\/?p=572360"},"modified":"2023-01-25T00:58:53","modified_gmt":"2023-01-25T06:58:53","slug":"registra-mexico-108-candidaturas-para-obtener-y-o-renovar-distintivos-blue-flag","status":"publish","type":"post","link":"https:\/\/www.diarioimagen.net\/?p=572360","title":{"rendered":"Registra M\u00e9xico 108 candidaturas para obtener y\/o renovar distintivos Blue Flag"},"content":{"rendered":"<h2>Hora 14<\/h2>\n<h5>Mauricio Conde Olivares<\/h5>\n<p>&nbsp;<\/p>\n<p>La presidenta municipal de Benito Ju\u00e1rez, Ana Patricia Peralta tom\u00f3 protesta a la nueva mesa directiva del Patronato de Bomberos, cuya finalidad es fortalecer a los elementos para que con base en los principios de transparencia, honestidad, filantrop\u00eda y corresponsabilidad, laboren en mejores condiciones para brindar servicios oportunos ante cualquier contingencia a la ciudadan\u00eda.<\/p>\n<p>\u201cCuando digo que Canc\u00fan nos une, es porque somos un solo equipo y a todos nos corresponde construir una mejor versi\u00f3n de nuestra ciudad, y eso empieza por fortalecer nuestras instituciones; cuentan conmigo en este prop\u00f3sito, porque tener un cuerpo de bomberos capacitado y equipado es una prioridad para m\u00ed y para todo el Ayuntamiento\u201d, asegur\u00f3 la Primera Autoridad Municipal en el marco de la integraci\u00f3n del Patronato de Bomberos de Benito Ju\u00e1rez.<\/p>\n<p>Reconoci\u00f3 que el a\u00f1o pasado, los 175 elementos brindaron 9 mil servicios, entre los que destacan auxilios de incendios, desastres naturales, rescate de personas o animales, fugas o cualquier emergencia, a lo que agradeci\u00f3 por salvaguardar las vidas de las y los cancunenses.<\/p>\n<p>Posteriormente, bajo protesta de hacer cumplir los derechos de los bomberos, estatutos y lineamientos inmersos en el acta constitutiva, el Patronato de Bomberos qued\u00f3 integrado por la Presidenta, Sandra Marie Schmidt Schimmel; el Secretario, Alma Rosa Guaida Calva; el Tesorero, Fabiola Z\u00e1rate Guaida y los Vocales, Denisse Aceves Pineda, Mar\u00eda de los \u00c1ngeles Muro F\u00e9lix, Daniel Quijano Ocegueda y Luis Thomas Hurtado Morris.<\/p>\n<p>Es importante recordar que, el primer Patronato de Bomberos Canc\u00fan, se constituy\u00f3 el 01 de junio de 1998 que se mantuvo activo durante tres a\u00f1os; adem\u00e1s el 25 de junio de 2015, se integr\u00f3 la Asociaci\u00f3n Civil Bomberos Quintana Roo, por periodo de tres a\u00f1os consecutivos, donde se alcanzaron grandes logros.<\/p>\n<p>Este evento realizado en el Teatro \u201c08 de Octubre\u201d e integrado por representantes del sector p\u00fablico, privado y social, tuvo la presencia del s\u00edndico Pablo Guti\u00e9rrez Fern\u00e1ndez; el secretario general del Ayuntamiento, Jorge Aguilar Osorio y el director general del Heroico Cuerpo de Bomberos, Arturo Sosa Mu\u00f1oz.<\/p>\n<p>Ahora le comento la falta de congruencia de los taxistas de Canc\u00fan, sobre todo aquellos beneficiados de los sitios de taxis en espacios de la zona hotelera, que por una parte est\u00e1n ubicados en predios propiedad de los centros de hospedaje y por otra, en su mayor\u00eda, mantienen soterrada colusi\u00f3n con el narcotr\u00e1fico, quienes de manera irresponsable ante la llegada legal de Uber han tomado de reh\u00e9n a la ciudad.<\/p>\n<p>Por eso, el gobierno del Estado ha dicho que privilegiar\u00e1 el dialogo y escuchar\u00e1 a todas las voces garantizando la paz y la tranquilidad.<\/p>\n<p>La secretaria de Gobierno, Cristina Torres indic\u00f3 que no se permitir\u00e1 se vulnere la tranquilidad ni que se colapsen las v\u00edas de comunicaci\u00f3n.<\/p>\n<p>\u201cEl Gobierno del Estado y el Grupo de Coordinaci\u00f3n del Ayuntamiento respetamos la libre manifestaci\u00f3n de las y los ciudadanos de Quintana Roo, siempre que \u00e9ste no vulnere ni lastime los derechos de terceros\u201d afirm\u00f3 en conferencia de prensa, acompa\u00f1ada de representantes de la Mesa de Seguridad, Ej\u00e9rcito, Marina, Guardia Nacional, Fiscal\u00eda General del Estado, Polic\u00eda Quintana Roo, entre otros como la Presidenta Municipal de Benito Ju\u00e1rez, Ana Patricia Peralta.<\/p>\n<p>En las instalaciones del C5, con la presencia de los integrantes de la Mesa de Seguridad, apunt\u00f3: \u201cescuchamos absolutamente a todos los grupos, pero bajo ninguna circunstancia vamos a permitir ni que se vulneren la paz y la tranquilidad, ni que se colapsen las v\u00edas de comunicaci\u00f3n en un estado que es la ventana de M\u00e9xico al mundo\u201d.<\/p>\n<p>La secretaria Torres G\u00f3mez puntualiz\u00f3 que las autoridades est\u00e1n buscando los canales y el marco normativo en un mercado que brinda oportunidades para todos, con 30 millones de turistas que llegan cada a\u00f1o.<\/p>\n<p>Dej\u00f3 en claro que se mantendr\u00e1 el di\u00e1logo para cuidar el destino del que viven millones de ciudadanos de bien.<\/p>\n<p>En otro orden de ideas, le comento que el secretario de Turismo del Gobierno de M\u00e9xico, Miguel Torruco Marqu\u00e9s, dio a conocer que para la temporada 2023-2024, nuestro pa\u00eds tiene inscritas 108 candidaturas de renovaci\u00f3n y obtenci\u00f3n del Distintivo Blue Flag en playas, marinas y embarcaciones de turismo sostenible de 9 estados y 16 municipios.<\/p>\n<p>Al encabezar la Primera Reuni\u00f3n del Jurado Nacional Blue Flag M\u00e9xico para la temporada 2023-2024, el titular de la Secretar\u00eda de Turismo (Sectur) indic\u00f3 que de las candidaturas inscritas, 64 playas, 2 marinas y 31 embarcaciones de turismo sostenible son para renovaci\u00f3n del Distintivo, y se recibieron 11 candidaturas nuevas de 9 playas y 2 embarcaciones de turismo sostenible.<\/p>\n<p>Destac\u00f3 que la certificaci\u00f3n representa un valor agregado para cualquier prestador de servicios, sitios o destinos tur\u00edsticos, favoreciendo su imagen ante los visitantes, por esta raz\u00f3n se promueven programas como Blue Flag, que crea conciencia en turistas y habitantes sobre la relevancia de los ecosistemas y, particularmente, los sistemas costeros.<\/p>\n<p>\u201cPor tal raz\u00f3n, la Secretar\u00eda de Turismo reconoce la importante labor que realiza la Foundation for Environmental Education M\u00e9xico (FEE), a trav\u00e9s de este programa, que permite desarrollar procesos de evaluaci\u00f3n de cumplimiento ambiental\u201d, declar\u00f3.<\/p>\n<p>Torruco Marqu\u00e9s subray\u00f3 que el Distintivo Blue Flag, otorgado a playas, marinas y embarcaciones de turismo sostenible, requiere de una adecuada sinergia entre autoridades de gobierno, usuarios, organizaciones de la sociedad civil y prestadores de servicios, a fin de construir una nueva cultura sustentable en nuestro pa\u00eds.<\/p>\n<p>Puntualiz\u00f3 que M\u00e9xico es un referente internacional en el n\u00famero de sitios Blue Flag, situ\u00e1ndose en el primer lugar en el continente americano y en la posici\u00f3n 11 en el mundo; mientras que, en cuanto a embarcaciones tur\u00edsticas sostenibles certificadas, nuestro pa\u00eds se ubica en la primera posici\u00f3n a nivel global.<\/p>\n<p>\u201cCada acci\u00f3n conjunta con Blue Flag, est\u00e1 alineada con las directrices establecidas en el Programa Sectorial de Turismo y el Plan Nacional de Desarrollo, en los cuales la sostenibilidad tiene un lugar preponderante. Mi reconocimiento a las autoridades de los tres \u00f3rdenes de gobierno, asociaciones y actores del sector privado involucrados en esta importante tarea de conservaci\u00f3n de playas y marinas\u201d, agreg\u00f3.<\/p>\n<p>El secretario de Turismo resalt\u00f3 que nuestro pa\u00eds es vasto en recursos naturales, como son sus 137 millones de hect\u00e1reas de bosques y selvas, casi 776 mil hect\u00e1reas de manglares, 185 \u00c1reas Naturales Protegidas y poco m\u00e1s de 15 mil kil\u00f3metros de costas, que albergan playas de belleza incomparable.<\/p>\n<p>En ese sentido, asegur\u00f3 que las playas de M\u00e9xico atraen la mirada de numerosos turistas nacionales y extranjeros, convirti\u00e9ndose en un importante motivador de viaje, por lo que es imperativo buscar su preservaci\u00f3n, cuidado y protecci\u00f3n bajo una visi\u00f3n responsable y sostenible.<\/p>\n<p>\u201cEl entorno y el medio ambiente en que opera el turismo se ha transformado, y es necesario garantizar que la actividad tur\u00edstica est\u00e9 en posici\u00f3n de continuar siendo viable y exitosa\u201d, se\u00f1al\u00f3.<\/p>\n<p>El titular de Sectur precis\u00f3 que la instauraci\u00f3n del Jurado Nacional Blue Flag M\u00e9xico para la temporada 2023-2024, contribuir\u00e1 al proceso de reactivaci\u00f3n del sector tur\u00edstico de nuestro pa\u00eds, que cada vez se muestra m\u00e1s fortalecido y con un horizonte prometedor.<\/p>\n<p>Por su parte, Joaqu\u00edn D\u00edaz R\u00edos, director ejecutivo de FEE M\u00e9xico, reconoci\u00f3 el trabajo coordinado que sensibiliza la importancia del cuidado del activo ambiental de M\u00e9xico, al presentar estas s\u00f3lidas candidaturas.<\/p>\n<p>Coment\u00f3 que el programa Blue Flag ha crecido de manera sostenida, lo que permite crear y desarrollar fortalezas que hacen a los destinos ser m\u00e1s competitivos a nivel mundial. Destac\u00f3 que M\u00e9xico es ejemplo en esta materia, al compartir con Argentina, Chile y Estados Unidos, el conocimiento de c\u00f3mo operan las Banderas Blue Flag en M\u00e9xico.<\/p>\n<p>En la Primera Reuni\u00f3n del Jurado Nacional Blue Flag M\u00e9xico para la temporada 2023-2024, participaron entre otros, el subsecretario de Turismo, Humberto Hern\u00e1ndez Haddad; el director general de Certificaci\u00f3n Tur\u00edstica de Sectur, Jos\u00e9 Zeind Dom\u00ednguez; la directora general de Zona Federal Mar\u00edtimo Terrestre y Ambientes Costeros de Semarnat, Mar\u00eda de los \u00c1ngeles Cauich Garc\u00eda; y el director ejecutivo de Evidencias y Manejo de Riesgos de la Cofepris, Juan Le\u00f3n Ojeda. Adem\u00e1s del presidente del Centro Mexicano de Derecho Ambiental, Gustavo Alan\u00eds Ortega; la presidenta de Libre Acceso A.C., Laura Lizbeth Bermejo Molina; y el consejero de Concanaco Servytur, Jorge Espinoza en representaci\u00f3n de su presidente Jos\u00e9 H\u00e9ctor Tejada Shaar; empero, lo anterior ser\u00e1 motivo de otro an\u00e1lisis en posterior entrega de <strong><em>Hora 14<\/em><\/strong>.<\/p>\n<p><em><a href=\"mailto:%20mauricio_conde@msn.com\" target=\"_blank\" rel=\"noopener noreferrer\">mauricioconde59@outlook.com<\/a><\/em><br \/>\n<em>Twitter: <a href=\"https:\/\/twitter.com\/mauconde\" target=\"_blank\" rel=\"noopener\">@mauconde<\/a><\/em><\/p>\n","protected":false},"excerpt":{"rendered":"<p><span style=\"color: #005497;\"><strong>Mauricio Conde Olivares<\/strong><\/span><\/p>\n","protected":false},"author":3,"featured_media":0,"comment_status":"open","ping_status":"open","sticky":false,"template":"","format":"standard","meta":{"_monsterinsights_skip_tracking":false,"_monsterinsights_sitenote_active":false,"_monsterinsights_sitenote_note":"","_monsterinsights_sitenote_category":0,"footnotes":""},"categories":[35889],"tags":[43712,43674,44860],"class_list":["post-572360","post","type-post","status-publish","format-standard","hentry","category-mauricio-conde-olivares","tag-mauricio-conde-olivares","tag-opinion","tag-hora-14"],"_links":{"self":[{"href":"https:\/\/www.diarioimagen.net\/index.php?rest_route=\/wp\/v2\/posts\/572360","targetHints":{"allow":["GET"]}}],"collection":[{"href":"https:\/\/www.diarioimagen.net\/index.php?rest_route=\/wp\/v2\/posts"}],"about":[{"href":"https:\/\/www.diarioimagen.net\/index.php?rest_route=\/wp\/v2\/types\/post"}],"author":[{"embeddable":true,"href":"https:\/\/www.diarioimagen.net\/index.php?rest_route=\/wp\/v2\/users\/3"}],"replies":[{"embeddable":true,"href":"https:\/\/www.diarioimagen.net\/index.php?rest_route=%2Fwp%2Fv2%2Fcomments&post=572360"}],"version-history":[{"count":0,"href":"https:\/\/www.diarioimagen.net\/index.php?rest_route=\/wp\/v2\/posts\/572360\/revisions"}],"wp:attachment":[{"href":"https:\/\/www.diarioimagen.net\/index.php?rest_route=%2Fwp%2Fv2%2Fmedia&parent=572360"}],"wp:term":[{"taxonomy":"category","embeddable":true,"href":"https:\/\/www.diarioimagen.net\/index.php?rest_route=%2Fwp%2Fv2%2Fcategories&post=572360"},{"taxonomy":"post_tag","embeddable":true,"href":"https:\/\/www.diarioimagen.net\/index.php?rest_route=%2Fwp%2Fv2%2Ftags&post=572360"}],"curies":[{"name":"wp","href":"https:\/\/api.w.org\/{rel}","templated":true}]}}