{"id":572422,"date":"2023-01-25T00:02:24","date_gmt":"2023-01-25T06:02:24","guid":{"rendered":"https:\/\/www.diarioimagen.net\/?p=572422"},"modified":"2023-01-25T02:06:17","modified_gmt":"2023-01-25T08:06:17","slug":"con-la-consigna-mi-voto-no-se-toca-ciudadania-se-manifestara-vs-plan-b","status":"publish","type":"post","link":"https:\/\/www.diarioimagen.net\/?p=572422","title":{"rendered":"Con la consigna, \u201cMi voto no se toca\u201d, ciudadan\u00eda se manifestar\u00e1 vs \u201cplan B\u201d"},"content":{"rendered":"<h2>La Retaguardia<\/h2>\n<h5>Adriana Moreno Cordero<\/h5>\n<p>&nbsp;<\/p>\n<ul>\n<li><strong><em>La pobreza franciscana, s\u00f3lo para atacar a \u00f3rganos aut\u00f3nomos<\/em><\/strong><\/li>\n<\/ul>\n<p>&nbsp;<\/p>\n<p>Hoy ser\u00e1 presentado un muy importante documento ante el Consejo General del Instituto Nacional Electoral, (INE), en el que de nueva cuenta se subraya que el tristemente famoso \u201cplan \u201cB\u201d de la Reforma Electoral del presidente <strong>Andr\u00e9s Manuel L\u00f3pez Obrador<\/strong>, pone en severo riesgo las\u00a0 elecciones de 2024, porque el inquilino de Palacio Nacional est\u00e1 verdaderamente obsesionado en reducir los recursos destinados al INE y \u2014seg\u00fan \u00e9l\u2014 ahorrarlos.<\/p>\n<p>Con eso de que desde hace meses estableci\u00f3 su famoso discurso de la \u201cpobreza franciscana\u201d, mismo que -dicho sea de paso- los flamantes integrantes de su gabinete, distan mucho de haber seguido; al contrario, el despilfarro no tan debajo de la mesa es el que\u00a0 permea en el partido oficial, sobre todo, ahora que estamos en la cuenta regresiva de la carrera presidencial en Morena.<\/p>\n<p>Han pasado poco m\u00e1s de seis meses desde que el tabasque\u00f1o, dir\u00edase que \u201cdecret\u00f3\u201d que su r\u00e9gimen pasaba de la austeridad a la \u201cpobreza franciscana\u201d y sin embargo, ya ha quedado m\u00e1s que demostrado que esa medida que era un mayor adelgazamiento de la burocracia, aunque como ya se se\u00f1al\u00f3, no la siguen los lopezobradoristas a pie juntillas, ha terminado por debilitar a la administraci\u00f3n p\u00fablica, aparte, desde luego, la ineficacia e incapacidad que han demostrado los miembros del actual gabinete, pero adem\u00e1s, desde que el de Tepetit\u00e1n la anunci\u00f3, especialistas coincidieron en se\u00f1alar que esta retr\u00f3grada medida iba con dedicatoria a mermar a los \u00f3rganos aut\u00f3nomos.<\/p>\n<p>En aquella ocasi\u00f3n, L\u00f3pez Obrador se\u00f1al\u00f3 que los ahorros los canalizar\u00eda a los m\u00e1s pobres, eterna bandera de su discurso, pero ahora bien podr\u00eda traducirse en que el Presidente, al iniciar con la carrera presidencial, tambi\u00e9n busca la compra del voto y que su errada y llamada Cuarta Transformaci\u00f3n se preserve.<\/p>\n<p>El problema es que el inquilino de Palacio Nacional no toma en cuenta que M\u00e9xico est\u00e1 sumido en la inflaci\u00f3n, gracias en buena parte a sus \u201cbuenos oficios\u201d, lo que de nueva cuenta sube los precios de los productos b\u00e1sicos y eso afecta precisamente a los m\u00e1s pobres, as\u00ed que \u00bfel voto le costar\u00e1 m\u00e1s caro a L\u00f3pez Obrador?<\/p>\n<p>No es la primera vez que el INE advierte que la reducci\u00f3n de personal y de los recursos, van dirigidos desde Palacio Nacional para vulnerar\u00a0 su autonom\u00eda e independencia. En este sentido, no hay que soslayar el llamado que hiciera por las \u201cex benditas redes sociales\u201d, -del que ya se dio cuenta-, el consejero <strong>Ciro Murayama<\/strong> en el que encendi\u00f3 los \u201cfocos rojos\u201d respecto a que esta errada y llamada Cuarta Transformaci\u00f3n pretende apropiarse de la informaci\u00f3n personal de toda la ciudadan\u00eda, traslad\u00e1ndola del INE a dependencias gubernamentales como la Secretar\u00eda de Gobernaci\u00f3n.<\/p>\n<p>Finalmente, lo que le causar\u00e1 un nuevo coraje a L\u00f3pez Obrador, ser\u00e1 la marcha propuesta para el 26 de febrero por diversas organizaciones civiles con la consigna, \u201cMi voto no se toca\u201d, por\u00a0 lo que ahora la pregunta es: \u00bfQu\u00e9 se inventar\u00e1 esta vez el inquilino de Palacio Nacional para organizar un evento de contramarcha?, \u00bfser\u00e1 acaso un en\u00e9simo informe, o hacerse de nuevo el m\u00e1rtir como acostumbra?<\/p>\n<p style=\"text-align: center;\"><strong>Municiones<\/strong><\/p>\n<p>*** Y hablando del INE, la Comisi\u00f3n de Quejas y Denuncias del Instituto, resolvi\u00f3 dos medidas cautelares, una por la probable realizaci\u00f3n de actos anticipados de campa\u00f1a, uso indebido de recursos p\u00fablicos y promoci\u00f3n personalizada y la segunda, por probable uso indebido de la pauta y violaci\u00f3n al principio de equidad en la contienda\u00a0del Proceso Electoral Local 2023 del Estado de M\u00e9xico. A juicio del INE, la carta que el presidente nacional de Morena envi\u00f3 a 12 gobernadores emanados de ese partido, podr\u00eda constituir actos anticipados de campa\u00f1a y la injerencia de personas servidoras p\u00fablicas. Como se recordar\u00e1, el PAN y el PRD denunciaron la utilizaci\u00f3n indebida de recursos p\u00fablicos y la vulneraci\u00f3n al principio de imparcialidad, atribuible ni m\u00e1s ni menos que al secretario de Gobernaci\u00f3n, <strong>Ad\u00e1n Augusto L\u00f3pez Hern\u00e1ndez<\/strong>; a Morena e incluso al propio Delgado Carrillo, derivado de la reuni\u00f3n en las oficinas de la Secretar\u00eda de Gobernaci\u00f3n a la que acudieron las gobernadores morenistas y la flamante jefa de Gobierno de la Ciudad de M\u00e9xico, Claudia Sheinbaum, en la que de plano, las oficinas de la Segob se convirtieron ya en la casa de campa\u00f1a de las \u201ccorcholatas\u201d presidenciales porque como se recordar\u00e1, Mario Delgado les tir\u00f3 l\u00ednea directa de Palacio Nacional, al exigirles que realicen actos anticipados de campa\u00f1a y tomen partida en el proceso federal, ayudando a su partido para generar una ventaja indebida, lo que podr\u00eda constituir un uso indebido de recursos p\u00fablicos.<\/p>\n<p>*** Pero otra de las funciones del secretario de Gobernaci\u00f3n, es proteger a los gobernadores consentidos de Palacio Nacional. Tal es el caso del flamante <strong>Cuitl\u00e1huac Garc\u00eda<\/strong>, de Veracruz que, para variar no hizo nada luego de que una familia fuera asesinada en carreteras de ese estado. Ad\u00e1n Augusto L\u00f3pez pidi\u00f3 a los representantes de los medios,\u00a0 no hacer alegor\u00eda del delito.<\/p>\n<p>*** Y el \u00fanico que est\u00e1 muy tranquilo ante el jaloneo que se traen en Morena por Coahuila, es el candidato de ese partido al gobierno del estado, <strong>Armando Guadiana<\/strong>, quien \u201cni suda ni se acongoja\u201d y as\u00ed como ha acudido a partidos de futbol americano de la NFL de la postemporada, ahora se prepara para el pr\u00f3ximo 12 de febrero asistir al S\u00faper Bowl, \u201csiempre voy, pues qu\u00e9 hago, me tengo que sacrificar\u201d. Pero para que los seguidores del senador Guadiana Tijerina no deber\u00e1n preocuparse pues les dejar\u00e1 unas botargas para que los entretengan y no lo extra\u00f1en. \u00a1Qu\u00e9 tal!<\/p>\n<p>*** El gobernador de Oaxaca, <strong>Salom\u00f3n Jara<\/strong>, intervino en el caso de Mar\u00eda Elena R\u00edos, quien fue agredida con \u00e1cido por el entonces diputado priista <strong>Juan Antonio Vega Carrizal<\/strong>, quien fue acusado de feminicidio por la saxofonista e inform\u00f3 que contin\u00faa en prisi\u00f3n, a pesar de que el juez <strong>Te\u00f3dulo Pacheco<\/strong> fue quien proporcion\u00f3 arraigo domiciliario a Vega Carrizal, en un caso que ha estado plagado de corrupci\u00f3n y favoritismo. El gobernador Jara dice que esta acci\u00f3n se trat\u00f3 de un error, ya que no hay las condiciones m\u00ednimas para que el exdiputado priista permanezca en su domicilio \u201cel lugar no guarda la m\u00ednima garant\u00eda de seguridad\u201d, asever\u00f3 el mandatario estatal\u00a0 y le prometi\u00f3 protecci\u00f3n a Elena R\u00edos, quien ha vivido una verdadera pesadilla, pero su lucha ha servido de ejemplo a otras mujeres que son v\u00edctima de agresi\u00f3n. En una entrevista concedida a un diario espa\u00f1ol, la saxofonista declar\u00f3 que le gustar\u00eda a veces dormir para no despertar, lo que es perfectamente explicable por el temor que tiene de que Vega Carrizal vuelva a intentar atacarla, m\u00e1s a\u00fan porque el tiempo pasa y el agresor contin\u00faa sin recibir condena.<\/p>\n<p><u><a href=\"mailto:morcora@gmail.com\" target=\"_blank\" rel=\"noopener noreferrer\"><em>morcora@gmail.com<\/em><\/a><\/u><\/p>\n","protected":false},"excerpt":{"rendered":"<p><span style=\"color: #005497;\"><strong>Adriana Moreno Cordero<\/strong><\/span><\/p>\n","protected":false},"author":3,"featured_media":0,"comment_status":"open","ping_status":"open","sticky":false,"template":"","format":"standard","meta":{"_monsterinsights_skip_tracking":false,"_monsterinsights_sitenote_active":false,"_monsterinsights_sitenote_note":"","_monsterinsights_sitenote_category":0,"footnotes":""},"categories":[69370],"tags":[69369,69368,43674],"class_list":["post-572422","post","type-post","status-publish","format-standard","hentry","category-adriana-moreno-cordero","tag-adriana-moreno-cordero","tag-la-retaguardia","tag-opinion"],"_links":{"self":[{"href":"https:\/\/www.diarioimagen.net\/index.php?rest_route=\/wp\/v2\/posts\/572422","targetHints":{"allow":["GET"]}}],"collection":[{"href":"https:\/\/www.diarioimagen.net\/index.php?rest_route=\/wp\/v2\/posts"}],"about":[{"href":"https:\/\/www.diarioimagen.net\/index.php?rest_route=\/wp\/v2\/types\/post"}],"author":[{"embeddable":true,"href":"https:\/\/www.diarioimagen.net\/index.php?rest_route=\/wp\/v2\/users\/3"}],"replies":[{"embeddable":true,"href":"https:\/\/www.diarioimagen.net\/index.php?rest_route=%2Fwp%2Fv2%2Fcomments&post=572422"}],"version-history":[{"count":0,"href":"https:\/\/www.diarioimagen.net\/index.php?rest_route=\/wp\/v2\/posts\/572422\/revisions"}],"wp:attachment":[{"href":"https:\/\/www.diarioimagen.net\/index.php?rest_route=%2Fwp%2Fv2%2Fmedia&parent=572422"}],"wp:term":[{"taxonomy":"category","embeddable":true,"href":"https:\/\/www.diarioimagen.net\/index.php?rest_route=%2Fwp%2Fv2%2Fcategories&post=572422"},{"taxonomy":"post_tag","embeddable":true,"href":"https:\/\/www.diarioimagen.net\/index.php?rest_route=%2Fwp%2Fv2%2Ftags&post=572422"}],"curies":[{"name":"wp","href":"https:\/\/api.w.org\/{rel}","templated":true}]}}