{"id":572461,"date":"2023-01-26T00:04:05","date_gmt":"2023-01-26T06:04:05","guid":{"rendered":"https:\/\/www.diarioimagen.net\/?p=572461"},"modified":"2023-01-27T00:24:45","modified_gmt":"2023-01-27T06:24:45","slug":"entrega-la-uaemex-infraestructura-academica-y-deportiva-en-los-uribe","status":"publish","type":"post","link":"https:\/\/www.diarioimagen.net\/?p=572461","title":{"rendered":"Entrega la UAEM\u00e9x infraestructura acad\u00e9mica y deportiva en \u201cLos Uribe\u201d"},"content":{"rendered":"<p><em>\u00a0<\/em><\/p>\n<ul>\n<li><strong><em>El rector de la Aut\u00f3noma mexiquense, Carlos Eduardo Barrera D\u00edaz, entreg\u00f3 en la unidad 60 equipos de c\u00f3mputo, una cancha de f\u00fatbol r\u00e1pido y rehabilitaci\u00f3n de infraestructura acad\u00e9mica<\/em><\/strong><\/li>\n<\/ul>\n<p><strong>\u00a0<\/strong><\/p>\n<div id=\"attachment_572499\" style=\"width: 470px\" class=\"wp-caption aligncenter\"><a href=\"https:\/\/www.diarioimagen.net\/?attachment_id=572499\" rel=\"attachment wp-att-572499\"><img loading=\"lazy\" decoding=\"async\" aria-describedby=\"caption-attachment-572499\" class=\"size-full wp-image-572499\" src=\"https:\/\/www.diarioimagen.net\/wp-content\/uploads\/2023\/01\/uaem-entrega.jpg\" alt=\"\" width=\"460\" height=\"270\" \/><\/a><p id=\"caption-attachment-572499\" class=\"wp-caption-text\">Carlos Eduardo Barrera D\u00edaz, rector de la UAEM\u00e9x, afirm\u00f3 que un ant\u00eddoto contra la delincuencia y las adicciones es la educaci\u00f3n y el deporte.<\/p><\/div>\n<p>&nbsp;<\/p>\n<p><strong>Toluca, Estado de M\u00e9xico.\u2013<\/strong> En beneficio de cinco mil 500 estudiantes de licenciatura y posgrado de la Facultad de Contadur\u00eda y Administraci\u00f3n Unidad \u201cLos Uribe\u201d de la Universidad Aut\u00f3noma del Estado de M\u00e9xico (UAEM\u00e9x), el rector Carlos Eduardo Barrera D\u00edaz entreg\u00f3 infraestructura acad\u00e9mica y deportiva.<\/p>\n<p>Acompa\u00f1ado del director de este espacio acad\u00e9mico, Juan Carlos Montes de Oca L\u00f3pez, y la secretaria de Administraci\u00f3n de la UAEM\u00e9x, Er\u00e9ndira Fierro Moreno, el rector inaugur\u00f3 la nueva cancha de f\u00fatbol r\u00e1pido para el desarrollo de actividades f\u00edsicas y recreativas.<\/p>\n<p>Asimismo, y con el prop\u00f3sito de dignificar la estancia del alumnado en este espacio acad\u00e9mico, hizo entrega de la rehabilitaci\u00f3n y ampliaci\u00f3n de cubierta de andadores y remodelaci\u00f3n de sanitarios de los edificios A y D, as\u00ed como el remozamiento de muebles sanitarios en el Edificio \u201cC\u201d.<\/p>\n<p>\u201cEstoy convencido que el mejor ant\u00eddoto contra la delincuencia, contra las adicciones y los malos h\u00e1bitos son el deporte y, por supuesto, la educaci\u00f3n de calidad que impartimos aqu\u00ed, en la Universidad\u201d, afirm\u00f3.<\/p>\n<p>En tanto, como parte del Programa Renovaci\u00f3n de Equipos de C\u00f3mputo, este espacio acad\u00e9mico recibi\u00f3 60 computadoras de alta tecnolog\u00eda, con lo que suman 100 equipos entregados para toda la Facultad, que tiene sede en la Unidad \u201cLos Uribe\u201d y Ciudad Universitaria.<\/p>\n<p>Al respecto, la secretaria de Administraci\u00f3n de la UAEM\u00e9x, Er\u00e9ndira Fierro Moreno, refiri\u00f3 que los recursos para el Programa de Renovaci\u00f3n de Equipos de C\u00f3mputo son resultado de las pol\u00edticas de ahorro que esta casa de estudios implement\u00f3 durante 2022.<\/p>\n<p>En su oportunidad, el director de la Facultad de Contadur\u00eda y Administraci\u00f3n, Juan Carlos Montes de Oca L\u00f3pez, agradeci\u00f3 el apoyo y el compromiso cumplido de la Administraci\u00f3n Universitaria 2021-20125 para la mejora de este espacio, en el marco de su 40 aniversario.<\/p>\n","protected":false},"excerpt":{"rendered":"<p>En beneficio de cinco mil 500 estudiantes de licenciatura y posgrado de la Facultad de Contadur\u00eda y Administraci\u00f3n Unidad \u201cLos Uribe\u201d de la Universidad Aut\u00f3noma del Estado de M\u00e9xico (UAEM\u00e9x), el rector Carlos Eduardo Barrera D\u00edaz entreg\u00f3 infraestructura acad\u00e9mica y deportiva.<\/p>\n","protected":false},"author":3,"featured_media":572499,"comment_status":"open","ping_status":"open","sticky":false,"template":"","format":"standard","meta":{"_monsterinsights_skip_tracking":false,"_monsterinsights_sitenote_active":false,"_monsterinsights_sitenote_note":"","_monsterinsights_sitenote_category":0,"footnotes":""},"categories":[5],"tags":[43675,97224,452],"class_list":["post-572461","post","type-post","status-publish","format-standard","has-post-thumbnail","hentry","category-estado-de-mexico","tag-estado-de-mexico","tag-los-uribe","tag-toluca"],"_links":{"self":[{"href":"https:\/\/www.diarioimagen.net\/index.php?rest_route=\/wp\/v2\/posts\/572461","targetHints":{"allow":["GET"]}}],"collection":[{"href":"https:\/\/www.diarioimagen.net\/index.php?rest_route=\/wp\/v2\/posts"}],"about":[{"href":"https:\/\/www.diarioimagen.net\/index.php?rest_route=\/wp\/v2\/types\/post"}],"author":[{"embeddable":true,"href":"https:\/\/www.diarioimagen.net\/index.php?rest_route=\/wp\/v2\/users\/3"}],"replies":[{"embeddable":true,"href":"https:\/\/www.diarioimagen.net\/index.php?rest_route=%2Fwp%2Fv2%2Fcomments&post=572461"}],"version-history":[{"count":0,"href":"https:\/\/www.diarioimagen.net\/index.php?rest_route=\/wp\/v2\/posts\/572461\/revisions"}],"wp:featuredmedia":[{"embeddable":true,"href":"https:\/\/www.diarioimagen.net\/index.php?rest_route=\/wp\/v2\/media\/572499"}],"wp:attachment":[{"href":"https:\/\/www.diarioimagen.net\/index.php?rest_route=%2Fwp%2Fv2%2Fmedia&parent=572461"}],"wp:term":[{"taxonomy":"category","embeddable":true,"href":"https:\/\/www.diarioimagen.net\/index.php?rest_route=%2Fwp%2Fv2%2Fcategories&post=572461"},{"taxonomy":"post_tag","embeddable":true,"href":"https:\/\/www.diarioimagen.net\/index.php?rest_route=%2Fwp%2Fv2%2Ftags&post=572461"}],"curies":[{"name":"wp","href":"https:\/\/api.w.org\/{rel}","templated":true}]}}