{"id":572484,"date":"2023-01-26T00:01:09","date_gmt":"2023-01-26T06:01:09","guid":{"rendered":"https:\/\/www.diarioimagen.net\/?p=572484"},"modified":"2023-01-26T02:35:30","modified_gmt":"2023-01-26T08:35:30","slug":"la-defensa-nacional-vigilara-con-drones-el-tramo-2-del-tren-maya","status":"publish","type":"post","link":"https:\/\/www.diarioimagen.net\/?p=572484","title":{"rendered":"La Defensa Nacional vigilar\u00e1 con drones el Tramo 2 del Tren Maya"},"content":{"rendered":"<p>&nbsp;<\/p>\n<h3 style=\"text-align: center;\">Tambi\u00e9n utilizar\u00e1 helic\u00f3pteros<\/h3>\n<p>&nbsp;<\/p>\n<ul>\n<li><strong><em>Militares dar\u00e1n mayor seguridad a los pasajeros, a su paso por Campeche<\/em><\/strong><\/li>\n<\/ul>\n<p><strong>\u00a0<\/strong><\/p>\n<div id=\"attachment_572506\" style=\"width: 470px\" class=\"wp-caption aligncenter\"><a href=\"https:\/\/www.diarioimagen.net\/?attachment_id=572506\" rel=\"attachment wp-att-572506\"><img loading=\"lazy\" decoding=\"async\" aria-describedby=\"caption-attachment-572506\" class=\"size-full wp-image-572506\" src=\"https:\/\/www.diarioimagen.net\/wp-content\/uploads\/2023\/01\/TREN01-9.jpg\" alt=\"\" width=\"460\" height=\"270\" \/><\/a><p id=\"caption-attachment-572506\" class=\"wp-caption-text\">Los 243 kil\u00f3metros que comprende el Tramo 2 del Tren Maya ser\u00e1n vigilados no solo con helic\u00f3pteros, sino con drones.<\/p><\/div>\n<p>&nbsp;<\/p>\n<p>A decir del general Luis Cresencio Sandoval, secretario de la Defensa Nacional, los 243 kil\u00f3metros que comprende el Tramo 2 del Tren Maya ser\u00e1n vigilados no s\u00f3lo con helic\u00f3pteros, sino con drones, a fin de brindar seguridad a los pasajeros.<\/p>\n<p>El funcionario federal explic\u00f3 que a trav\u00e9s de batallones de la Guardia Nacional se ofrecer\u00e1n diversos tipos de seguridad, desde la operacional, con el monitoreo de comunicaciones, se\u00f1alizaci\u00f3n hasta la f\u00edsica, con el despliegue de los militares a lo largo del trazo del megaproyecto federal.<\/p>\n<p>\u201cSobre la seguridad en el Tramo 2, se llevar\u00e1 a cabo a trav\u00e9s de los tipos de seguridad, la operacional, con todos los sistemas de se\u00f1alizaci\u00f3n, monitoreo, comunicaciones, centro de control y la f\u00edsica, a trav\u00e9s de la presencia de la Guardia Nacional que estar\u00e1 en las instalaciones, se construir\u00e1n las yuxtapuestas a instalaciones ferroviarias y tur\u00edsticas, van a proporcionar seguridad a las zonas arqueol\u00f3gicas, a las estaciones, paraderos, hoteles, aeropuertos, todo lo que es este tipo de instalaciones\u201d, dijo.<\/p>\n<p>Asimismo, destac\u00f3 que \u201ca trav\u00e9s de patrullamientos en las v\u00edas, establecimiento de destacamentos y tambi\u00e9n a bordo del tren. En este Tramo 2 estar\u00e1n desplegados 375 elementos de la Guardia Nacional para proporcionar esta seguridad, apoyados con los helic\u00f3pteros Augusta que estar\u00e1n en el \u00e1rea y tambi\u00e9n a trav\u00e9s de drones para garantizar la seguridad a los usuarios de este sistema\u201d.<\/p>\n<p>En total, para la vigilancia de los 1,554 kil\u00f3metros del Tren Maya ser\u00e1n desplegados alrededor de 5 mil agentes de la Guardia Nacional, tal y como se inform\u00f3 la semana pasada, adem\u00e1s, a las labores de seguridad se agregar\u00edan cuatro helic\u00f3pteros Agusta Westeland, que fueron comprados en la administraci\u00f3n pasada.<\/p>\n<p>Ser\u00e1n un total de seis aeronaves marca AgustaWestland, modelo AW109 SP, que la Secretar\u00eda de la Defensa Nacional (Sedena) adquiri\u00f3 hace 10 a\u00f1os como parte de un programa que renovar\u00eda la flota de helic\u00f3pteros, que ahora servir\u00e1n para la seguridad del Tren Maya.<\/p>\n<p style=\"text-align: center;\"><strong>Promover\u00e1n Tulum con realidad virtual<\/strong><\/p>\n<p>La delegaci\u00f3n de promoci\u00f3n tur\u00edstica de Tulum\u00a0present\u00f3 en la Fitur su plan para implementar la mayor tecnolog\u00eda con realidad virtual\u00a0para que los potenciales turistas y empresarios conozcan las bellezas naturales de este destino tur\u00edstico.<\/p>\n<p>El director de Turismo de Tulum, Jorge Mario Molina, explic\u00f3 que esta estrategia, incorpora la comunicaci\u00f3n \u201ca trav\u00e9s del metaverso\u201d por primera vez \u201cSe trata de una idea lograda por el alcalde Marciano Dzul Caamal, quien le apuesta a la innovaci\u00f3n tecnol\u00f3gica. Tulum present\u00f3 en esta edici\u00f3n de la Fitur una experiencia \u201cinmersiva\u201d que transporta a viajeros potenciales, interesados en la regi\u00f3n del caribe maya, a recorrer lo mucho que ofrece Tulum, usando visores\u201d, asever\u00f3. El funcionario agreg\u00f3 que \u201cNuestra estrategia incorpora ahora esta nueva tecnolog\u00eda que fue muy bien aceptada en Fitur, para que las nuevas generaciones de viajeros decidan viajar a Tulum\u201d.<\/p>\n<p>Se trata de un entorno virtual emergente en algunos pa\u00edses de latinoam\u00e9rica, pero no en ciudades como Madrid y pa\u00edses como Estados Unidos, o algunos de Europa y Asia que interesan al sector tur\u00edstico. \u201cEstamos adoptando la tecnolog\u00eda que predominar\u00e1 en los pr\u00f3ximos diez a\u00f1os, en toda una nueva generaci\u00f3n, para transmitir y compartir tambi\u00e9n all\u00ed la esencia, belleza y grandeza de la cultura maya, para que juntos volvamos al origen\u201d, concluy\u00f3.<\/p>\n","protected":false},"excerpt":{"rendered":"<p>A decir del general Luis Cresencio Sandoval, secretario de la Defensa Nacional, los 243 kil\u00f3metros que comprende el Tramo 2 del Tren Maya ser\u00e1n vigilados no s\u00f3lo con helic\u00f3pteros, sino con drones, a fin de brindar seguridad a los pasajeros.<\/p>\n","protected":false},"author":3,"featured_media":572506,"comment_status":"open","ping_status":"open","sticky":false,"template":"","format":"standard","meta":{"_monsterinsights_skip_tracking":false,"_monsterinsights_sitenote_active":false,"_monsterinsights_sitenote_note":"","_monsterinsights_sitenote_category":0,"footnotes":""},"categories":[7],"tags":[28140,43677,76415],"class_list":["post-572484","post","type-post","status-publish","format-standard","has-post-thumbnail","hentry","category-seguridad","tag-drones","tag-seguridad","tag-tren-maya"],"_links":{"self":[{"href":"https:\/\/www.diarioimagen.net\/index.php?rest_route=\/wp\/v2\/posts\/572484","targetHints":{"allow":["GET"]}}],"collection":[{"href":"https:\/\/www.diarioimagen.net\/index.php?rest_route=\/wp\/v2\/posts"}],"about":[{"href":"https:\/\/www.diarioimagen.net\/index.php?rest_route=\/wp\/v2\/types\/post"}],"author":[{"embeddable":true,"href":"https:\/\/www.diarioimagen.net\/index.php?rest_route=\/wp\/v2\/users\/3"}],"replies":[{"embeddable":true,"href":"https:\/\/www.diarioimagen.net\/index.php?rest_route=%2Fwp%2Fv2%2Fcomments&post=572484"}],"version-history":[{"count":0,"href":"https:\/\/www.diarioimagen.net\/index.php?rest_route=\/wp\/v2\/posts\/572484\/revisions"}],"wp:featuredmedia":[{"embeddable":true,"href":"https:\/\/www.diarioimagen.net\/index.php?rest_route=\/wp\/v2\/media\/572506"}],"wp:attachment":[{"href":"https:\/\/www.diarioimagen.net\/index.php?rest_route=%2Fwp%2Fv2%2Fmedia&parent=572484"}],"wp:term":[{"taxonomy":"category","embeddable":true,"href":"https:\/\/www.diarioimagen.net\/index.php?rest_route=%2Fwp%2Fv2%2Fcategories&post=572484"},{"taxonomy":"post_tag","embeddable":true,"href":"https:\/\/www.diarioimagen.net\/index.php?rest_route=%2Fwp%2Fv2%2Ftags&post=572484"}],"curies":[{"name":"wp","href":"https:\/\/api.w.org\/{rel}","templated":true}]}}