{"id":572487,"date":"2023-01-26T00:01:33","date_gmt":"2023-01-26T06:01:33","guid":{"rendered":"https:\/\/www.diarioimagen.net\/?p=572487"},"modified":"2023-01-27T02:03:17","modified_gmt":"2023-01-27T08:03:17","slug":"lopez-obrador-minimiza-el-conflicto-entre-taxistas-y-uber-en-quintana-roo","status":"publish","type":"post","link":"https:\/\/www.diarioimagen.net\/?p=572487","title":{"rendered":"L\u00f3pez Obrador minimiza el conflicto entre taxistas y Uber en Quintana Roo"},"content":{"rendered":"<p>&nbsp;<\/p>\n<h3 style=\"text-align: center;\">M\u00e1s denuncias en Canc\u00fan por parte de usuarios<\/h3>\n<p>&nbsp;<\/p>\n<ul>\n<li><strong><em>Dice el Presidente que se trata de una campa\u00f1a con tintes pol\u00edticos<\/em><\/strong><\/li>\n<\/ul>\n<p><strong>\u00a0<\/strong><\/p>\n<div id=\"attachment_572516\" style=\"width: 470px\" class=\"wp-caption aligncenter\"><a href=\"https:\/\/www.diarioimagen.net\/?attachment_id=572516\" rel=\"attachment wp-att-572516\"><img loading=\"lazy\" decoding=\"async\" aria-describedby=\"caption-attachment-572516\" class=\"size-full wp-image-572516\" src=\"https:\/\/www.diarioimagen.net\/wp-content\/uploads\/2023\/01\/TAXISTAS01.jpg\" alt=\"\" width=\"460\" height=\"270\" \/><\/a><p id=\"caption-attachment-572516\" class=\"wp-caption-text\">Andr\u00e9s Manuel L\u00f3pez Obrador descart\u00f3 que el problema entre taxistas y Uber en Canc\u00fan no vaya a ser resuelto.<\/p><\/div>\n<p>&nbsp;<\/p>\n<p><strong>Canc\u00fan.\u2014<\/strong>\u00a0 Si bien el conflicto entre taxistas y conductores de la plataforma Uber es para la mayor\u00eda de los ciudadanos en Canc\u00fan un asunto que ha escalado considerablemente en el \u00faltimo mes, ayer, el presidente Andr\u00e9s Manuel L\u00f3pez Obrador descart\u00f3 que el problema no vaya a ser resuelto e incluso, asegur\u00f3 que se trataba de una campa\u00f1a exagerada con tintes pol\u00edticos.<\/p>\n<p>Mientras tanto, son incontables las denuncias por parte de ciudadanos, turistas y de los propios conductores de Uber, quienes han sido v\u00edctimas de amenazas, golpes y extorsiones, en el marco de su esfuerzo por entrar a laborar en la entidad.<\/p>\n<p>Durante su conferencia ma\u00f1anera, el presidente L\u00f3pez Obrador asegur\u00f3 que la gobernadora Mara Lezama, ya est\u00e1 atendiendo el asunto, asegurando que los pasajeros que llegan al estado pueden salir del aeropuerto e ingresar sin ning\u00fan problema, esto tras los cierres de vialidades ocurridos esta semana, provocados por las manifestaciones taxistas.<\/p>\n<p>\u201cElla (Mara Lezama) inform\u00f3 que est\u00e1n atendiendo este problema que hubo en efecto un paro de medio d\u00eda, 3, 4 horas, y que aun cuando haya esta confrontaci\u00f3n, se garantiza que los turistas y los que utilizan el aeropuerto, puedan entrar y salir. Es lo que ella nos inform\u00f3 el d\u00eda de ayer (martes)\u201d, declar\u00f3 el Presidente.<\/p>\n<p>Asimismo, neg\u00f3 que el problema sea creciente, debido a la atenci\u00f3n que el Gobierno del Estado de Quintana Roo se encuentra dando a las partes involucradas, principalmente a los taxistas, quienes se niegan a la operaci\u00f3n de la plataforma de transporte \u201cNo creo (que escalen las acciones) no tiene por qu\u00e9 haber problema\u201d, sentenci\u00f3.<\/p>\n<p>Del mismo modo, puntualiz\u00f3 que se est\u00e1 haciendo propaganda con los videos de los taxistas protagonizando actos violentos y dijo que est\u00e1n exagerando el tema, \u201cse est\u00e1 exagerando un poquito, debido a los videos que se han difundido en redes sociales\u201d entre esos, uno donde una mujer extrajera qued\u00f3 en medio de una agresi\u00f3n, mientras viajaba con menores de edad en un Uber.<\/p>\n<p>Hay que recordar que, a principios de esta semana, el consulado de Estados Unidos emiti\u00f3 una alerta de seguridad a sus ciudadanos que se encuentran en Quintana Roo, debido a los hechos violentos que se han suscitado entre taxistas y Uber. Y les recomend\u00f3 extremar precauciones en caso de utilizar este tipo de transporte.<\/p>\n<p>La advertencia del consulado estadounidense, se dio despu\u00e9s de la creciente ola de ataques por parte de taxistas en contra de trabajadores y usuarios de Uber y Cabify, desde la semana pasada, lo cual no ha tenido un freno, seg\u00fan testimonios de los afectados a trav\u00e9s de las redes sociales.<\/p>\n<p style=\"text-align: center;\"><strong>Concesiones, en proceso de revocaci\u00f3n\u00a0<\/strong><\/p>\n<p>Mientras tanto, la presidenta municipal de Benito Ju\u00e1rez (Canc\u00fan), Ana Patricia Peralta, afirma que, tras los hechos ocurridos en las \u00faltimas semanas, ya se encuentra en proceso la revocaci\u00f3n de algunas concesiones de socios del Sindicato de Taxistas Andr\u00e9s Quintana Roo, no obstante, no dijo de cuantos veh\u00edculos se trataba.<\/p>\n<p>\u201cYa est\u00e1n los procesos de algunas revocaciones de concesi\u00f3n, claro que s\u00ed. Y se est\u00e1 trabajando muy de la mano. No queremos dar un n\u00famero en espec\u00edfico, porque luego entorpece las investigaciones\u201d, asegur\u00f3 en entrevista para diversos medios de comunicaci\u00f3n locales.<\/p>\n<p>Agreg\u00f3 que las investigaciones no las realiza el Instituto de Movilidad del Estado de Quintana Roo (Imoveqroo), sino la Fiscal\u00eda General del Estado, esto a fin de garantizar que todos los involucrados en acciones ilegales, van a tener una consecuencia por sus actos. \u201cLas investigaciones se est\u00e1n llevando a cabo por parte de la fiscal\u00eda, ayer lo coment\u00f3 tambi\u00e9n el fiscal. Entonces s\u00ed hay una investigaci\u00f3n que se est\u00e1 llevando a cabo\u201d, asegur\u00f3, posteriormente, destac\u00f3 que el di\u00e1logo con los taxistas \u201csiempre ha estado abierto\u201d.<\/p>\n<p>Con estas acciones, la alcaldesa se\u00f1al\u00f3, que se puede asegurar que no volver\u00e1 a ocurrir un bloqueo como el sufrido en la Zona Hotelera de Canc\u00fan esta semana, mismo que caus\u00f3 afectaciones, no solo a la movilidad de locales y turistas, sino a la actividad comercial de muchos empresarios, cuyos negocios est\u00e1n localizados en la zona.<\/p>\n<p>\u201cEsto segura que no se dar\u00e1 ning\u00fan tipo de estas situaciones, porque sabemos que nos afecta a todos, y tambi\u00e9n a ellos (los taxistas)\u201d, dijo.<\/p>\n<p>Sobre las adecuaciones a la ley de movilidad, necesarias para el ingreso en un marco legal de Uber a la entidad, destac\u00f3 que las autoridades estatales ya tienen en su poder el dictamen emitido por los jueces federales, sobre el amparo ahora \u201cSolo falta que los diputados hagan las adecuaciones correspondientes, porque el servicio de Uber tiene que entrar en un proceso de regularizaci\u00f3n\u201d, finaliz\u00f3.<\/p>\n<p style=\"text-align: center;\"><strong>Descartan bloqueos en Playa<\/strong><\/p>\n<p>Por otro lado, el secretario general del Sindicato de Taxistas L\u00e1zaro C\u00e1rdenas del R\u00edo, en Playa del Carmen, descart\u00f3 que tengan entre sus planes realizar bloqueos carreteros con el fin de sumarse a la exigencia de que la empresa de transporte privado Uber no opere en la entidad.<\/p>\n<p>Luis Herrera Quian asegura que los ciudadanos son \u201clos menos culpables\u2019\u201d de este problema, por lo que asegur\u00f3 \u201ceste sindicato no comparte esas formas\u201d, dijo, en referencia al bloqueo que llevaron a cabo varios taxistas en los dos accesos a la zona hotelera de Canc\u00fan, esta semana.<\/p>\n<p>\u201cNo est\u00e1 en nuestros planes. Estamos seguros que esa no es la v\u00eda para resolver nuestros problemas que hoy aquejan al transporte p\u00fablico del estado, y en consecuencia no lo haremos. Definitivamente, creo que los menos culpables en esta situaci\u00f3n es la sociedad. No son las formas\u201d, insisti\u00f3.<\/p>\n<p>No obstante, si se dijo confiado de que las autoridades correspondientes tomen las medidas necesarias para evitar que conductores de Uber operen, sin estar regulados, pues su preocupaci\u00f3n es que no haya igualdad de condiciones en esta competencia por los pasajeros en el estado.<\/p>\n<p>\u201cInsisto, no estamos de acuerdo. No compartimos las cuestiones que los taxistas llegaron a hacer ayer [en Canc\u00fan]. No las vamos a repetir aqu\u00ed en Solidaridad, pero tambi\u00e9n esperamos que las autoridades hagan los que les toca para impedir que estas unidades [de Uber] operen de manera irregular\u201d, enfatiz\u00f3.<\/p>\n<p>Sobre el video que fue publicado en redes sociales, donde se capta a varios taxistas de este sindicato acorralando y amenazando a un conductor, dejando a dos personas en el hotel Vidanta, Herrera Quian declar\u00f3 que no ha visto el testimonio y que se encuentra al margen del incidente, y justific\u00f3 diciendo que \u201cel tema del pirataje es un tema a\u00f1ejo, que no surgi\u00f3 con el amparo federal. Desde luego que esto no justifica que se le cierre la circulaci\u00f3n a nadie. Vamos a analizar y revisar (los videos), si hay quejas de los interesados, si hay una denuncia dentro de los \u00f3rganos competentes, y si es as\u00ed, tomaremos las acciones necesarias\u201d, concluy\u00f3.<\/p>\n","protected":false},"excerpt":{"rendered":"<p>Si bien el conflicto entre taxistas y conductores de la plataforma Uber es para la mayor\u00eda de los ciudadanos en Canc\u00fan un asunto que ha escalado considerablemente en el \u00faltimo mes, ayer, el presidente Andr\u00e9s Manuel L\u00f3pez Obrador descart\u00f3 que el problema no vaya a ser resuelto e incluso, asegur\u00f3 que se trataba de una campa\u00f1a exagerada con tintes pol\u00edticos.<\/p>\n","protected":false},"author":3,"featured_media":572516,"comment_status":"open","ping_status":"open","sticky":false,"template":"","format":"standard","meta":{"_monsterinsights_skip_tracking":false,"_monsterinsights_sitenote_active":false,"_monsterinsights_sitenote_note":"","_monsterinsights_sitenote_category":0,"footnotes":""},"categories":[3],"tags":[2545,16174,54503,40733],"class_list":["post-572487","post","type-post","status-publish","format-standard","has-post-thumbnail","hentry","category-nacional","tag-amlo","tag-conflicto","tag-intereses","tag-uber"],"_links":{"self":[{"href":"https:\/\/www.diarioimagen.net\/index.php?rest_route=\/wp\/v2\/posts\/572487","targetHints":{"allow":["GET"]}}],"collection":[{"href":"https:\/\/www.diarioimagen.net\/index.php?rest_route=\/wp\/v2\/posts"}],"about":[{"href":"https:\/\/www.diarioimagen.net\/index.php?rest_route=\/wp\/v2\/types\/post"}],"author":[{"embeddable":true,"href":"https:\/\/www.diarioimagen.net\/index.php?rest_route=\/wp\/v2\/users\/3"}],"replies":[{"embeddable":true,"href":"https:\/\/www.diarioimagen.net\/index.php?rest_route=%2Fwp%2Fv2%2Fcomments&post=572487"}],"version-history":[{"count":0,"href":"https:\/\/www.diarioimagen.net\/index.php?rest_route=\/wp\/v2\/posts\/572487\/revisions"}],"wp:featuredmedia":[{"embeddable":true,"href":"https:\/\/www.diarioimagen.net\/index.php?rest_route=\/wp\/v2\/media\/572516"}],"wp:attachment":[{"href":"https:\/\/www.diarioimagen.net\/index.php?rest_route=%2Fwp%2Fv2%2Fmedia&parent=572487"}],"wp:term":[{"taxonomy":"category","embeddable":true,"href":"https:\/\/www.diarioimagen.net\/index.php?rest_route=%2Fwp%2Fv2%2Fcategories&post=572487"},{"taxonomy":"post_tag","embeddable":true,"href":"https:\/\/www.diarioimagen.net\/index.php?rest_route=%2Fwp%2Fv2%2Ftags&post=572487"}],"curies":[{"name":"wp","href":"https:\/\/api.w.org\/{rel}","templated":true}]}}