{"id":572526,"date":"2023-01-26T00:02:58","date_gmt":"2023-01-26T06:02:58","guid":{"rendered":"https:\/\/www.diarioimagen.net\/?p=572526"},"modified":"2023-01-26T03:20:55","modified_gmt":"2023-01-26T09:20:55","slug":"a-rosario-piedra-ibarra-le-dicta-los-discursos-lopez-obrador","status":"publish","type":"post","link":"https:\/\/www.diarioimagen.net\/?p=572526","title":{"rendered":"A Rosario Piedra Ibarra le dicta los discursos L\u00f3pez Obrador"},"content":{"rendered":"<h2>La Retaguardia<\/h2>\n<h5>Adriana Moreno Cordero<\/h5>\n<p>&nbsp;<\/p>\n<ul>\n<li><strong><em>Marcelo Ebrard se crey\u00f3 aquello de que el Presidente se la debe<\/em><\/strong><\/li>\n<\/ul>\n<p>&nbsp;<\/p>\n<p>Hasta la cabeza le duele a la flamante presidenta de la Comisi\u00f3n Nacional de Derechos Humanos, <strong>Rosario Piedra Ibarra<\/strong>, cada vez que se tiene que presentar ante los legisladores, porque los morenistas poco la defienden mientras que los de la oposici\u00f3n arremeten duro y directo en contra de ella.<\/p>\n<p>De cualquier manera, la se\u00f1ora Piedra hubo de enfrentar su destino, pese a los tantos sinsabores que ha pasado ante el Legislativo, empezando por su accidentada toma de posesi\u00f3n. Pues ayer, tuvo los arrestos de decir que la CNDH no ser\u00e1 utilizada como pretexto para \u201cbatallas personales o partidistas\u201d.<\/p>\n<p>\u00bfQu\u00e9 acaso no recuerda Piedra Ibarra que en sus funciones s\u00f3lo se ha limitado a reaccionar exclusivamente a las \u00f3rdenes del presidente <strong>Andr\u00e9s Manuel L\u00f3pez Obrador<\/strong>?, \u00bfno fue la titular de dicha Comisi\u00f3n la que \u201cmeti\u00f3 su cuchara\u201d manifest\u00e1ndose a favor de la reforma electoral lopezobradorista?<\/p>\n<p>A lo mejor ya se la olvid\u00f3 a Piedra Ibarra que la senadora panista\u00a0<strong>Kenia L\u00f3pez Rabad\u00e1n,<\/strong>\u00a0solicit\u00f3 juicio pol\u00edtico<strong>\u00a0<\/strong>en su contra por, sin que sus atribuciones se lo permitan, elegir a dos personas simpatizantes de Morena para<strong>\u00a0<\/strong>conformar el Comit\u00e9 T\u00e9cnico<strong>\u00a0<\/strong>que incidir\u00e1 en la elecci\u00f3n de 4 consejeros del<strong>\u00a0INE.<\/strong><\/p>\n<p>No es novedad, pero vale la pena recordarlo; la flamante titular de la CNDH responde a las \u00f3rdenes de Palacio Nacional y el Presidente hasta los discursos y presentaciones le dicta. Cuesti\u00f3n de revisar lo que plante\u00f3 esta vez a los legisladores sobre su propuesta entregada a la C\u00e1mara de Diputados de una iniciativa de reforma a dicha Comisi\u00f3n \u201cpara elevarla a rango de defensor\u00eda del pueblo superando el esquema neoliberal que heredamos y apelando a lo mejor de nuestra tradici\u00f3n\u00a0humanista\u201d. Este \u00faltimo t\u00e9rmino, el humanista, es uno de los m\u00e1s utilizados en Palacio Nacional, as\u00ed como aquello de que la CNDH se volver\u00e1 una \u201cprocuradur\u00eda de los pobres\u201d, pero \u00bfpara cu\u00e1ndo ser\u00e1 esa utop\u00eda?<\/p>\n<p>Desde ahorita se puede advertir que nada de lo anterior ocurrir\u00e1 porque se trata s\u00f3lo de palabras huecas que lo m\u00e1s probable es que la se\u00f1ora Piedra no entienda, as\u00ed que la CNDH seguir\u00e1 naufragando, pasiva pero eso s\u00ed, manifest\u00e1ndose siempre a favor de esta errada y llamada Cuarta Transformaci\u00f3n.<\/p>\n<p>Por otra parte, el secretario de Relaciones Exteriores, Marcelo Ebrard, siente que va \u201cen caballo de hacienda\u201d en la carrera por el 2024, raz\u00f3n por la cual no quiere el menor \u201cnegrito en el arroz\u201d, sin embargo, ayer manifest\u00f3 cierta molestia por las quejas que la oposici\u00f3n ha presentado ante el INE por presuntos actos anticipados de campa\u00f1a.<\/p>\n<p>Bueno, la que definitivamente gana en ese terreno, es la flamante jefa de Gobierno de la Ciudad de M\u00e9xico, <strong>Claudia Sheinbaum<\/strong>, pero tambi\u00e9n el canciller ha recibido p\u00fablicos apoyos y ya trabaja desde hace tiempos con sus comit\u00e9s de apoyo. Algo que dijo el titular de la SRE, es digno de llamar la atenci\u00f3n: \u201cNunca he tenido temor a nada, si no, no estar\u00eda aqu\u00ed\u201d. Esto lo respondi\u00f3 a pregunta expresa, pero \u00bfacaso deber\u00eda de sentir temor por el \u201cfuego amigo\u201d que en todas direcciones surge desde Morena?, el canciller no tendr\u00eda por qu\u00e9 ser la excepci\u00f3n y conforme la carrera presidencial avanza, los ataques ser\u00e1n m\u00e1s y m\u00e1s duros y cruentos.<\/p>\n<p>Quiz\u00e1s, Ebrard Casaubon se crey\u00f3 aquello de que L\u00f3pez Obrador se la debe y ahora la buena pol\u00edtica dictar\u00eda que el tabasque\u00f1o tendr\u00eda que dejar pasar al secretario, aun por las preferencias que pueda tener por su secretario de Gobernaci\u00f3n, Ad\u00e1n Augusto L\u00f3pez y por su vapuleada \u201ccorcholata\u201d consentida, Claudia Sheinbaum.<\/p>\n<p>Y hablando de la carrera presidencial, alguien deber\u00eda de recordarle al presidente L\u00f3pez Obrador por en\u00e9sima vez, que \u00e9l no tiene el monopolio de las marchas y manifestaciones y menos a\u00fan, puede coartar la libertad de expresi\u00f3n, pero es que luego pega cada coraje.<\/p>\n<p>Ayer, en su gustad\u00edsimo \u201cstand-up\u201d ma\u00f1anero, visiblemente molesto reaccion\u00f3 ante el anuncio de que habr\u00e1 una nueva marcha ahora con la consigna: \u201cMi voto no se toca\u201d. \u201cYa chole\u201d, dijo con ese tan caracter\u00edstico y pueblerino estilo que tiene e intent\u00f3 girar sus apreciables instrucciones para que la oposici\u00f3n se retracte de organizar esta movilizaci\u00f3n y por eso se invent\u00f3 aquello de que la referida marcha, bien podr\u00eda ser de los \u201cconservadores\u201d para defender ni m\u00e1s ni menos que a <strong>Genaro Garc\u00eda Luna<\/strong> y demand\u00f3 que sus detractores \u201cse quiten la m\u00e1scara\u201d.<\/p>\n<p>El primero que deber\u00eda de hacer lo que sugiere, es el propio inquilino de Palacio Nacional, cuyo gobierno ha estado sostenido con los alfileres de las mentiras y las promesas. Adem\u00e1s, independientemente de que Garc\u00eda Luna est\u00e9 siendo juzgado en Estados Unidos por su turbio pasado, del que todos coinciden, es culpable, y como medida de precauci\u00f3n, el ex presidente <strong>Felipe Calder\u00f3n<\/strong>, dir\u00edase que se refugi\u00f3 en Espa\u00f1a, por lo que pueda suceder con este juicio que amenaza con embarrar a m\u00e1s de uno, es un hecho que L\u00f3pez Obrador utiliza este caso que lo tiene verdaderamente obsesionado, como un distractor.<\/p>\n<p>Pero es una verdadera l\u00e1stima porque dicho juicio en contra de quien fuera el hombre fuerte de Felipe Calder\u00f3n, se suspendi\u00f3 para reanudarse hasta el pr\u00f3ximo lunes, as\u00ed que eso de los reportes diarios que el Presidente presentar\u00eda en su gustad\u00edsima ma\u00f1anera, ya se le cayeron. Y ahora, \u00bfqu\u00e9 va a hacer el tabasque\u00f1o?<\/p>\n<p style=\"text-align: center;\"><strong>Municiones<\/strong><\/p>\n<p>*** Ya podr\u00e1 sentirse muy contento L\u00f3pez Obrador\u00a0 porque directamente de la embajada de Rusia en M\u00e9xico, le hicieron llegar un reconocimiento por rechazar el env\u00edo de tanques alemanes Leopard 2 a Ucrania. Espec\u00edficamente, la embajada rusa se\u00f1al\u00f3: \u201cAgradecemos a L\u00f3pez Obrador por su posici\u00f3n abierta y clara sobre el suministro de\u00a0<strong>tanques alemanes<\/strong>\u00a0al territorio de Ucrania. Esperamos que nadie tenga dudas de que actualmente hay un choque directo entre el Occidente libre y Rusia\u2026\u00a0 Usted sabe lo que va a pasar con estos tanques\u201d.<\/p>\n<p>*** Y por lo visto, el tabasque\u00f1o estar\u00eda tratando de congraciarse con <strong>Ovidio Guzm\u00e1n<\/strong> y aprovecha lo que los especialistas hab\u00eda pronosticado, que como a quien tambi\u00e9n llaman \u201cEl Rat\u00f3n\u201d no est\u00e1 acusado de nada en nuestro pa\u00eds, se vendr\u00eda una cadena de amparos para evitar ser extraditado a Estados Unidos. Y ya gan\u00f3 una suspensi\u00f3n definitiva y tal parece que podr\u00edan pasar a\u00f1os para ser extraditado, as\u00ed que autoridades del vecino pa\u00eds del norte que lo requieren por acusaciones de tr\u00e1fico internacional de droga, ya que se pueden ir sentando, porque se van a cansar. \u00bfSer\u00e1? Ahora s\u00f3lo faltar\u00eda que el Presidente le concediera a Joaqu\u00edn \u201cEl Chapo\u201d Guzm\u00e1n que sea tra\u00eddo a un penal de M\u00e9xico para que pueda estar m\u00e1s cerca de su hijo.<\/p>\n<p><u><a href=\"mailto:morcora@gmail.com\" target=\"_blank\" rel=\"noopener noreferrer\"><em>morcora@gmail.com<\/em><\/a><\/u><\/p>\n","protected":false},"excerpt":{"rendered":"<p><span style=\"color: #005497;\"><strong>Adriana Moreno Cordero<\/strong><\/span><\/p>\n","protected":false},"author":3,"featured_media":0,"comment_status":"open","ping_status":"open","sticky":false,"template":"","format":"standard","meta":{"_monsterinsights_skip_tracking":false,"_monsterinsights_sitenote_active":false,"_monsterinsights_sitenote_note":"","_monsterinsights_sitenote_category":0,"footnotes":""},"categories":[69370],"tags":[69369,69368,43674],"class_list":["post-572526","post","type-post","status-publish","format-standard","hentry","category-adriana-moreno-cordero","tag-adriana-moreno-cordero","tag-la-retaguardia","tag-opinion"],"_links":{"self":[{"href":"https:\/\/www.diarioimagen.net\/index.php?rest_route=\/wp\/v2\/posts\/572526","targetHints":{"allow":["GET"]}}],"collection":[{"href":"https:\/\/www.diarioimagen.net\/index.php?rest_route=\/wp\/v2\/posts"}],"about":[{"href":"https:\/\/www.diarioimagen.net\/index.php?rest_route=\/wp\/v2\/types\/post"}],"author":[{"embeddable":true,"href":"https:\/\/www.diarioimagen.net\/index.php?rest_route=\/wp\/v2\/users\/3"}],"replies":[{"embeddable":true,"href":"https:\/\/www.diarioimagen.net\/index.php?rest_route=%2Fwp%2Fv2%2Fcomments&post=572526"}],"version-history":[{"count":0,"href":"https:\/\/www.diarioimagen.net\/index.php?rest_route=\/wp\/v2\/posts\/572526\/revisions"}],"wp:attachment":[{"href":"https:\/\/www.diarioimagen.net\/index.php?rest_route=%2Fwp%2Fv2%2Fmedia&parent=572526"}],"wp:term":[{"taxonomy":"category","embeddable":true,"href":"https:\/\/www.diarioimagen.net\/index.php?rest_route=%2Fwp%2Fv2%2Fcategories&post=572526"},{"taxonomy":"post_tag","embeddable":true,"href":"https:\/\/www.diarioimagen.net\/index.php?rest_route=%2Fwp%2Fv2%2Ftags&post=572526"}],"curies":[{"name":"wp","href":"https:\/\/api.w.org\/{rel}","templated":true}]}}