{"id":572531,"date":"2023-01-26T00:04:02","date_gmt":"2023-01-26T06:04:02","guid":{"rendered":"https:\/\/www.diarioimagen.net\/?p=572531"},"modified":"2023-01-26T02:51:55","modified_gmt":"2023-01-26T08:51:55","slug":"entre-plagios-y-sabotajes","status":"publish","type":"post","link":"https:\/\/www.diarioimagen.net\/?p=572531","title":{"rendered":"Entre plagios y sabotajes"},"content":{"rendered":"<h2>Desde el portal<\/h2>\n<h5>\u00c1ngel Soriano<\/h5>\n<p>&nbsp;<\/p>\n<p>Derivado de los \u00faltimos acontecimientos que han tenido resonancia nacional e internacional, Morena se apresta a adecuar las leyes a modo a efecto de salvar a sus correligionarios aun en detrimento de las instituciones y dejar en la impunidad a los presuntos delincuentes o negligencia oficial, es decir se trata de lavar la cara a quienes no han podido con los cargos.<\/p>\n<p>Por ejemplo, ante una flagrante violaci\u00f3n a la ley, a la \u00e9tica y la moral, se busca la caducidad del plagio en un plazo de cinco a\u00f1os, evadir la justicia cuando se ha cometido un delito que da\u00f1\u00f3 la buena fama y prestigio de instituciones como la UNAM, sin considerar que el fraude, el enga\u00f1o y el robo de talento \u2014como lo calific\u00f3 Graue\u2014 quede impune en ese plazo.<\/p>\n<p>Lo mismo se pretende criminalizar los errores t\u00e9cnicos, de mantenimiento y de erosi\u00f3n de los sistemas de cableado del Metro que, con el paso del tiempo, se deterioran y sufren desperfectos como cualquier m\u00e1quina o persona, m\u00e1s si no se hacen las reparaciones en tiempo y forma. Al decir que es sabotaje, se le da cariz pol\u00edtico con el objeto de favorecer a una persona.<\/p>\n<p>Si se comete un il\u00edcito se debe castigar, para eso est\u00e1 la Ley, s\u00f3lo que no se aplica o se aplica con otros fines, menos los de hacer justicia. En lo de la tesis, se busca salvar a una persona y no el prestigio de la UNAM y de sus egresados, lo mismo que en el Metro: Se pretende hacer creer que la puntera en la carrera sucesoria es la favorita por eso se le boicotea y se le hace v\u00edctima, lo cual es irresponsable porque est\u00e1 de por medio la vida de millones de usuarios.<\/p>\n<p style=\"text-align: center;\"><strong>TURBULENCIAS<br \/>\nSiguen los apoyos a Ad\u00e1n Augusto<\/strong><\/p>\n<p>Pese a que el titular de la Segob, Ad\u00e1n Augusto L\u00f3pez Hern\u00e1ndez, pidi\u00f3 a sus fans abstenerse de promoverlo como candidato presidencial y ajustarse a la ley, diversos sectores env\u00edan cartas de apoyo al tabasque\u00f1o, que repite que no son tiempos electorales, sino de unidad en torno al proyecto de transformaci\u00f3n del presidente Andr\u00e9s Manuel L\u00f3pez Obrador\u2026 Decenas de aspirantes a la candidatura por la jefatura de Gobierno de la Ciudad de M\u00e9xico exigen piso parejo en la selecci\u00f3n del candidato, pues consideran que del medio centenar de anotados para la presidencial de 2024, muchos podr\u00edan obtener a cambio la CDMX y desplazar\u00edan a quienes s\u00ed han hecho talacha pol\u00edtica. Suman una docena en el PAN, encabezados por la senadora X\u00f3chitl G\u00e1lvez; L\u00eda Lim\u00f3n, alcaldesa en \u00c1lvaro Obreg\u00f3n, tambi\u00e9n apunta hacia el antiguo Palacio del Ayuntamiento\u2026 El presidente de la Jucopo del Congreso de Oaxaca, Luis Alfonso Silva Romo, encabez\u00f3 la instalaci\u00f3n de la comisi\u00f3n para la entrega de la medalla \u201cJuana Catalina Romero\u201d con la cual se reconoce el aporte de los ciudadanos a la cultura y a la conservaci\u00f3n de las tradiciones en la entidad\u2026 Jessica Jeanine Rodr\u00edguez Robles, Jos\u00e9 Bernardo Rodr\u00edguez Alamilla y Jos\u00e9 Antonio \u00c1lvarez Hern\u00e1ndez fueron entrevistados por la Comisi\u00f3n Permanente de Administraci\u00f3n y Procuraci\u00f3n de Justicia para elegir, de entre esa terna enviada por el gobernador Salom\u00f3n Jara, al Fiscal General del Estado, aunque se afirma que la decisi\u00f3n est\u00e1 ya tomada en favor de Rodr\u00edguez Alamilla, muy cercano al ex fiscal de malos antecedentes Arturo Peimbert\u2026 Concluyeron los trabajos de la Comisi\u00f3n Permanente del Congreso de la Uni\u00f3n y se cit\u00f3 para la general, el 1 de febrero en que se iniciar\u00e1 la discusi\u00f3n de temas candentes para la vida nacional, como el \u201cplan B\u201d de la reforma electoral que ser\u00e1 impugnada por la coalici\u00f3n Va por M\u00e9xico, que encuentra en cada paso de la actual administraci\u00f3n una bandera pol\u00edtica para hacerse de partidarios, pero en ocasiones recibe lo contrario: Abucheo para sus principales dirigentes.<\/p>\n<p><u><a href=\"mailto:asorianocarrasco@yahoo.com\" target=\"_blank\" rel=\"noopener noreferrer\"><em>asorianocarrasco@yahoo.com<\/em><\/a><br \/>\n<em><a href=\"https:\/\/revistabrecha.com\" target=\"_blank\" rel=\"noopener noreferrer\">www.revistabrecha.com<\/a><br \/>\n<\/em><\/u><em>facebook oficial <a href=\"https:\/\/es-la.facebook.com\/RevistaBrecha.Oficial\" target=\"_blank\" rel=\"noopener\">@BrechaRevista<\/a><\/em><\/p>\n","protected":false},"excerpt":{"rendered":"<p><span style=\"color: #005497;\"><strong>\u00c1ngel Soriano<\/strong><\/span><\/p>\n","protected":false},"author":3,"featured_media":0,"comment_status":"open","ping_status":"open","sticky":false,"template":"","format":"standard","meta":{"_monsterinsights_skip_tracking":false,"_monsterinsights_sitenote_active":false,"_monsterinsights_sitenote_note":"","_monsterinsights_sitenote_category":0,"footnotes":""},"categories":[135],"tags":[85,86,43674],"class_list":["post-572531","post","type-post","status-publish","format-standard","hentry","category-angel-soriano-opinion","tag-angel-soriano","tag-desde-el-portal","tag-opinion"],"_links":{"self":[{"href":"https:\/\/www.diarioimagen.net\/index.php?rest_route=\/wp\/v2\/posts\/572531","targetHints":{"allow":["GET"]}}],"collection":[{"href":"https:\/\/www.diarioimagen.net\/index.php?rest_route=\/wp\/v2\/posts"}],"about":[{"href":"https:\/\/www.diarioimagen.net\/index.php?rest_route=\/wp\/v2\/types\/post"}],"author":[{"embeddable":true,"href":"https:\/\/www.diarioimagen.net\/index.php?rest_route=\/wp\/v2\/users\/3"}],"replies":[{"embeddable":true,"href":"https:\/\/www.diarioimagen.net\/index.php?rest_route=%2Fwp%2Fv2%2Fcomments&post=572531"}],"version-history":[{"count":0,"href":"https:\/\/www.diarioimagen.net\/index.php?rest_route=\/wp\/v2\/posts\/572531\/revisions"}],"wp:attachment":[{"href":"https:\/\/www.diarioimagen.net\/index.php?rest_route=%2Fwp%2Fv2%2Fmedia&parent=572531"}],"wp:term":[{"taxonomy":"category","embeddable":true,"href":"https:\/\/www.diarioimagen.net\/index.php?rest_route=%2Fwp%2Fv2%2Fcategories&post=572531"},{"taxonomy":"post_tag","embeddable":true,"href":"https:\/\/www.diarioimagen.net\/index.php?rest_route=%2Fwp%2Fv2%2Ftags&post=572531"}],"curies":[{"name":"wp","href":"https:\/\/api.w.org\/{rel}","templated":true}]}}