{"id":572537,"date":"2023-01-26T00:10:04","date_gmt":"2023-01-26T06:10:04","guid":{"rendered":"https:\/\/www.diarioimagen.net\/?p=572537"},"modified":"2023-01-26T02:55:45","modified_gmt":"2023-01-26T08:55:45","slug":"divididos-los-enemigos-de-lopez","status":"publish","type":"post","link":"https:\/\/www.diarioimagen.net\/?p=572537","title":{"rendered":"Divididos, los enemigos de L\u00f3pez"},"content":{"rendered":"<h2>Triple Erre<\/h2>\n<h5>Francisco Reynoso<\/h5>\n<p>&nbsp;<\/p>\n<p>El gran enemigo de los enemigos de L\u00f3pez Obrador est\u00e1 entre ellos. El Presidente se divierte como enano al contemplar que sus adversarios neoliberales no pueden formar un frente \u00fanico y s\u00f3lido en su contra. Las envidias, los rencores, los negocios que unos hacen y otros quisieran hacer, los tienen como perros y gatos en un costal.<\/p>\n<p>Aparentemente, el bloque anti-L\u00f3pez hab\u00eda logrado resanar sus grietas y fisuras. Pocos pensaban que panistas y perredistas perdonar\u00edan el desliz de \u201cAlito\u201d Moreno. Fue casi un\u00e1nime la condena al presidente nacional del PRI cuando le afloj\u00f3 el cuerpo al Presidente para que la Guardia Nacional siguiera en las calles en funciones de seguridad p\u00fablica hasta 2025. Pero Marko Cort\u00e9s y \u201cLos chuchos\u201d, Jes\u00fas Zambrano y Jes\u00fas Ortega, lo perdonaron para que la coalici\u00f3n Va por M\u00e9xico resucitara.<\/p>\n<p>Y resucit\u00f3. Y le gan\u00f3 un par de rounds a L\u00f3pez Obrador y sus \u201cmorenos\u201d.<\/p>\n<p>Luego viene la marcha para la defensa del INE, convocada principalmente por Claudio X. Gonz\u00e1lez y Gustavo de Hoyos. Pese a las andanadas presidenciales para inhibir la participaci\u00f3n, el due\u00f1o de Kimberly Clark y el ex presidente de la Coparmex lograron reunir a casi un mill\u00f3n de personas en Paseo de la Reforma y el Monumento a la Revoluci\u00f3n.<\/p>\n<p>Los enemigos de L\u00f3pez Obrador, unidos, mostraron m\u00fasculo. Y lo llegaron a preocupar. Se dijo que en las madrugadas, como alma en pena, recorr\u00eda los pasillos de Palacio Nacional.<\/p>\n<p>Es posible que L\u00f3pez se haya comunicado con el esp\u00edritu de Porfirio D\u00edaz, porque empez\u00f3 a sembrar ciza\u00f1a hasta lograr que, otra vez, el bloque enemigo de L\u00f3pez Obrador est\u00e9 cuarteado y a punto de desmoronarse.<\/p>\n<p>\u00bfQui\u00e9n no sabe que L\u00f3pez Obrador es un m\u00e1gico encantador de serpientes?<\/p>\n<p>En Va por M\u00e9xico tomaron decisiones para elegir a los candidatos a las gubernaturas del Estado de M\u00e9xico y Coahuila.<\/p>\n<p>Los generales de PRI, PAN y PRD acordaron que el tricolor propusiera a los candidatos de 2023. \u201cAlito\u201d Moreno y Rub\u00e9n Moreira optaron por Alejandra Del Moral -cuadro de Enrique Pe\u00f1a Nieto- y Manolo Jim\u00e9nez Salinas, incondicional de Rub\u00e9n Moreira y del gobernador Miguel Riquelme.<\/p>\n<p>Y habr\u00edan acordado que las candidaturas a la Presidencia de la Rep\u00fablica y al gobierno de la Ciudad de M\u00e9xico, en 2024, las procese \u00a0\u00a0\u00a0\u00a0\u00a0\u00a0\u00a0\u00a0\u00a0\u00a0\u00a0\u00a0\u00a0\u00a0\u00a0 Acci\u00f3n Nacional. Y esto significa que no necesariamente los candidatos ser\u00e1n panistas.<\/p>\n<p>Estos arreglos entre Marko Cort\u00e9s y \u201cAlito\u201d Moreno, y que enfurecieron a Chucho Zambrano porque el PRD no recib\u00eda parte del pastel, tambi\u00e9n disgustaron a los capitanes de S\u00ed por M\u00e9xico. Claudio X. Gonz\u00e1lez y Gustavo de Hoyos advirtieron que los partidos pol\u00edticos, sin la sociedad civil, no llegar\u00edan lejos.<\/p>\n<p>El primero en atizarle a los empresarios fue \u00c1ngel \u00c1vila, ex dirigente nacional del PRD. \u201cClaudio no manda en Va por M\u00e9xico\u201d, sentenci\u00f3.<\/p>\n<p>Y aunque no ha habido signos de mayor divisi\u00f3n, tampoco los tres partidos han tenido acercamientos con los millonarios impulsores de Unidos por M\u00e9xico y S\u00ed por M\u00e9xico.<\/p>\n<p><strong>Y L\u00f3pez Obrador carcaje\u00e1ndose de risa.<\/strong><\/p>\n<p>Hace d\u00edas, Cuauht\u00e9moc C\u00e1rdenas y Francisco Labastida Ochoa anunciaron la creaci\u00f3n de un nuevo frente pol\u00edtico y social. Se le llama Punto de Partida. Tambi\u00e9n participan los ex recortes de la UNAM, Jos\u00e9 Narro y Francisco Barn\u00e9s de Castro, el ex procurador Diego Valad\u00e9s y Clara Jusidman.<\/p>\n<p>El objetivo de Punto de Partida es reunir a toda la gente inconforme con las locuras de L\u00f3pez Obrador para frenar el avance de la llamada Cuarta Transformaci\u00f3n.<\/p>\n<p>Y por ello C\u00e1rdenas y Labastida convocan a priistas, catedr\u00e1ticos universitarios, panistas, ministros de las iglesias, perredistas, comerciantes de La Merced y tablajeros, y a todos los que deseen participar en el rescate de M\u00e9xico y en la construcci\u00f3n de un pa\u00eds democr\u00e1tico, sano, pac\u00edfico, progresista y socialmente justo.<\/p>\n<p>Francisco Labastida declar\u00f3 que \u201cAlito\u201d Moreno es el pol\u00edtico m\u00e1s corrupto que haya pasado por el PRI -seguramente se reir\u00e1n Javier y C\u00e9sar Duarte, Roberto Borge y Roberto Sandoval, entre otros ex gobernadores considerados miembros distinguidos de la banda de Al\u00ed Bab\u00e1-. Y sentenci\u00f3 Labastida que con \u201cAlito\u201d Moreno, el PRI y la coalici\u00f3n Va por M\u00e9xico caminan derechito y con paso redoblado, hacia el infierno.<\/p>\n<p>Y L\u00f3pez Obrador encantado de la vida. Disfrutando como enano el \u201cpago por evento\u201d del juicio en Nueva York a Genaro Garc\u00eda Luna, secretario de Seguridad en el sexenio del panista Felipe Calder\u00f3n.<\/p>\n<p>El presidente L\u00f3pez ha logrado que la agenda pol\u00edtica la encabece el juicio a Garc\u00eda Luna. Nada hay m\u00e1s importante que ver c\u00f3mo capos de las drogas, a cambio de prebendas m\u00ednimas en la c\u00e1rcel, de la que no saldr\u00e1n, declaran en contra de Garc\u00eda Luna y lo acusan en su cara de recibir sobornos multimillonarios en d\u00f3lares.<\/p>\n<p>La inflaci\u00f3n en la primera quincena de enero lleg\u00f3 a 8%, los asesinatos no paran todos los d\u00edas -los carteles ahora ya tambi\u00e9n se est\u00e1n \u201ccargando\u201d a mandos del Ej\u00e9rcito mexicano-, el AIFA es un desastre y los hospitales p\u00fablicos est\u00e1n para llorar.<\/p>\n<p>Pero L\u00f3pez Obrador r\u00ede. Y se carcajea. No hay en M\u00e9xico quien le quite el sue\u00f1o. El triunfo en las elecciones presidenciales lo tiene asegurado con Claudia Sheinbaum o Ad\u00e1n Augusto L\u00f3pez. Al menos eso cree.<\/p>\n<p>&nbsp;<\/p>\n<blockquote>\n<p style=\"text-align: right;\"><em><strong>La verdad es la verdad<br \/>\ny no admite otros datos<\/strong><\/em><\/p>\n<\/blockquote>\n<p>&nbsp;<\/p>\n<p><a href=\"mailto:donrunrun@yahoo.es\" target=\"_blank\" rel=\"noopener\"><em>donrunrun@yahoo.es<\/em><\/a><\/p>\n","protected":false},"excerpt":{"rendered":"<p><span style=\"color: #005497;\"><strong>Francisco Reynoso<\/strong><\/span><\/p>\n","protected":false},"author":3,"featured_media":0,"comment_status":"open","ping_status":"open","sticky":false,"template":"","format":"standard","meta":{"_monsterinsights_skip_tracking":false,"_monsterinsights_sitenote_active":false,"_monsterinsights_sitenote_note":"","_monsterinsights_sitenote_category":0,"footnotes":""},"categories":[94855],"tags":[94857,43674,94856],"class_list":["post-572537","post","type-post","status-publish","format-standard","hentry","category-francisco-reynoso","tag-francisco-reynoso","tag-opinion","tag-triple-erre"],"_links":{"self":[{"href":"https:\/\/www.diarioimagen.net\/index.php?rest_route=\/wp\/v2\/posts\/572537","targetHints":{"allow":["GET"]}}],"collection":[{"href":"https:\/\/www.diarioimagen.net\/index.php?rest_route=\/wp\/v2\/posts"}],"about":[{"href":"https:\/\/www.diarioimagen.net\/index.php?rest_route=\/wp\/v2\/types\/post"}],"author":[{"embeddable":true,"href":"https:\/\/www.diarioimagen.net\/index.php?rest_route=\/wp\/v2\/users\/3"}],"replies":[{"embeddable":true,"href":"https:\/\/www.diarioimagen.net\/index.php?rest_route=%2Fwp%2Fv2%2Fcomments&post=572537"}],"version-history":[{"count":0,"href":"https:\/\/www.diarioimagen.net\/index.php?rest_route=\/wp\/v2\/posts\/572537\/revisions"}],"wp:attachment":[{"href":"https:\/\/www.diarioimagen.net\/index.php?rest_route=%2Fwp%2Fv2%2Fmedia&parent=572537"}],"wp:term":[{"taxonomy":"category","embeddable":true,"href":"https:\/\/www.diarioimagen.net\/index.php?rest_route=%2Fwp%2Fv2%2Fcategories&post=572537"},{"taxonomy":"post_tag","embeddable":true,"href":"https:\/\/www.diarioimagen.net\/index.php?rest_route=%2Fwp%2Fv2%2Ftags&post=572537"}],"curies":[{"name":"wp","href":"https:\/\/api.w.org\/{rel}","templated":true}]}}