{"id":572577,"date":"2023-01-27T00:01:27","date_gmt":"2023-01-27T06:01:27","guid":{"rendered":"https:\/\/www.diarioimagen.net\/?p=572577"},"modified":"2023-01-27T02:50:00","modified_gmt":"2023-01-27T08:50:00","slug":"consejeros-electorales-son-lo-que-ponen-en-riesgo-la-democracia-afirma-amlo","status":"publish","type":"post","link":"https:\/\/www.diarioimagen.net\/?p=572577","title":{"rendered":"Consejeros electorales son lo que ponen en riesgo la democracia, afirma AMLO"},"content":{"rendered":"<p><strong>\u00a0<\/strong><\/p>\n<ul>\n<li><em><strong>\u201cNo quieren bajarse salarios ni abandonar lujos\u201d<\/strong><\/em><\/li>\n<\/ul>\n<p>&nbsp;<\/p>\n<div id=\"attachment_572639\" style=\"width: 470px\" class=\"wp-caption aligncenter\"><a href=\"https:\/\/www.diarioimagen.net\/?attachment_id=572639\" rel=\"attachment wp-att-572639\"><img loading=\"lazy\" decoding=\"async\" aria-describedby=\"caption-attachment-572639\" class=\"size-full wp-image-572639\" src=\"https:\/\/www.diarioimagen.net\/wp-content\/uploads\/2023\/01\/amlo-11.jpg\" alt=\"\" width=\"460\" height=\"270\" \/><\/a><p id=\"caption-attachment-572639\" class=\"wp-caption-text\">Andr\u00e9s Manuel L\u00f3pez Obrador dijo que los que propician que haya riesgos en la democracia son las autoridades electorales.<\/p><\/div>\n<p>&nbsp;<\/p>\n<p>Ante la pretensi\u00f3n del Consejo Electoral del Instituto Nacional Electoral (INE) de recurrir a toda instancia jurisdiccional para frenar el \u201cplan B\u201d electoral, el presidente Andr\u00e9s Manuel L\u00f3pez Obrador acus\u00f3 que quienes ponen en verdadero riesgo a la democracia son los funcionarios de dicho instituto.<\/p>\n<p>\u201cAhora, porque se present\u00f3 una ley que no tiene alcances mayores, nada m\u00e1s es bajarles el sueldo porque ganan much\u00edsimo dinero y derrochan dinero p\u00fablico, tambi\u00e9n eso les molesta. \u00bfC\u00f3mo se va poner en riesgo una elecci\u00f3n si quien ha hecho valer la democracia es el pueblo? Los que ponen en riesgo la elecci\u00f3n son ellos.<\/p>\n<p>\u201c\u00bfNo son ellos los que permiten la falsificaci\u00f3n de actas, el relleno de urnas? \u00bfNo son ellos los que permiten el robo de paquetes, los que permiten la compra del voto? \u00bfNo son estos los que le dieron registro a candidatos a la Presidencia que no cumpl\u00edan los registros, por consigna porque se los pidi\u00f3 el presidente de ese entonces? Que se vayan a enga\u00f1ar a otra parte\u201d, fustig\u00f3 L\u00f3pez Obrador.<\/p>\n<p style=\"text-align: center;\"><strong>No conf\u00eda L\u00f3pez Obrador en ministros de la SCJN<\/strong><\/p>\n<p>Cuestionado sobre si tiene confianza en que la Suprema Corte de Justicia analice este caso con objetividad, el jefe del Ejecutivo federal afirm\u00f3 que no tiene ninguna confianza en los ministros puesto que vienen del antiguo r\u00e9gimen y no se atreven a reformar al Poder Judicial.<\/p>\n<p>\u201cNo tengo confianza en los ministros, quiz\u00e1 en algunos, dos, tres, la mayor\u00eda viene del antiguo r\u00e9gimen y no se atreven a llevar a cabo una reforma de fondo en el Poder Judicial, lo que predomina, lo que impera es que s\u00f3lo se castiga al que no tiene con qu\u00e9 comprar la inocencia.<\/p>\n<p>\u201cEst\u00e1n usando esto de bandera para hacer politiquer\u00eda porque no hay ning\u00fan problema, lo dije ayer y lo repito ahora, ganaron porque van a seguir teniendo presupuesto m\u00e1s que ning\u00fan otro organismo en el mundo porque enga\u00f1aron a muchos con la consigna de que el INE no se toca, no se van a reducir diputados, van a seguir siendo 500, nosotros planteamos que fuesen 300.<\/p>\n<p>\u201cVan a seguir recibiendo los partidos miles de millones de pesos, van a seguir siendo las c\u00fapulas de los partidos los que elijan, Claudio X. Gonz\u00e1lez, los que nombren a los consejeros porque no quisieron, nos ganaron y no quisieron que el pueblo eligiera a los consejeros del INE porque le tienen miedo al pueblo porque ellos pertenecen a la oligarqu\u00eda\u201d, sostuvo.<\/p>\n<p style=\"text-align: center;\"><strong>Se espera sentencia en caso Vallarta para tomar decisiones: SSPC<\/strong><\/p>\n<p>Por su parte, la secretaria de Seguridad, Rosa Icela Rodr\u00edguez, inform\u00f3 que el caso de Israel Vallarta, quien se encuentra preso desde hace 17 a\u00f1os acusado de formar parte de una banda de secuestradores, sigue en litigio y se est\u00e1 en espera de que le sea dictada una sentencia \u201cpara que se puedan tomar decisiones\u201d.<\/p>\n<p>La funcionaria detall\u00f3 que un tribunal admiti\u00f3 a tr\u00e1mite el recurso de apelaci\u00f3n de la defensa tras neg\u00e1rsele el cambio de la medida cautelar pese a demostrar el exceso de prisi\u00f3n de su cliente y la tortura de la que fue v\u00edctima para inculparse, mientras que por parte de la Fiscal\u00eda General de la Rep\u00fablica se admitieron nueve medios de prueba que ofreci\u00f3.<\/p>\n","protected":false},"excerpt":{"rendered":"<p>Ante la pretensi\u00f3n del Consejo Electoral del Instituto Nacional Electoral (INE) de recurrir a toda instancia jurisdiccional para frenar el \u201cplan B\u201d electoral, el presidente Andr\u00e9s Manuel L\u00f3pez Obrador acus\u00f3 que quienes ponen en verdadero riesgo a la democracia son los funcionarios de dicho instituto.<\/p>\n","protected":false},"author":3,"featured_media":572639,"comment_status":"open","ping_status":"open","sticky":false,"template":"","format":"standard","meta":{"_monsterinsights_skip_tracking":false,"_monsterinsights_sitenote_active":false,"_monsterinsights_sitenote_note":"","_monsterinsights_sitenote_category":0,"footnotes":""},"categories":[3],"tags":[2545,43673,2852],"class_list":["post-572577","post","type-post","status-publish","format-standard","has-post-thumbnail","hentry","category-nacional","tag-amlo","tag-nacional","tag-scjn"],"_links":{"self":[{"href":"https:\/\/www.diarioimagen.net\/index.php?rest_route=\/wp\/v2\/posts\/572577","targetHints":{"allow":["GET"]}}],"collection":[{"href":"https:\/\/www.diarioimagen.net\/index.php?rest_route=\/wp\/v2\/posts"}],"about":[{"href":"https:\/\/www.diarioimagen.net\/index.php?rest_route=\/wp\/v2\/types\/post"}],"author":[{"embeddable":true,"href":"https:\/\/www.diarioimagen.net\/index.php?rest_route=\/wp\/v2\/users\/3"}],"replies":[{"embeddable":true,"href":"https:\/\/www.diarioimagen.net\/index.php?rest_route=%2Fwp%2Fv2%2Fcomments&post=572577"}],"version-history":[{"count":0,"href":"https:\/\/www.diarioimagen.net\/index.php?rest_route=\/wp\/v2\/posts\/572577\/revisions"}],"wp:featuredmedia":[{"embeddable":true,"href":"https:\/\/www.diarioimagen.net\/index.php?rest_route=\/wp\/v2\/media\/572639"}],"wp:attachment":[{"href":"https:\/\/www.diarioimagen.net\/index.php?rest_route=%2Fwp%2Fv2%2Fmedia&parent=572577"}],"wp:term":[{"taxonomy":"category","embeddable":true,"href":"https:\/\/www.diarioimagen.net\/index.php?rest_route=%2Fwp%2Fv2%2Fcategories&post=572577"},{"taxonomy":"post_tag","embeddable":true,"href":"https:\/\/www.diarioimagen.net\/index.php?rest_route=%2Fwp%2Fv2%2Ftags&post=572577"}],"curies":[{"name":"wp","href":"https:\/\/api.w.org\/{rel}","templated":true}]}}