{"id":572579,"date":"2023-01-27T00:06:26","date_gmt":"2023-01-27T06:06:26","guid":{"rendered":"https:\/\/www.diarioimagen.net\/?p=572579"},"modified":"2023-01-30T00:50:48","modified_gmt":"2023-01-30T06:50:48","slug":"elias-fuentes-guillen-egresado-uaemex-recibe-la-subvencion-junior-star-por-parte-de-la-fundacion-checa-para-la-ciencia","status":"publish","type":"post","link":"https:\/\/www.diarioimagen.net\/?p=572579","title":{"rendered":"El\u00edas Fuentes Guill\u00e9n, egresado UAEM\u00e9x, recibe la subvenci\u00f3n Junior Star por parte de la Fundaci\u00f3n Checa para la Ciencia"},"content":{"rendered":"<p><em>\u00a0<\/em><\/p>\n<ul>\n<li><strong><em>Como parte de su trabajo, el investigador de la Academia de Ciencias de la Rep\u00fablica Checa analiza textos impresos y manuscritos para contribuir a una mejor comprensi\u00f3n de la evoluci\u00f3n de las matem\u00e1ticas<\/em><\/strong><\/li>\n<\/ul>\n<p><strong>\u00a0<\/strong><\/p>\n<div id=\"attachment_572632\" style=\"width: 470px\" class=\"wp-caption aligncenter\"><a href=\"https:\/\/www.diarioimagen.net\/?attachment_id=572632\" rel=\"attachment wp-att-572632\"><img loading=\"lazy\" decoding=\"async\" aria-describedby=\"caption-attachment-572632\" class=\"size-full wp-image-572632\" src=\"https:\/\/www.diarioimagen.net\/wp-content\/uploads\/2023\/01\/uaem-elias-fuentes-th.jpg\" alt=\"\" width=\"460\" height=\"270\" \/><\/a><p id=\"caption-attachment-572632\" class=\"wp-caption-text\">El\u00edas Fuentes Guill\u00e9n es un fil\u00f3sofo dedicado al estudio de las pr\u00e1cticas matem\u00e1ticas en los siglos XVIII y XIX, as\u00ed como de la obra del pensador Bernard Bolzano.<\/p><\/div>\n<p>&nbsp;<\/p>\n<p><strong>Toluca, Estado de M\u00e9xico.\u2013 <\/strong>El egresado de la Licenciatura de Filosof\u00eda de la Facultad de Humanidades de la Universidad Aut\u00f3noma del Estado de M\u00e9xico (UAEM\u00e9x), El\u00edas Fuentes Guill\u00e9n, se convirti\u00f3 en la primera persona en M\u00e9xico en recibir la subvenci\u00f3n <em>Junior Star<\/em>, otorgada por la Fundaci\u00f3n Checa para la Ciencia (Grantov\u00e1 agentura \u010cesk\u00e9 republiky), para analizar las pr\u00e1cticas y estudios textuales matem\u00e1ticos.<\/p>\n<p>El\u00edas Fuentes es un fil\u00f3sofo dedicado al an\u00e1lisis de las pr\u00e1cticas matem\u00e1ticas modernas, es decir, estudia c\u00f3mo se hacen, en qu\u00e9 contexto y por qu\u00e9 surgen las matem\u00e1ticas, espec\u00edficamente de los siglos XVIII y XIX; as\u00ed como tambi\u00e9n a la evoluci\u00f3n que tiene esta ciencia a lo largo de los a\u00f1os. \u201cEs un punto medio que combina una reflexi\u00f3n con un estudio hist\u00f3rico de las matem\u00e1ticas desde un enfoque no anal\u00edtico\u201d, mencion\u00f3.<\/p>\n<p>Tambi\u00e9n, se interesa por los estudios textuales, analiza manuscritos a trav\u00e9s de\u00a0 los detalles, estilos y estructuras de los mismos, ha dedicado su trabajo en manuscritos en alem\u00e1n y franc\u00e9s, trabajo que actualmente realiza en la Rep\u00fablica Checa debido a su inter\u00e9s por el matem\u00e1tico Bernard Bolzano.<\/p>\n<p>Fuentes Guill\u00e9n forma parte del Sistema Nacional de Investigadores (SNI) en M\u00e9xico, y ha sido ampliamente reconocido por su trabajo, obteniendo por parte de la Universidad de Salamanca el Premio Extraordinario de Doctorado, por la mejor tesis en el \u00e1rea de filosof\u00eda en el a\u00f1o 2016-2017; mientras que en 2018 la Academia de Ciencias de la Rep\u00fablica Checa le otorg\u00f3 la beca <em>Josef Dobrovsk\u00fd Fellowship<\/em>, destinada a estancias en dicho pa\u00eds para investigadores extranjeros, siendo la primera persona en Iberoam\u00e9rica en recibirla.<\/p>\n<p>Por su parte, la Fundaci\u00f3n Checa para la Ciencia (Grantov\u00e1 agentura \u010cesk\u00e9 republiky), le dio al universitario una de las prestigiosas subvenciones <em>Junior Star<\/em>, otorgadas a 23 j\u00f3venes cient\u00edficos destacados, convirti\u00e9ndose en la primera persona en M\u00e9xico en recibirla.<\/p>\n<p>Para la obtenci\u00f3n de esta subvenci\u00f3n, present\u00f3 el proyecto \u201cNormalizaci\u00f3n y emergencia: Repensando las din\u00e1micas de las matem\u00e1ticas. El caso de Praga en la primera mitad del siglo XIX\u201d, el cual buscar\u00e1 \u201cofrecer una mejor comprensi\u00f3n de c\u00f3mo ciertas pr\u00e1cticas se tornaron habituales y c\u00f3mo surgieron o fueron incorporadas nuevas en dicho contexto\u201d.<\/p>\n<p>Este proyecto se llevar\u00e1 a cabo en el Instituto de Filosof\u00eda de la Academia de Ciencias de la Rep\u00fablica Checa durante los pr\u00f3ximos cinco a\u00f1os y le permitir\u00e1 conformar un equipo de ocho personas, junto con quienes se dedicar\u00e1 al an\u00e1lisis de los estudios de manuscritos y de las \u00faltimas corrientes en filosof\u00eda e historia dedicadas a las pr\u00e1cticas, contexto y estudios sobre las culturas matem\u00e1ticas en Praga y tierras checas.<\/p>\n<p>Una de las metas que Fuentes Guill\u00e9n busca alcanzar dentro de su campo de estudio es el perfeccionamiento de la metodolog\u00eda que combina filosof\u00eda, historia, sociolog\u00eda, filolog\u00eda y humanidades digitales, para enriquecer el estudio de las disciplinas matem\u00e1ticas, as\u00ed como poner al alcance de estudiantes, tanto de habla inglesa como espa\u00f1ola, textos de autores conocidos y poco conocidos que no han sido traducidos de otros idiomas, como el alem\u00e1n o el franc\u00e9s.<\/p>\n<p>Finalmente, El\u00edas Fuentes aconseja a las y los estudiantes de humanidades, y en especial de filosof\u00eda, a que persigan sus sue\u00f1os y no dejen de hacer lo que les apasiona a pesar de las dificultades que hoy en d\u00eda entra\u00f1a el quehacer human\u00edstico, pues considera que a\u00fan hay muchas cosas por hacer dentro de este amplio campo de estudio.<\/p>\n","protected":false},"excerpt":{"rendered":"<p>El egresado de la Licenciatura de Filosof\u00eda de la Facultad de Humanidades de la Universidad Aut\u00f3noma del Estado de M\u00e9xico (UAEM\u00e9x), El\u00edas Fuentes Guill\u00e9n, se convirti\u00f3 en la primera persona en M\u00e9xico en recibir la subvenci\u00f3n <em>Junior Star<\/em>, otorgada por la Fundaci\u00f3n Checa para la Ciencia (Grantov\u00e1 agentura \u010cesk\u00e9 republiky), para analizar las pr\u00e1cticas y estudios textuales matem\u00e1ticos.<\/p>\n","protected":false},"author":3,"featured_media":572632,"comment_status":"open","ping_status":"open","sticky":false,"template":"","format":"standard","meta":{"_monsterinsights_skip_tracking":false,"_monsterinsights_sitenote_active":false,"_monsterinsights_sitenote_note":"","_monsterinsights_sitenote_category":0,"footnotes":""},"categories":[5],"tags":[97233,43675,97234,452],"class_list":["post-572579","post","type-post","status-publish","format-standard","has-post-thumbnail","hentry","category-estado-de-mexico","tag-elias-fuentes-guillen","tag-estado-de-mexico","tag-junior-star","tag-toluca"],"_links":{"self":[{"href":"https:\/\/www.diarioimagen.net\/index.php?rest_route=\/wp\/v2\/posts\/572579","targetHints":{"allow":["GET"]}}],"collection":[{"href":"https:\/\/www.diarioimagen.net\/index.php?rest_route=\/wp\/v2\/posts"}],"about":[{"href":"https:\/\/www.diarioimagen.net\/index.php?rest_route=\/wp\/v2\/types\/post"}],"author":[{"embeddable":true,"href":"https:\/\/www.diarioimagen.net\/index.php?rest_route=\/wp\/v2\/users\/3"}],"replies":[{"embeddable":true,"href":"https:\/\/www.diarioimagen.net\/index.php?rest_route=%2Fwp%2Fv2%2Fcomments&post=572579"}],"version-history":[{"count":0,"href":"https:\/\/www.diarioimagen.net\/index.php?rest_route=\/wp\/v2\/posts\/572579\/revisions"}],"wp:featuredmedia":[{"embeddable":true,"href":"https:\/\/www.diarioimagen.net\/index.php?rest_route=\/wp\/v2\/media\/572632"}],"wp:attachment":[{"href":"https:\/\/www.diarioimagen.net\/index.php?rest_route=%2Fwp%2Fv2%2Fmedia&parent=572579"}],"wp:term":[{"taxonomy":"category","embeddable":true,"href":"https:\/\/www.diarioimagen.net\/index.php?rest_route=%2Fwp%2Fv2%2Fcategories&post=572579"},{"taxonomy":"post_tag","embeddable":true,"href":"https:\/\/www.diarioimagen.net\/index.php?rest_route=%2Fwp%2Fv2%2Ftags&post=572579"}],"curies":[{"name":"wp","href":"https:\/\/api.w.org\/{rel}","templated":true}]}}