{"id":572581,"date":"2023-01-27T00:05:55","date_gmt":"2023-01-27T06:05:55","guid":{"rendered":"https:\/\/www.diarioimagen.net\/?p=572581"},"modified":"2023-01-30T00:50:19","modified_gmt":"2023-01-30T06:50:19","slug":"uaemex-comprometida-con-la-agenda-de-genero","status":"publish","type":"post","link":"https:\/\/www.diarioimagen.net\/?p=572581","title":{"rendered":"UAEM\u00e9x, comprometida con la agenda de g\u00e9nero"},"content":{"rendered":"<p>&nbsp;<\/p>\n<div id=\"attachment_572630\" style=\"width: 470px\" class=\"wp-caption aligncenter\"><a href=\"https:\/\/www.diarioimagen.net\/?attachment_id=572630\" rel=\"attachment wp-att-572630\"><img loading=\"lazy\" decoding=\"async\" aria-describedby=\"caption-attachment-572630\" class=\"size-full wp-image-572630\" src=\"https:\/\/www.diarioimagen.net\/wp-content\/uploads\/2023\/01\/uaem-comprometida.jpg\" alt=\"\" width=\"460\" height=\"270\" \/><\/a><p id=\"caption-attachment-572630\" class=\"wp-caption-text\">La coordinadora institucional de Equidad de G\u00e9nero, Alejandra Casta\u00f1eda Carmona, destac\u00f3 que durante este a\u00f1o se tiene como objetivo superar las m\u00e1s de 460 actividades que fueron realizadas durante 2022 para beneficiar a un mayor n\u00famero de personas universitarias, a trav\u00e9s de campa\u00f1as de difusi\u00f3n.<\/p><\/div>\n<p>&nbsp;<\/p>\n<p><strong>Toluca, Estado de M\u00e9xico.\u2013 <\/strong>Con el objetivo de divulgar la equidad de g\u00e9nero de manera transversal dentro de la Universidad Aut\u00f3noma del Estado de M\u00e9xico (UAEM\u00e9x), la Coordinaci\u00f3n Institucional de Equidad de G\u00e9nero (CIEG) tiene como meta continuar dotando al estudiantado, al profesorado y al personal administrativo de herramientas que promuevan la igualdad de g\u00e9nero dentro de los espacios universitarios durante este 2023.<\/p>\n<p>La coordinadora Institucional de Equidad de G\u00e9nero, Alejandra Casta\u00f1eda Carmona, destac\u00f3 que durante este a\u00f1o se tiene como objetivo superar las m\u00e1s de 460 actividades que fueron realizadas durante 2022 para beneficiar a un mayor n\u00famero de <em>personas universitarias, <\/em>a trav\u00e9s de campa\u00f1as de difusi\u00f3n.<\/p>\n<p>Durante el a\u00f1o anterior, el CIEG, en conjunto con los 54 comit\u00e9s de g\u00e9nero de los espacios acad\u00e9micos, realiz\u00f3 diversas actividades como cine debates, conferencias, obras teatrales, cursos, eventos culturales, foros, mesas de trabajo y paneles, que contaron con una asistencia de 41,399 miembros de la comunidad universitaria.<\/p>\n<p>En este sentido, se\u00f1al\u00f3 que con ayuda de los comit\u00e9s de g\u00e9nero de los espacios universitarios, incluyendo el de Administraci\u00f3n Central, se buscan fortalecer las acciones de sensibilizaci\u00f3n y promoci\u00f3n sobre la importancia de la igualdad de g\u00e9nero, promoviendo distintas campa\u00f1as de difusi\u00f3n en todos los medios posibles, en concordancia con el quehacer y los cambios que se generen en materia de equidad de g\u00e9nero a nivel estatal, nacional e internacional.<\/p>\n<p>\u201cDe la sinergia entre los cambios que se generan de manera estatal, nacional e internacional partiremos para capacitar a los tres sectores. La meta es rebasar las 73 que fueron impartidas en 2022\u201d, abund\u00f3.<\/p>\n<p>Finalmente, Alejandra Carmona se\u00f1al\u00f3 que estas acciones tienen como objetivo beneficiar a la comunidad universitaria; por ello, invit\u00f3 al profesorado, al alumnado y al personal administrativo a sumarse a las distintas actividades en pro de la equidad de g\u00e9nero durante este 2023, adem\u00e1s de conocer la agenda de g\u00e9nero a trav\u00e9s del sitio.<\/p>\n","protected":false},"excerpt":{"rendered":"<p>Con el objetivo de divulgar la equidad de g\u00e9nero de manera transversal dentro de la Universidad Aut\u00f3noma del Estado de M\u00e9xico (UAEM\u00e9x), la Coordinaci\u00f3n Institucional de Equidad de G\u00e9nero (CIEG) tiene como meta continuar dotando al estudiantado, al profesorado y al personal administrativo de herramientas que promuevan la igualdad de g\u00e9nero dentro de los espacios universitarios durante este 2023.<\/p>\n","protected":false},"author":3,"featured_media":572630,"comment_status":"open","ping_status":"open","sticky":false,"template":"","format":"standard","meta":{"_monsterinsights_skip_tracking":false,"_monsterinsights_sitenote_active":false,"_monsterinsights_sitenote_note":"","_monsterinsights_sitenote_category":0,"footnotes":""},"categories":[5],"tags":[72883,25269,67878],"class_list":["post-572581","post","type-post","status-publish","format-standard","has-post-thumbnail","hentry","category-estado-de-mexico","tag-agenda","tag-genero","tag-uaemex"],"_links":{"self":[{"href":"https:\/\/www.diarioimagen.net\/index.php?rest_route=\/wp\/v2\/posts\/572581","targetHints":{"allow":["GET"]}}],"collection":[{"href":"https:\/\/www.diarioimagen.net\/index.php?rest_route=\/wp\/v2\/posts"}],"about":[{"href":"https:\/\/www.diarioimagen.net\/index.php?rest_route=\/wp\/v2\/types\/post"}],"author":[{"embeddable":true,"href":"https:\/\/www.diarioimagen.net\/index.php?rest_route=\/wp\/v2\/users\/3"}],"replies":[{"embeddable":true,"href":"https:\/\/www.diarioimagen.net\/index.php?rest_route=%2Fwp%2Fv2%2Fcomments&post=572581"}],"version-history":[{"count":0,"href":"https:\/\/www.diarioimagen.net\/index.php?rest_route=\/wp\/v2\/posts\/572581\/revisions"}],"wp:featuredmedia":[{"embeddable":true,"href":"https:\/\/www.diarioimagen.net\/index.php?rest_route=\/wp\/v2\/media\/572630"}],"wp:attachment":[{"href":"https:\/\/www.diarioimagen.net\/index.php?rest_route=%2Fwp%2Fv2%2Fmedia&parent=572581"}],"wp:term":[{"taxonomy":"category","embeddable":true,"href":"https:\/\/www.diarioimagen.net\/index.php?rest_route=%2Fwp%2Fv2%2Fcategories&post=572581"},{"taxonomy":"post_tag","embeddable":true,"href":"https:\/\/www.diarioimagen.net\/index.php?rest_route=%2Fwp%2Fv2%2Ftags&post=572581"}],"curies":[{"name":"wp","href":"https:\/\/api.w.org\/{rel}","templated":true}]}}