{"id":572587,"date":"2023-01-27T00:02:11","date_gmt":"2023-01-27T06:02:11","guid":{"rendered":"https:\/\/www.diarioimagen.net\/?p=572587"},"modified":"2023-01-27T03:02:04","modified_gmt":"2023-01-27T09:02:04","slug":"el-pri-tiene-representacion-en-los-125-municipios-del-edomex-del-moral-vela","status":"publish","type":"post","link":"https:\/\/www.diarioimagen.net\/?p=572587","title":{"rendered":"El PRI tiene representaci\u00f3n en los 125 municipios del Edomex: Del Moral Vela"},"content":{"rendered":"<p><strong>\u00a0<\/strong><\/p>\n<p><strong>\u00a0<\/strong><\/p>\n<ul>\n<li><em><strong>Encuentro con priistas de Atizap\u00e1n y Almoloya del R\u00edo<\/strong><\/em><\/li>\n<\/ul>\n<p><strong>\u00a0<\/strong><\/p>\n<h6>Arturo Baena<\/h6>\n<p>&nbsp;<\/p>\n<div id=\"attachment_572663\" style=\"width: 470px\" class=\"wp-caption aligncenter\"><a href=\"https:\/\/www.diarioimagen.net\/?attachment_id=572663\" rel=\"attachment wp-att-572663\"><img loading=\"lazy\" decoding=\"async\" aria-describedby=\"caption-attachment-572663\" class=\"size-full wp-image-572663\" src=\"https:\/\/www.diarioimagen.net\/wp-content\/uploads\/2023\/01\/pri-representacion.jpg\" alt=\"\" width=\"460\" height=\"270\" \/><\/a><p id=\"caption-attachment-572663\" class=\"wp-caption-text\">La precandidata del PRI al gobierno del Edomex, Alejandra Del Moral, sostuvo un encuentro con militantes priistas de Atizap\u00e1n y Almoloya del R\u00edo.<\/p><\/div>\n<p>&nbsp;<\/p>\n<p><strong>Valle de M\u00e9xico.\u2014<\/strong> Los priistas mexiquenses siempre est\u00e1n dispuestos a caminar hacia adelante, sacan la casta y trabajan todos los d\u00edas en los 125 municipios de la entidad, destac\u00f3 la precandidata a la gubernatura del Estado de M\u00e9xico por el Partido Revolucionario Institucional (PRI), Alejandra Del Moral Vela.<\/p>\n<p>\u201cHoy quiero que todos los municipios del Estado de M\u00e9xico sepan, porque el PRI tiene representaci\u00f3n en los 125 municipios, no nos concentramos solamente en algunos, el PRI pesa en los 125\u201d, asegur\u00f3.<\/p>\n<p>Al sostener un encuentro con priistas de Atizap\u00e1n y Almoloya del R\u00edo, la precandidata del PRI indic\u00f3 que quienes forman parte de esta instituci\u00f3n pol\u00edtica caminar\u00e1n con propuestas.<\/p>\n<p>\u201cLos valientes no nos rendimos, nunca, no importa que dif\u00edcil se ponga, que nos pongan piedras en el camino, no importa que nos descalifiquen ellos, que crean que nosotros vamos a ser iguales, aqu\u00ed vamos a caminar con propuestas\u201d, afirm\u00f3.<\/p>\n<p>En este sentido, se\u00f1al\u00f3 que los priistas valientes se caracterizan por tener ganas, coraz\u00f3n y alma para trabajar para que al Estado de M\u00e9xico le vaya bien.<\/p>\n<p>Del Moral Vela reiter\u00f3 que su formaci\u00f3n viene de caminar junto con los hombres y mujeres priistas, a quienes asegur\u00f3 que no les fallar\u00e1.<\/p>\n<p>\u201cAqu\u00ed he caminado junto a ustedes mucho tiempo, muchos a\u00f1os, aqu\u00ed aprend\u00ed, vengo de la base militante, aprend\u00ed a caminar, no les he fallado y no les voy a fallar, cuenten siempre con una Alejandra cercana, una Alejandra valiente\u201d, expres\u00f3.<\/p>\n","protected":false},"excerpt":{"rendered":"<p>Los priistas mexiquenses siempre est\u00e1n dispuestos a caminar hacia adelante, sacan la casta y trabajan todos los d\u00edas en los 125 municipios de la entidad, destac\u00f3 la precandidata a la gubernatura del Estado de M\u00e9xico por el Partido Revolucionario Institucional (PRI), Alejandra Del Moral Vela.<\/p>\n","protected":false},"author":3,"featured_media":572663,"comment_status":"open","ping_status":"open","sticky":false,"template":"","format":"standard","meta":{"_monsterinsights_skip_tracking":false,"_monsterinsights_sitenote_active":false,"_monsterinsights_sitenote_note":"","_monsterinsights_sitenote_category":0,"footnotes":""},"categories":[5],"tags":[2833,34],"class_list":["post-572587","post","type-post","status-publish","format-standard","has-post-thumbnail","hentry","category-estado-de-mexico","tag-alejandra-del-moral-vela","tag-valle-de-mexico"],"_links":{"self":[{"href":"https:\/\/www.diarioimagen.net\/index.php?rest_route=\/wp\/v2\/posts\/572587","targetHints":{"allow":["GET"]}}],"collection":[{"href":"https:\/\/www.diarioimagen.net\/index.php?rest_route=\/wp\/v2\/posts"}],"about":[{"href":"https:\/\/www.diarioimagen.net\/index.php?rest_route=\/wp\/v2\/types\/post"}],"author":[{"embeddable":true,"href":"https:\/\/www.diarioimagen.net\/index.php?rest_route=\/wp\/v2\/users\/3"}],"replies":[{"embeddable":true,"href":"https:\/\/www.diarioimagen.net\/index.php?rest_route=%2Fwp%2Fv2%2Fcomments&post=572587"}],"version-history":[{"count":0,"href":"https:\/\/www.diarioimagen.net\/index.php?rest_route=\/wp\/v2\/posts\/572587\/revisions"}],"wp:featuredmedia":[{"embeddable":true,"href":"https:\/\/www.diarioimagen.net\/index.php?rest_route=\/wp\/v2\/media\/572663"}],"wp:attachment":[{"href":"https:\/\/www.diarioimagen.net\/index.php?rest_route=%2Fwp%2Fv2%2Fmedia&parent=572587"}],"wp:term":[{"taxonomy":"category","embeddable":true,"href":"https:\/\/www.diarioimagen.net\/index.php?rest_route=%2Fwp%2Fv2%2Fcategories&post=572587"},{"taxonomy":"post_tag","embeddable":true,"href":"https:\/\/www.diarioimagen.net\/index.php?rest_route=%2Fwp%2Fv2%2Ftags&post=572587"}],"curies":[{"name":"wp","href":"https:\/\/api.w.org\/{rel}","templated":true}]}}