{"id":572623,"date":"2023-01-27T00:00:46","date_gmt":"2023-01-27T06:00:46","guid":{"rendered":"https:\/\/www.diarioimagen.net\/?p=572623"},"modified":"2023-01-30T01:39:57","modified_gmt":"2023-01-30T07:39:57","slug":"requiere-mexico-80-mil-millones-de-pesos-anuales-para-superar-crisis-hidrica","status":"publish","type":"post","link":"https:\/\/www.diarioimagen.net\/?p=572623","title":{"rendered":"Requiere M\u00e9xico 80 mil millones de pesos anuales para superar crisis h\u00eddrica"},"content":{"rendered":"<h2>Hora 14<\/h2>\n<h5>Mauricio Conde Olivares<\/h5>\n<p>&nbsp;<\/p>\n<p>Al asistir a la reuni\u00f3n del Consejo Directivo de la Confederaci\u00f3n Patronal de la Rep\u00fablica Mexicana (Coparmex) Quintana Roo, la Presidenta Municipal, Ana Patricia Peralta, redobl\u00f3 el compromiso del Ayuntamiento de Benito Ju\u00e1rez para seguir avanzando en temas importantes en Canc\u00fan como la digitalizaci\u00f3n de tr\u00e1mites y servicios, movilidad, seguridad, recuperaci\u00f3n de espacios p\u00fablicos, recuperaci\u00f3n del tejido social, prevenci\u00f3n de adicciones, entre otros.<\/p>\n<p>\u201cSoy su aliada completamente y estamos para trabajar en coordinaci\u00f3n. Este gobierno es un gobierno facilitador y sobre todo que hay una apertura completa al di\u00e1logo para trabajar en conjunto por nuestra ciudad. Estoy segura que de esta manera podremos lograr la versi\u00f3n de nuestro Canc\u00fan\u201d, dijo.<\/p>\n<p>Ante los empresarios, record\u00f3 que el Ayuntamiento de Benito Ju\u00e1rez aprob\u00f3 recientemente la simplificaci\u00f3n de tr\u00e1mites para la apertura de negocios, como el permiso de utilizaci\u00f3n de uso de suelo vinculado a la licencia de uso de suelo que ten\u00eda en su cat\u00e1logo m\u00e1s de 18 requisitos para apertura y 12 para renovaci\u00f3n, que se redujeron a seis y dos, respectivamente para cada caso, adem\u00e1s de que se tienen importantes proyectos para continuar con la digitalizaci\u00f3n y los objetivos de consolidar un gobierno digital.<\/p>\n<p>\u201cSomos del mismo equipo. Les pido que me den la confianza, porque estamos trabajando a marchas forzadas en todos los temas; lo hacemos con todo el amor por nuestra ciudad, por nuestras hijas, hijos y las familias de Canc\u00fan, porque ellos hacen que este destino sea reconocido mundialmente, pero necesitamos que eso se vea traducido en la calidad de vida de todos los colaboradores\u201d, expres\u00f3.<\/p>\n<p>Adem\u00e1s de resaltar que la prioridad de las pol\u00edticas p\u00fablicas debe ser hacia la infancia, por lo cual se nombr\u00f3 el 2023 como A\u00f1o de las Ni\u00f1as y los Ni\u00f1os, la Primera Autoridad Municipal tambi\u00e9n anunci\u00f3 que se incrementar\u00e1 la frecuencia de acciones que fortalezcan el tejido social, como de la Estrategia Integral para la Prevenci\u00f3n de las Violencias y la Delincuencia \u201cTodos por la Paz\u201d, ya que atiende zonas con mayores \u00edndices delictivos mediante actividades con corresponsabilidad ciudadana y que motivan la participaci\u00f3n de la comunidad, enfocado en el bienestar social de esas nuevas generaciones.<\/p>\n<p>A lo anterior, la Presidenta Municipal sum\u00f3 que se promover\u00e1 la pr\u00e1ctica del deporte y la activaci\u00f3n f\u00edsica en recintos dignos, por lo cual recientemente tambi\u00e9n se puso en marcha el Programa de Rescate y Rehabilitaci\u00f3n de Espacios Deportivos y Parques (RREDP), para limpieza, mantenimiento y remozamiento de estos lugares en beneficio de miles de atletas cancunenses de todas edades.<\/p>\n<p>La presidenta de la c\u00e1mara empresarial, Ang\u00e9lica Fr\u00edas Gonz\u00e1lez, agradeci\u00f3 a la Presidenta Municipal la disposici\u00f3n para continuar otorgando facilidades para la apertura o continuidad de los negocios de sus agremiados, adem\u00e1s de que refrend\u00f3 el respaldo de esa representaci\u00f3n para todos los proyectos y acciones que beneficien a Canc\u00fan, por lo que invit\u00f3 a la Presidenta Municipal a proceder con la entrega de los pines de los nuevos integrantes del Consejo Directivo.<\/p>\n<p>Por parte del gobierno municipal estuvieron presentes el tesorero Marcelo Jos\u00e9 Guzm\u00e1n; los secretarios de Seguridad P\u00fablica, Jos\u00e9 Pablo Mathey Cruz, y de Ecolog\u00eda y Desarrollo Urbano, Nahielli Margarita Orozco Lozano; adem\u00e1s, las directoras de Transporte y Vialidad, Vanessa Valenzuela Morales, as\u00ed como del Instituto Municipal de Desarrollo Administrativo (IMDAI), Ana Sara\u00ed P\u00e9rez S\u00e1nchez.<\/p>\n<p>D\u00e9jeme comentarle que la COPARMEX tiene 200 socios en Quintana Roo y 36,000 socios a nivel nacional.<\/p>\n<p>La Confederaci\u00f3n Patronal de la Rep\u00fablica Mexicana (COPARMEX) es un sindicato patronal de afiliaci\u00f3n voluntaria, que aglutina empresarios de todos los sectores y que fue constituida en 1929 por el empresario Luis G. Sada, al amparo del art\u00edculo 123 Constitucional.<\/p>\n<p>Tambi\u00e9n ayer durante la Trig\u00e9sima Tercera Sesi\u00f3n Ordinaria, encabezada por la Presidenta Municipal, Ana Patricia Peralta, el Cabildo de Benito Ju\u00e1rez aprob\u00f3 por unanimidad reformas a diversas disposiciones del Reglamento Interior del Instituto Municipal de la Mujer (IMM) a fin de mejorar la propia naturaleza de la dependencia que ofrece tr\u00e1mites y servicios para las ciudadanas.<\/p>\n<p>Una de las consideraciones incluye que la titular de dicha dependencia deber\u00e1 ser mujer, adem\u00e1s de que se deber\u00e1 incluir por ejemplo el lenguaje incluyente, la protecci\u00f3n de datos personales y realizar una estructura en las coordinaciones y unidades administrativas que conforman el instituto, considerando la creaci\u00f3n de la Coordinaci\u00f3n Especializada de Refugios y Atenci\u00f3n a la Violencia de G\u00e9nero y Casos Emergentes y de una Unidad de Seguimiento, Prevenci\u00f3n y Atenci\u00f3n a V\u00edctimas Indirectas de la Violencia contra la Mujer, entre otras acciones.<\/p>\n<p>Por otro lado, el cuerpo cabildar ratific\u00f3 y tom\u00f3 la protesta a Fausto Adri\u00e1n Palacios, como director general del Organismo P\u00fablico Descentralizado Radio Cultural Ayuntamiento (RCA), quien cuenta con amplia experiencia period\u00edstica y se desempe\u00f1aba como Encargado del Despacho de la misma oficina.<\/p>\n<p>En otros temas, se aprob\u00f3 por unanimidad turnar a comisiones para su an\u00e1lisis las \u00a0iniciativas de reformas a art\u00edculos del Bando de Gobierno y Polic\u00eda del Municipio de Benito Ju\u00e1rez, as\u00ed como al Reglamento para la Protecci\u00f3n y Bienestar Animal del Municipio de Benito Ju\u00e1rez.<\/p>\n<p>En otro orden de ideas, le participo que M\u00e9xico requiere una inversi\u00f3n de alrededor de 80 mil millones de pesos anuales sostenidos para poder solucionar la problem\u00e1tica de la disponibilidad de agua en el pa\u00eds. Dicho monto se destinar\u00eda a \u00a0la construir nueva infraestructura h\u00eddrica y a mantener y reponer la existente; mejorar la eficiencia de los sistemas de agua potable y saneamiento; reducir el volumen de agua destinado al riego e impulsar proyectos de sectorizaci\u00f3n, programas de reparaci\u00f3n de fugas y adopci\u00f3n de tecnolog\u00eda, de acuerdo con Fernando J. Gonz\u00e1lez Villarreal, Coordinador T\u00e9cnico de la Red Agua UNAM y Director del Centro Regional de Seguridad H\u00eddrica bajo los auspicios de la UNESCO, y Eduardo V\u00e1zquez Herrera, Director Ejecutivo de Agua Capital, Fondo de Agua de la Ciudad de M\u00e9xico.<\/p>\n<p>De cara al 2023, los pron\u00f3sticos indican que la situaci\u00f3n de sequ\u00eda y escasez de agua en M\u00e9xico sigue siendo una emergencia que no puede aplazarse, sobre todo despu\u00e9s de la crisis que se vivi\u00f3 en el norte del pa\u00eds el a\u00f1o pasado.<\/p>\n<p>Seg\u00fan datos de la Comisi\u00f3n Nacional del Agua (CONAGUA), en M\u00e9xico, 76% del agua concesionada se destina a usos agr\u00edcolas \u2014agr\u00edcola, pecuario y acuacultura\u2014; 15% al uso p\u00fablico urbano-dom\u00e9stico y otros usos conectados a las redes de agua potable; 5% al uso no dom\u00e9stico autoabastecido \u2014industria, comercio y servicios\u2014; y 4% a la generaci\u00f3n de electricidad, excluida la hidroelectricidad.<\/p>\n<p>La baja eficiencia en el uso del agua en el sector agr\u00edcola y la p\u00e9rdida del 40% del volumen de agua que ingresa en la mayor\u00eda de los sistemas de agua potable, as\u00ed como \u00a0la insuficiente inversi\u00f3n en infraestructura h\u00eddrica, misma que ha decrecido paulatinamente, y la falta de un proyecto continuo de mantenimiento y sustituci\u00f3n de las redes de distribuci\u00f3n y de protecci\u00f3n de las fuentes de agua, son las principales causas para que el desabasto de recursos h\u00eddricos en M\u00e9xico contin\u00fae.<\/p>\n<p>La Red Agua UNAM, el Centro Regional de Seguridad H\u00eddrica, bajo los auspicios de la UNESCO, y Agua Capital, Fondo de Agua de la Ciudad de M\u00e9xico aseguran que estas acciones permitir\u00e1n contar con mayor racionalidad en las inversiones para la expansi\u00f3n de dichos sistemas y generar opciones viables que respondan a las necesidades sociales y econ\u00f3micas del pa\u00eds.<\/p>\n<p>Garantizar el acceso al agua segura para todos los mexicanos es un derecho fundamental, por ello, es urgente convertir a la seguridad h\u00eddrica en una prioridad nacional vienen beneficio del pa\u00eds y de las familias mexicanas; empero, lo anterior ser\u00e1 motivo de otro an\u00e1lisis en posterior entrega de <strong><em>Hora 14<\/em><\/strong>.<\/p>\n<p><em><a href=\"mailto:%20mauricio_conde@msn.com\" target=\"_blank\" rel=\"noopener noreferrer\">mauricioconde59@outlook.com<\/a><\/em><br \/>\n<em>Twitter: <a href=\"https:\/\/twitter.com\/mauconde\" target=\"_blank\" rel=\"noopener\">@mauconde<\/a><\/em><\/p>\n","protected":false},"excerpt":{"rendered":"<p><span style=\"color: #005497;\"><strong>Mauricio Conde Olivares<\/strong><\/span><\/p>\n","protected":false},"author":3,"featured_media":0,"comment_status":"open","ping_status":"open","sticky":false,"template":"","format":"standard","meta":{"_monsterinsights_skip_tracking":false,"_monsterinsights_sitenote_active":false,"_monsterinsights_sitenote_note":"","_monsterinsights_sitenote_category":0,"footnotes":""},"categories":[35889],"tags":[43712,43674,44860],"class_list":["post-572623","post","type-post","status-publish","format-standard","hentry","category-mauricio-conde-olivares","tag-mauricio-conde-olivares","tag-opinion","tag-hora-14"],"_links":{"self":[{"href":"https:\/\/www.diarioimagen.net\/index.php?rest_route=\/wp\/v2\/posts\/572623","targetHints":{"allow":["GET"]}}],"collection":[{"href":"https:\/\/www.diarioimagen.net\/index.php?rest_route=\/wp\/v2\/posts"}],"about":[{"href":"https:\/\/www.diarioimagen.net\/index.php?rest_route=\/wp\/v2\/types\/post"}],"author":[{"embeddable":true,"href":"https:\/\/www.diarioimagen.net\/index.php?rest_route=\/wp\/v2\/users\/3"}],"replies":[{"embeddable":true,"href":"https:\/\/www.diarioimagen.net\/index.php?rest_route=%2Fwp%2Fv2%2Fcomments&post=572623"}],"version-history":[{"count":0,"href":"https:\/\/www.diarioimagen.net\/index.php?rest_route=\/wp\/v2\/posts\/572623\/revisions"}],"wp:attachment":[{"href":"https:\/\/www.diarioimagen.net\/index.php?rest_route=%2Fwp%2Fv2%2Fmedia&parent=572623"}],"wp:term":[{"taxonomy":"category","embeddable":true,"href":"https:\/\/www.diarioimagen.net\/index.php?rest_route=%2Fwp%2Fv2%2Fcategories&post=572623"},{"taxonomy":"post_tag","embeddable":true,"href":"https:\/\/www.diarioimagen.net\/index.php?rest_route=%2Fwp%2Fv2%2Ftags&post=572623"}],"curies":[{"name":"wp","href":"https:\/\/api.w.org\/{rel}","templated":true}]}}