{"id":572668,"date":"2023-01-27T00:02:24","date_gmt":"2023-01-27T06:02:24","guid":{"rendered":"https:\/\/www.diarioimagen.net\/?p=572668"},"modified":"2023-01-27T03:07:32","modified_gmt":"2023-01-27T09:07:32","slug":"manuel-bartlett-reminiscencia-de-andres-manuel-lopez-obrador","status":"publish","type":"post","link":"https:\/\/www.diarioimagen.net\/?p=572668","title":{"rendered":"Manuel Bartlett, reminiscencia de Andr\u00e9s Manuel L\u00f3pez Obrador"},"content":{"rendered":"<h2>La Retaguardia<\/h2>\n<h5>Adriana Moreno Cordero<\/h5>\n<p>&nbsp;<\/p>\n<ul>\n<li><strong><em>El INE impugnar\u00e1 \u201cplan B\u201d de reforma electoral<\/em><\/strong><\/li>\n<\/ul>\n<p>&nbsp;<\/p>\n<p>Lo que se llev\u00f3 buena parte de la atenci\u00f3n en esta semana que cierra, es el pleito que, para variar, inici\u00f3 el presidente <strong>Andr\u00e9s Manuel L\u00f3pez Obrador<\/strong> en contra del INE, como parte de esa guerra que el de Tepetit\u00e1n ha implementado para extinguir a los \u00f3rganos electorales y en ese tema, sin duda y como lo dijo en entrevista el consejero-presidente del INE, <strong>Lorenzo C\u00f3rdova<\/strong>, afloraron las reminiscencias del inquilino de Palacio Nacional y esto es totalmente cierto porque en su gabinete se encuentra el art\u00edfice del fraude electoral de 1988, el ahora flamante director de la Comisi\u00f3n Federal de Electricidad, (CFE), <strong>Manuel Bartlett<\/strong>, quien desde que se pas\u00f3 al morenismo, recibi\u00f3 la exoneraci\u00f3n y \u201cbendici\u00f3n\u201d del \u201cmes\u00edas tropical\u201d, esto es, qued\u00f3 eximido de toda, digamos, culpabilidad electoral.<\/p>\n<p>\u00bfSer\u00e1 por eso que el Presidente quiere regresar a esas \u00e9pocas donde el gobierno controlaba todos los procesos electorales? Obvio s\u00ed.<\/p>\n<p>Pero lo que m\u00e1s le molest\u00f3 al Ejecutivo y lo dijo en su gustad\u00edsimo \u201cstand-up\u201d ma\u00f1anero, es que C\u00f3rdova Vianello se haya atrevido a desafiarlo y se\u00f1alara la manera en que el famoso y desafortunado \u201cplan B\u201d con que el tabasque\u00f1o quiere adue\u00f1arse de los comicios para dejar a su partido y por ende, a una de sus \u201ccorcholatas\u201d, impacta de forma determinante, tanto a nuestro sistema electoral como al voto y, evidentemente, causar\u00e1n conflictos post electorales y, en suma, dinamitar la democracia.<\/p>\n<p>Por toda respuesta, el inquilino de Palacio Nacional arremeti\u00f3 en contra del INE al se\u00f1alar que los consejeros, \u201cest\u00e1n usando esto de bandera para hacer politiquer\u00eda porque no hay ning\u00fan problema, ganaron porque van a seguir teniendo m\u00e1s presupuesto que ning\u00fan otro presupuesto en el mundo. C\u00f3mo se ha puesto en riesgo una elecci\u00f3n si el que ha hecho valer la democracia es el pueblo\u201d y lo m\u00e1s grave, el Ejecutivo acus\u00f3 a los consejeros de propiciar el relleno de urnas y otras pr\u00e1cticas antidemocr\u00e1ticas de las que por cierto, en los m\u00e1s recientes comicios, los morenistas han hecho gala.<\/p>\n<p>As\u00ed que se\u00f1alar que es el INE el que pone en riesgo los comicios, es un desprop\u00f3sito en toda la extensi\u00f3n de la palabra. Desde que el consejero presidente de dicho Instituto y el consejero Ciro Murayama anunciaron la presentaci\u00f3n de su libro \u201cLa Democracia no se toca\u201d, empez\u00f3 el berrinche presidencial\u00a0 porque ambos -C\u00f3rdova y Murayama- dieron a conocer que aunque se vayan del INE, su lucha a favor de la democracia continuar\u00e1 desde donde se encuentren y en el caso de Lorenzo C\u00f3rdova, ser\u00e1 como investigaci\u00f3n del Instituto de Investigaciones Jur\u00eddicas de la UNAM.<\/p>\n<p>Luego vino el anuncio de la marcha del pr\u00f3ximo 26 de febrero, lo que lo hizo enojar a\u00fan m\u00e1s y por eso, L\u00f3pez Obrador se invent\u00f3 aquello de una gran concentraci\u00f3n popular el pr\u00f3ximo 18 de marzo a modo de respuesta por la marcha y bueno, hasta no haber podido llevar &#8211; gratis porque no hay dinero-, a Bad Bunny al Z\u00f3calo capitalino, en esa tesitura de \u201cpan y circo\u201d que hay que aventarle al pueblo como graciosa caridad, termin\u00f3 con la bilis presidencial.<\/p>\n<p>Aparte, en estos recientes d\u00edas, el inquilino de Palacio Nacional ha visto como su supuesta \u201ccorcholata\u201d consentida, la jefa de Gobierno de la CDMX, Claudia Sheinbaum, \u201cClaudita\u201d como cari\u00f1osamente le dice la vapuleada gobernadora de Campeche, Layda Sansores, se est\u00e1 desinflando frente a sus ojos.<\/p>\n<p>Adem\u00e1s, hay que precisar que el tabasque\u00f1o no se fue solamente sobre el INE, tambi\u00e9n \u201cembarr\u00f3\u201d a la ciudadan\u00eda que participa justo el d\u00eda de la votaci\u00f3n. Por lo visto, de lo \u00fanico que se vale quien encabeza esta errada y llamada Cuarta Transformaci\u00f3n, es de la descalificiaci\u00f3n sobre todo cuando le fallan los argumentos y esos, nunca los tiene.<\/p>\n<p>Las declaraciones del Presidente causaron gran decepci\u00f3n en buena parte de la ciudadan\u00eda porque, de nueva cuenta, se pone en evidencia el \u00ednfimo nivel que tiene L\u00f3pez Obrador para estar en un debate, ya que s\u00f3lo sabe contestar con el h\u00edgado.<\/p>\n<p>La responsabilidad sobre este \u201cplan B\u201d se traslada ahora al Senado de la Rep\u00fablica, por lo que ser\u00e1 objeto de todas las atenciones, pero afortunadamente, el Consejo del INE acord\u00f3 impugnar las seis leyes que se proponen en dicho plan. Hay que recordar otra cuesti\u00f3n mencionada por el doctor Lorenzo C\u00f3rdova y que habla de su entereza por proteger a la democracia. Se\u00f1al\u00f3 que: \u201cVamos a combatir todas las decisiones que en estas normas ponen en entredicho y pr\u00e1cticamente desmantelan, descuartizan (&#8230;). Hoy sabemos, por testimonios que estuvieron presentes, que esa fue la palabra que utiliz\u00f3 el titular de la pol\u00edtica interior cuando fue a cabildear en el Senado para que sus legisladores de su partido votaran a favor de esta reforma\u201d.<\/p>\n<p>Un dato m\u00e1s que nos pudiera revelar que la \u201ccorcholata\u201d favorita de L\u00f3pez Obrador es ni m\u00e1s ni menos que el secretario de Gobernaci\u00f3n, <strong>Ad\u00e1n Augusto L\u00f3pez Hern\u00e1ndez<\/strong>, es que fue precisamente el responsable de la pol\u00edtica interna que ya arranc\u00f3 campa\u00f1a, exteriorizara la consigna de que lo que se trata, es de \u201cdescuartizar y destazar\u201d al INE.<\/p>\n<p style=\"text-align: center;\"><strong>Municiones<\/strong><\/p>\n<p>*** Mucho foro tuvo en la semana que concluye, el verdadero calvario que ha vivido la saxofonista <strong>Mar\u00eda Elena R\u00edos<\/strong>, b\u00e1sicamente en la parte de que el autor intelectual de la agresi\u00f3n que sufri\u00f3, <strong>Juan Antonio Vega Carrizal,<\/strong> pretend\u00eda pasar en prisi\u00f3n domiciliaria lo que resta del proceso en su contra. Algo que es necesario aclarar es que Vega Carrizal se ostent\u00f3 como ex diputado del PRI, sin embargo, se descubri\u00f3 que este individuo no es priista, sino que pertenece al PVEM. Cuando la agresi\u00f3n a Elena R\u00edos sucedi\u00f3, este personaje que ahora pretende burlar la ley, fue expulsado de las filas del tricolor. Otra cuesti\u00f3n es que Oaxaca ahora es un estado objeto de una serie de feminicidios y asesinatos tambi\u00e9n de hombres y llama poderosamente la atenci\u00f3n que no hay pr\u00e1cticamente ninguna reacci\u00f3n de parte de grupos feministas que han alzado la voz en apoyo de la saxofonista, pero aqu\u00ed bien cabr\u00eda preguntarse si estos otros sangrientos hechos no importan o qu\u00e9 pasa<\/p>\n<p>*** Parece que podr\u00eda ser la semana entrante cuando la situaci\u00f3n de <strong>Yasm\u00edn Esquivel<\/strong> pudiera empezar a definirse. Resulta que la presidenta del\u00a0<strong>Comit\u00e9 Universitario de \u00c9tica<\/strong>\u00a0de la UNAM, <strong>Elisa Speckman Guerra<\/strong>, convoc\u00f3 en su calidad de alumna ni m\u00e1s ni menos que a la vapuleada \u201cministra cachirula\u201d con el objetivo de que \u201cofrezca los argumentos y las pruebas que estime pertinentes, ya sea en forma personal o por conducto de un representante, garantiz\u00e1ndole su derecho de audiencia y de defensa\u201d. Tendr\u00e1 tiempo la se\u00f1ora Esquivel para reunir todas esas cartas que exhibi\u00f3 por las \u201cex benditas redes sociales\u201d en su vehemente intento por limpiar una imagen por dem\u00e1s manchada.<\/p>\n<p><u><a href=\"mailto:morcora@gmail.com\" target=\"_blank\" rel=\"noopener noreferrer\"><em>morcora@gmail.com<\/em><\/a><\/u><\/p>\n","protected":false},"excerpt":{"rendered":"<p><span style=\"color: #005497;\"><strong>Adriana Moreno Cordero<\/strong><\/span><\/p>\n","protected":false},"author":3,"featured_media":0,"comment_status":"open","ping_status":"open","sticky":false,"template":"","format":"standard","meta":{"_monsterinsights_skip_tracking":false,"_monsterinsights_sitenote_active":false,"_monsterinsights_sitenote_note":"","_monsterinsights_sitenote_category":0,"footnotes":""},"categories":[69370],"tags":[69369,69368,43674],"class_list":["post-572668","post","type-post","status-publish","format-standard","hentry","category-adriana-moreno-cordero","tag-adriana-moreno-cordero","tag-la-retaguardia","tag-opinion"],"_links":{"self":[{"href":"https:\/\/www.diarioimagen.net\/index.php?rest_route=\/wp\/v2\/posts\/572668","targetHints":{"allow":["GET"]}}],"collection":[{"href":"https:\/\/www.diarioimagen.net\/index.php?rest_route=\/wp\/v2\/posts"}],"about":[{"href":"https:\/\/www.diarioimagen.net\/index.php?rest_route=\/wp\/v2\/types\/post"}],"author":[{"embeddable":true,"href":"https:\/\/www.diarioimagen.net\/index.php?rest_route=\/wp\/v2\/users\/3"}],"replies":[{"embeddable":true,"href":"https:\/\/www.diarioimagen.net\/index.php?rest_route=%2Fwp%2Fv2%2Fcomments&post=572668"}],"version-history":[{"count":0,"href":"https:\/\/www.diarioimagen.net\/index.php?rest_route=\/wp\/v2\/posts\/572668\/revisions"}],"wp:attachment":[{"href":"https:\/\/www.diarioimagen.net\/index.php?rest_route=%2Fwp%2Fv2%2Fmedia&parent=572668"}],"wp:term":[{"taxonomy":"category","embeddable":true,"href":"https:\/\/www.diarioimagen.net\/index.php?rest_route=%2Fwp%2Fv2%2Fcategories&post=572668"},{"taxonomy":"post_tag","embeddable":true,"href":"https:\/\/www.diarioimagen.net\/index.php?rest_route=%2Fwp%2Fv2%2Ftags&post=572668"}],"curies":[{"name":"wp","href":"https:\/\/api.w.org\/{rel}","templated":true}]}}