{"id":572692,"date":"2023-01-27T00:06:14","date_gmt":"2023-01-27T06:06:14","guid":{"rendered":"https:\/\/www.diarioimagen.net\/?p=572692"},"modified":"2023-01-27T03:36:23","modified_gmt":"2023-01-27T09:36:23","slug":"tras-el-dinero","status":"publish","type":"post","link":"https:\/\/www.diarioimagen.net\/?p=572692","title":{"rendered":"Tras el dinero"},"content":{"rendered":"<h2>Aunque pese<\/h2>\n<h5>Salvador Mart\u00ednez Garc\u00eda<\/h5>\n<p>&nbsp;<\/p>\n<p>El inter\u00e9s fundamental de Estados Unidos en la solicitud de extradici\u00f3n de los grandes capos mexicanos (tambi\u00e9n de los de otras naciones) no es el castigo a los delincuentes ni tampoco cortar el suministro de drogas a su pa\u00eds, sino apropiarse de los incalculables recursos econ\u00f3micos amasados.<\/p>\n<p>El caso de Genaro Garc\u00eda Luna no es la excepci\u00f3n, por lo que resulta plausible la demanda del gobierno mexicano para rescatar por lo menos 750 millones de d\u00f3lares qu\u00e9 Garc\u00eda Luna obtuvo de contratos il\u00edcitos y que, desde luego, Washington los quiere para sus arcas.<\/p>\n<p>De acuerdo a la informaci\u00f3n de \u201cEl Pa\u00eds\u201d, la Unidad de Inteligencia Financiera (UIF), desde 2021, denunci\u00f3 ante una corte de Florida que el ex secretario de Seguridad P\u00fablica se apropi\u00f3 de 745.4 millones de d\u00f3lares a partir de 30 contratos simulados con la Polic\u00eda Federal, la Secretar\u00eda de Gobernaci\u00f3n y la Procuradur\u00eda (hoy Fiscal\u00eda) de la Ciudad de M\u00e9xico, entre 2009 y 2018.<\/p>\n<p>Se estima que m\u00e1s de la mitad de este monto corresponde a desv\u00edos desde la Secretar\u00eda de Gobernaci\u00f3n, entre 2013 y 2018, cuando Miguel \u00c1ngel Osorio Chong, fue su titular.<\/p>\n<p>Se sabe que los contratos fueron adjudicados a prestadores de Garc\u00eda Luna desde el entonces Cisen, \u00f3rgano de inteligencia del gobierno mexicano, encabezado por Eugenio \u00cdmaz.<\/p>\n<p>Entre los desv\u00edos se incluye un contrato de la entonces Procuradur\u00eda de Justicia capitalina de octubre de 2017 por 1.5 millones de d\u00f3lares. Era Edmundo Garrido Osorio el procurador y el Jefe de Gobierno de la Ciudad de M\u00e9xico, Miguel \u00c1ngel Mancera.<\/p>\n<p>Por todo ello deber\u00e1 proceder la insistencia del presidente L\u00f3pez Obrador de recuperar el dinero robado por Garc\u00eda Luna, pertenece a M\u00e9xico y ya est\u00e1 en litigio en juzgado de Florida. Esperemos.<\/p>\n<p style=\"text-align: center;\"><strong>Susurros<\/strong><\/p>\n<p>M\u00e9xico podr\u00e1 obtener la categor\u00eda 1 en seguridad a\u00e9rea en el pr\u00f3ximo mes de febrero, de acuerdo al resultado que arroje la auditor\u00eda por parte de la Administraci\u00f3n Federal de Aviaci\u00f3n (FAA, por sus siglas en ingl\u00e9s), que asiste a la Agencia Federal de Aviaci\u00f3n Civil (AFAC) de nuestro pa\u00eds.<\/p>\n<p>Esta asistencia se llevar\u00e1 a cabo del 6 al 10 de febrero pr\u00f3ximo para fortalecer la verificaci\u00f3n y seguridad operacional a\u00e9rea, entre otros elementos. Recordemos que desde hace casi 20 meses M\u00e9xico perdi\u00f3 la categor\u00eda 1 y esta es una buena oportunidad para rescatarla.<\/p>\n<p>Otro elemento que puede influir favorablemente para ello es que en marzo las operaciones de carga a\u00e9rea deber\u00e1n distribuirse en los aeropuertos de la zona metropolitana, especialmente el AIFA.<\/p>\n<p><a href=\"mailto:salvadormartinez@visionmx.com\" target=\"_blank\" rel=\"noopener\"><em>salvadormartinez@visionmx.com<\/em><\/a><br \/>\n<em>Twitter: <a href=\"https:\/\/twitter.com\/salvador_mtz\" target=\"_blank\" rel=\"noopener\">@salvador_mtz<\/a><\/em><\/p>\n","protected":false},"excerpt":{"rendered":"<p><span style=\"color: #005497;\"><strong>Salvador Mart\u00ednez Garc\u00eda<\/strong><\/span><\/p>\n","protected":false},"author":3,"featured_media":0,"comment_status":"open","ping_status":"open","sticky":false,"template":"","format":"standard","meta":{"_monsterinsights_skip_tracking":false,"_monsterinsights_sitenote_active":false,"_monsterinsights_sitenote_note":"","_monsterinsights_sitenote_category":0,"footnotes":""},"categories":[96743],"tags":[96744,43674,96745],"class_list":["post-572692","post","type-post","status-publish","format-standard","hentry","category-salvador-martinez-garcia","tag-aunque-pese","tag-opinion","tag-salvador-martinez-garcia"],"_links":{"self":[{"href":"https:\/\/www.diarioimagen.net\/index.php?rest_route=\/wp\/v2\/posts\/572692","targetHints":{"allow":["GET"]}}],"collection":[{"href":"https:\/\/www.diarioimagen.net\/index.php?rest_route=\/wp\/v2\/posts"}],"about":[{"href":"https:\/\/www.diarioimagen.net\/index.php?rest_route=\/wp\/v2\/types\/post"}],"author":[{"embeddable":true,"href":"https:\/\/www.diarioimagen.net\/index.php?rest_route=\/wp\/v2\/users\/3"}],"replies":[{"embeddable":true,"href":"https:\/\/www.diarioimagen.net\/index.php?rest_route=%2Fwp%2Fv2%2Fcomments&post=572692"}],"version-history":[{"count":0,"href":"https:\/\/www.diarioimagen.net\/index.php?rest_route=\/wp\/v2\/posts\/572692\/revisions"}],"wp:attachment":[{"href":"https:\/\/www.diarioimagen.net\/index.php?rest_route=%2Fwp%2Fv2%2Fmedia&parent=572692"}],"wp:term":[{"taxonomy":"category","embeddable":true,"href":"https:\/\/www.diarioimagen.net\/index.php?rest_route=%2Fwp%2Fv2%2Fcategories&post=572692"},{"taxonomy":"post_tag","embeddable":true,"href":"https:\/\/www.diarioimagen.net\/index.php?rest_route=%2Fwp%2Fv2%2Ftags&post=572692"}],"curies":[{"name":"wp","href":"https:\/\/api.w.org\/{rel}","templated":true}]}}