{"id":572730,"date":"2023-01-30T00:04:28","date_gmt":"2023-01-30T06:04:28","guid":{"rendered":"https:\/\/www.diarioimagen.net\/?p=572730"},"modified":"2023-01-30T03:10:39","modified_gmt":"2023-01-30T09:10:39","slug":"designa-el-pri-a-sandra-mendez-como-representante-ante-el-ieem","status":"publish","type":"post","link":"https:\/\/www.diarioimagen.net\/?p=572730","title":{"rendered":"Designa el PRI a Sandra M\u00e9ndez como representante ante el IEEM"},"content":{"rendered":"<p>&nbsp;<\/p>\n<ul>\n<li><strong><em>Sustituye a Tonatiuh Medina<\/em> <\/strong><\/li>\n<\/ul>\n<p><strong>\u00a0<\/strong><\/p>\n<h6>Arturo Baena<\/h6>\n<p>&nbsp;<\/p>\n<div id=\"attachment_572821\" style=\"width: 470px\" class=\"wp-caption aligncenter\"><a href=\"https:\/\/www.diarioimagen.net\/?attachment_id=572821\" rel=\"attachment wp-att-572821\"><img loading=\"lazy\" decoding=\"async\" aria-describedby=\"caption-attachment-572821\" class=\"size-full wp-image-572821\" src=\"https:\/\/www.diarioimagen.net\/wp-content\/uploads\/2023\/01\/designa-pri.jpg\" alt=\"\" width=\"460\" height=\"270\" \/><\/a><p id=\"caption-attachment-572821\" class=\"wp-caption-text\">El PRI mexiquense design\u00f3 a Sandra M\u00e9ndez Hern\u00e1ndez, como su representante ante el Consejo General del Instituto Electoral del Estado de M\u00e9xico.<\/p><\/div>\n<p>&nbsp;<\/p>\n<p><strong>Valle de M\u00e9xico.\u2014<\/strong>\u00a0 Sandra M\u00e9ndez Hern\u00e1ndez, con maestr\u00eda en Derecho, ser\u00e1 la nueva representante del Partido Revolucionario Institucional (PRI) ante el Consejo General del Instituto Electoral del Estado de M\u00e9xico (IEEM) y\u00a0 ser\u00e1 quien defienda la causa del tricolor y los intereses de la alianza Va por el Estado de M\u00e9xico (PRI-PAN-PRD-Nueva Alianza Estado de M\u00e9xico) en el proceso electoral de este a\u00f1o.<\/p>\n<p>M\u00e9ndez Hern\u00e1ndez\u00a0 ha sido diputada local y federal, cuenta con dos licenciaturas, la primera en Derecho por la Universidad Mexicana, y la segunda en Educaci\u00f3n F\u00edsica, Deporte y Recreaci\u00f3n.<\/p>\n<p>Sandra M\u00e9ndez sustituye a Tonatiuh Medina, quien estuvo como representante del Partido Revolucionario Institucional ante el Consejo General del Instituto Electoral del Estado de M\u00e9xico durante los \u00faltimos meses.<\/p>\n<p>Sandra M\u00e9ndez Hern\u00e1ndez rindi\u00f3 protesta estatutaria en la sede estatal del Partido Revolucionario Institucional, ante el presidente del Comit\u00e9 Directivo Estatal (CDE), Eric Sevilla Montes de Oca, quien la exhort\u00f3 a poner toda su experiencia y capacidades personales y profesionales al servicio de la militancia del tricolor.<\/p>\n<p>La nueva represente del PRI ante el IEEM se comprometi\u00f3 a defender, siempre en apego a la legalidad, la causa de la hoy precandidata Alejandra del Moral Vela y del Partido Revolucionario Institucional.<\/p>\n","protected":false},"excerpt":{"rendered":"<p>Sandra M\u00e9ndez Hern\u00e1ndez, con maestr\u00eda en Derecho, ser\u00e1 la nueva representante del Partido Revolucionario Institucional (PRI) ante el Consejo General del Instituto Electoral del Estado de M\u00e9xico (IEEM) y\u00a0 ser\u00e1 quien defienda la causa del tricolor y los intereses de la alianza Va por el Estado de M\u00e9xico (PRI-PAN-PRD-Nueva Alianza Estado de M\u00e9xico) en el proceso electoral de este a\u00f1o.<\/p>\n","protected":false},"author":3,"featured_media":572821,"comment_status":"open","ping_status":"open","sticky":false,"template":"","format":"standard","meta":{"_monsterinsights_skip_tracking":false,"_monsterinsights_sitenote_active":false,"_monsterinsights_sitenote_note":"","_monsterinsights_sitenote_category":0,"footnotes":""},"categories":[5],"tags":[694,362,34],"class_list":["post-572730","post","type-post","status-publish","format-standard","has-post-thumbnail","hentry","category-estado-de-mexico","tag-ieem","tag-pri","tag-valle-de-mexico"],"_links":{"self":[{"href":"https:\/\/www.diarioimagen.net\/index.php?rest_route=\/wp\/v2\/posts\/572730","targetHints":{"allow":["GET"]}}],"collection":[{"href":"https:\/\/www.diarioimagen.net\/index.php?rest_route=\/wp\/v2\/posts"}],"about":[{"href":"https:\/\/www.diarioimagen.net\/index.php?rest_route=\/wp\/v2\/types\/post"}],"author":[{"embeddable":true,"href":"https:\/\/www.diarioimagen.net\/index.php?rest_route=\/wp\/v2\/users\/3"}],"replies":[{"embeddable":true,"href":"https:\/\/www.diarioimagen.net\/index.php?rest_route=%2Fwp%2Fv2%2Fcomments&post=572730"}],"version-history":[{"count":0,"href":"https:\/\/www.diarioimagen.net\/index.php?rest_route=\/wp\/v2\/posts\/572730\/revisions"}],"wp:featuredmedia":[{"embeddable":true,"href":"https:\/\/www.diarioimagen.net\/index.php?rest_route=\/wp\/v2\/media\/572821"}],"wp:attachment":[{"href":"https:\/\/www.diarioimagen.net\/index.php?rest_route=%2Fwp%2Fv2%2Fmedia&parent=572730"}],"wp:term":[{"taxonomy":"category","embeddable":true,"href":"https:\/\/www.diarioimagen.net\/index.php?rest_route=%2Fwp%2Fv2%2Fcategories&post=572730"},{"taxonomy":"post_tag","embeddable":true,"href":"https:\/\/www.diarioimagen.net\/index.php?rest_route=%2Fwp%2Fv2%2Ftags&post=572730"}],"curies":[{"name":"wp","href":"https:\/\/api.w.org\/{rel}","templated":true}]}}