{"id":572734,"date":"2023-01-30T00:01:42","date_gmt":"2023-01-30T06:01:42","guid":{"rendered":"https:\/\/www.diarioimagen.net\/?p=572734"},"modified":"2023-01-30T03:12:33","modified_gmt":"2023-01-30T09:12:33","slug":"rinden-protesta-integrantes-del-nuevo-consejo-directivo-del-colegio-de-notarios-en-edomex","status":"publish","type":"post","link":"https:\/\/www.diarioimagen.net\/?p=572734","title":{"rendered":"Rinden protesta integrantes del nuevo Consejo Directivo del Colegio de Notarios, en Edomex"},"content":{"rendered":"<p>&nbsp;<\/p>\n<ul>\n<li><em><strong>Pide Del Mazo proteger el Estado de Derecho<\/strong><\/em><\/li>\n<\/ul>\n<p><strong>\u00a0<\/strong><\/p>\n<h6>Arturo Baena<\/h6>\n<p>&nbsp;<\/p>\n<div id=\"attachment_572827\" style=\"width: 470px\" class=\"wp-caption aligncenter\"><a href=\"https:\/\/www.diarioimagen.net\/?attachment_id=572827\" rel=\"attachment wp-att-572827\"><img loading=\"lazy\" decoding=\"async\" aria-describedby=\"caption-attachment-572827\" class=\"size-full wp-image-572827\" src=\"https:\/\/www.diarioimagen.net\/wp-content\/uploads\/2023\/01\/rindenprotesta.jpg\" alt=\"\" width=\"460\" height=\"270\" \/><\/a><p id=\"caption-attachment-572827\" class=\"wp-caption-text\">El gobernador Alfredo Del Mazo Maza tom\u00f3 protesta a los integrantes del Consejo Directivo del Colegio de Notarios estatal, que encabeza Juan Casta\u00f1eda Salinas.<\/p><\/div>\n<p>&nbsp;<\/p>\n<p><strong>Toluca, Estado de M\u00e9xico.\u2014<\/strong> En la toma de protesta de los integrantes del Consejo Directivo del Colegio de Notarios estatal, el gobernador Alfredo Del Mazo Maza pidi\u00f3 al gremio notarial trabajar en coordinaci\u00f3n e iniciar este nuevo ciclo asumiendo el compromiso con la protecci\u00f3n del Estado de Derecho, el respeto a la ley, el desarrollo equitativo y el bienestar de la sociedad del Estado de M\u00e9xico.<\/p>\n<p>\u201cHoy que iniciamos una nueva etapa en la historia del Colegio de Notarios, refrendemos la responsabilidad que esta instituci\u00f3n comparte con quienes servimos a la ciudadan\u00eda. Iniciemos juntos este nuevo ciclo asumiendo nuestro compromiso con la protecci\u00f3n del Estado de Derecho, el respeto a la ley, el desarrollo equitativo, y bienestar de cada familia mexiquense\u201d, puntualiz\u00f3.<\/p>\n<p>Ante los nuevos miembros de este colegio, cuya junta directiva ser\u00e1 encabezada por Juan Casta\u00f1eda Salinas, el mandatario mexiquense confi\u00f3 en que sabr\u00e1n mantener los avances, el crecimiento profesional y el prestigio de esta instituci\u00f3n.<\/p>\n<p>En el mensaje que dirigi\u00f3 a notarias y notarios de las 201 notar\u00edas establecidas en la entidad, el gobernador Del Mazo recalc\u00f3 que por su confiabilidad, transparencia e imparcialidad, este gremio es leg\u00edtimo representante de los intereses jur\u00eddicos de las familias, en el marco del di\u00e1logo, la fe p\u00fablica y la mediaci\u00f3n c\u00edvica.<\/p>\n<p>En el Estado de M\u00e9xico, refiri\u00f3 el mandatario, existe una estrecha colaboraci\u00f3n entre la administraci\u00f3n estatal y el gremio notarial, ejemplo de ello son las 144 Caravanas por la Justicia Cotidiana, donde 48 notarios brindaron 4 mil 500 asesor\u00edas, registraron operaciones de compra-venta y otorgaron sucesiones, cancelaciones de hipotecas y m\u00e1s de 3 mil 400 testamentos.<\/p>\n","protected":false},"excerpt":{"rendered":"<p>En la toma de protesta de los integrantes del Consejo Directivo del Colegio de Notarios estatal, el gobernador Alfredo Del Mazo Maza pidi\u00f3 al gremio notarial trabajar en coordinaci\u00f3n e iniciar este nuevo ciclo asumiendo el compromiso con la protecci\u00f3n del Estado de Derecho, el respeto a la ley, el desarrollo equitativo y el bienestar de la sociedad del Estado de M\u00e9xico.<\/p>\n","protected":false},"author":3,"featured_media":572827,"comment_status":"open","ping_status":"open","sticky":false,"template":"","format":"standard","meta":{"_monsterinsights_skip_tracking":false,"_monsterinsights_sitenote_active":false,"_monsterinsights_sitenote_note":"","_monsterinsights_sitenote_category":0,"footnotes":""},"categories":[5],"tags":[2505,92773,43675,452],"class_list":["post-572734","post","type-post","status-publish","format-standard","has-post-thumbnail","hentry","category-estado-de-mexico","tag-alfredo-del-mazo-maza","tag-consejo-directivo-del-colegio-de-notarios","tag-estado-de-mexico","tag-toluca"],"_links":{"self":[{"href":"https:\/\/www.diarioimagen.net\/index.php?rest_route=\/wp\/v2\/posts\/572734","targetHints":{"allow":["GET"]}}],"collection":[{"href":"https:\/\/www.diarioimagen.net\/index.php?rest_route=\/wp\/v2\/posts"}],"about":[{"href":"https:\/\/www.diarioimagen.net\/index.php?rest_route=\/wp\/v2\/types\/post"}],"author":[{"embeddable":true,"href":"https:\/\/www.diarioimagen.net\/index.php?rest_route=\/wp\/v2\/users\/3"}],"replies":[{"embeddable":true,"href":"https:\/\/www.diarioimagen.net\/index.php?rest_route=%2Fwp%2Fv2%2Fcomments&post=572734"}],"version-history":[{"count":0,"href":"https:\/\/www.diarioimagen.net\/index.php?rest_route=\/wp\/v2\/posts\/572734\/revisions"}],"wp:featuredmedia":[{"embeddable":true,"href":"https:\/\/www.diarioimagen.net\/index.php?rest_route=\/wp\/v2\/media\/572827"}],"wp:attachment":[{"href":"https:\/\/www.diarioimagen.net\/index.php?rest_route=%2Fwp%2Fv2%2Fmedia&parent=572734"}],"wp:term":[{"taxonomy":"category","embeddable":true,"href":"https:\/\/www.diarioimagen.net\/index.php?rest_route=%2Fwp%2Fv2%2Fcategories&post=572734"},{"taxonomy":"post_tag","embeddable":true,"href":"https:\/\/www.diarioimagen.net\/index.php?rest_route=%2Fwp%2Fv2%2Ftags&post=572734"}],"curies":[{"name":"wp","href":"https:\/\/api.w.org\/{rel}","templated":true}]}}