{"id":572775,"date":"2023-01-30T00:03:22","date_gmt":"2023-01-30T06:03:22","guid":{"rendered":"https:\/\/www.diarioimagen.net\/?p=572775"},"modified":"2023-01-30T01:59:38","modified_gmt":"2023-01-30T07:59:38","slug":"se-entibian-campanas-en-edomex","status":"publish","type":"post","link":"https:\/\/www.diarioimagen.net\/?p=572775","title":{"rendered":"Se entibian campa\u00f1as en Edomex"},"content":{"rendered":"<h2>Espacio Electoral<\/h2>\n<h5>Eleazar Flores<\/h5>\n<p>&nbsp;<\/p>\n<p><strong>DIAGN\u00d3STICO-.<\/strong> En forma somera, el primer diagn\u00f3stico hecho casi hasta por ley pero que se dar\u00e1 a conocer en tiempo y forma, sintetiza: Delfina tiene m\u00e1s propaganda y gente en sus eventos, un discurso plano como cuando empez\u00f3, y la \u201cvaliente\u201d Alejandra del Moral tiene menos espectaculares, menos gente en sus actos p\u00fablicos y un discurso poquito \u201cmenos peor\u201d que cuando empez\u00f3.<\/p>\n<p>Ahora que el m\u00e9rito no es totalmente personal, cuentan con el auxilio de \u201cextranjeros\u201d nacionales, el metepequense Oscar Gonz\u00e1lez del PT, respaldando a la precandidata de Morena, y el priista Manlio Fabio Beltrones y el perredista Jes\u00fas Zambrano, que ayudan cuando menos en forma medi\u00e1tica, que tambi\u00e9n hace mucha falta a las abanderadas.<\/p>\n<p>La profesora Delfina G\u00f3mez \u00c1lvarez estuvo arropada tambi\u00e9n por la dirigencia estatal del PVEM en Valle de Bravo, que las malas lenguas lo consideran territorio \u201cmoreno\u201d desde que obligaron hace casi tres a\u00f1os a que la candidata priista renunciara, no obstante que iba adelante en las encuestas.<\/p>\n<p>La izcallense Alejandra Del Moral estuvo flanqueada en Ixtapan de la Sal por priistas y perredistas, municipio donde en las \u00faltimas semanas ha sido sede de encuentros violentos entre uniformados policiales nacionales y estatales contra presuntos grupos de la delincuencia organizada, con saldo de heridos pero sin dar con culpable visibles de estas balaceras.<\/p>\n<p>A semana y media de que concluyan estas precampa\u00f1as vendr\u00e1 mayor ruido cuando como cabezas de serie, la morenista Delfina G\u00f3mez haga su mitin de coalici\u00f3n con figuras\u00a0 nacionales de Morena, PVEM y PT en pleno centro de Toluca.<\/p>\n<p>Por su parte, Alejandra Del Moral har\u00e1 evento similar, pero con la presencia de los dirigentes nacionales de PRI, PAN y PRD, con intervenciones de todos ellos.<\/p>\n<p><strong>AMLO CONTRA INE-.<\/strong> La guerra entre el presidente Andr\u00e9s Manuel L\u00f3pez Obrador y sus ej\u00e9rcitos partidistas y de redes sociales en contra del INE va a seguir esta semana, sin verse un corto horizonte para terminarla, pues grupos sociales del sector privado y otros tambi\u00e9n tiene deseos de participar para defender al \u00e1rbitro electoral de las embestidas presidenciales y sus simpatizantes.<\/p>\n<p>Adem\u00e1s del manual para defender el voto dado a conocer el s\u00e1bado por los autores del mismo, o sea Lorenzo C\u00f3rdova y Ciro Murayama, la presentaci\u00f3n oficial se hizo ayer domingo por la periodista Carmen Aristegui, \u2014as\u00ed estaba programado\u2014, lo que seguramente es un aderezo \u00e1cido para los de la Cuarta Transformaci\u00f3n.<\/p>\n<p>Acerca del famoso \u201cplan B\u201d, hay mucho para desmenuzar o \u201canalizar\u201d se dir\u00eda m\u00e1s elegantemente, sin embargo, es lo que m\u00e1s irrita al h\u00edgado tabasque\u00f1o, pues con el marco jur\u00eddico actual ser\u00eda suficiente para declarar triunfadores a partido y candidatos, pero sin arrasar como en 2018, lo que preocupa a AMLO.<\/p>\n<p><em><a href=\"mailto:elefa44@gmail.com\" target=\"_blank\" rel=\"noopener noreferrer\">lefa44@gmail.com<\/a><\/em><\/p>\n","protected":false},"excerpt":{"rendered":"<p><span style=\"color: #005497;\"><strong>Eleazar Flores<\/strong><\/span><\/p>\n","protected":false},"author":3,"featured_media":0,"comment_status":"open","ping_status":"open","sticky":false,"template":"","format":"standard","meta":{"_monsterinsights_skip_tracking":false,"_monsterinsights_sitenote_active":false,"_monsterinsights_sitenote_note":"","_monsterinsights_sitenote_category":0,"footnotes":""},"categories":[81743],"tags":[81744,81776,43674],"class_list":["post-572775","post","type-post","status-publish","format-standard","hentry","category-eleazar-flores","tag-eleazar-flores","tag-espacio-electoral","tag-opinion"],"_links":{"self":[{"href":"https:\/\/www.diarioimagen.net\/index.php?rest_route=\/wp\/v2\/posts\/572775","targetHints":{"allow":["GET"]}}],"collection":[{"href":"https:\/\/www.diarioimagen.net\/index.php?rest_route=\/wp\/v2\/posts"}],"about":[{"href":"https:\/\/www.diarioimagen.net\/index.php?rest_route=\/wp\/v2\/types\/post"}],"author":[{"embeddable":true,"href":"https:\/\/www.diarioimagen.net\/index.php?rest_route=\/wp\/v2\/users\/3"}],"replies":[{"embeddable":true,"href":"https:\/\/www.diarioimagen.net\/index.php?rest_route=%2Fwp%2Fv2%2Fcomments&post=572775"}],"version-history":[{"count":0,"href":"https:\/\/www.diarioimagen.net\/index.php?rest_route=\/wp\/v2\/posts\/572775\/revisions"}],"wp:attachment":[{"href":"https:\/\/www.diarioimagen.net\/index.php?rest_route=%2Fwp%2Fv2%2Fmedia&parent=572775"}],"wp:term":[{"taxonomy":"category","embeddable":true,"href":"https:\/\/www.diarioimagen.net\/index.php?rest_route=%2Fwp%2Fv2%2Fcategories&post=572775"},{"taxonomy":"post_tag","embeddable":true,"href":"https:\/\/www.diarioimagen.net\/index.php?rest_route=%2Fwp%2Fv2%2Ftags&post=572775"}],"curies":[{"name":"wp","href":"https:\/\/api.w.org\/{rel}","templated":true}]}}