{"id":572778,"date":"2023-01-30T00:11:43","date_gmt":"2023-01-30T06:11:43","guid":{"rendered":"https:\/\/www.diarioimagen.net\/?p=572778"},"modified":"2023-01-30T02:01:49","modified_gmt":"2023-01-30T08:01:49","slug":"aun-estan-a-tiempo-de-aliviar-la-psiquis-de-amlo","status":"publish","type":"post","link":"https:\/\/www.diarioimagen.net\/?p=572778","title":{"rendered":"A\u00fan est\u00e1n a tiempo de aliviar la psiquis de AMLO"},"content":{"rendered":"<h2>\u00cdndice pol\u00edtico<\/h2>\n<h5>Francisco Rodr\u00edguez<\/h5>\n<p>&nbsp;<\/p>\n<p>Los m\u00e9dicos militares que cuidan la salud del se\u00f1or <strong>Andr\u00e9s Manuel L\u00f3pez Obrador<\/strong> han hecho un espl\u00e9ndido trabajo.<\/p>\n<p>El resultado es que, pese a todas las graves enfermedades que padece, a\u00fan se mantiene de pie y, casi a diario, durante al menos un par de horas.<\/p>\n<p>Lo que no s\u00e9, de plano, es si el mismo cuidado que recibe su f\u00edsico tambi\u00e9n lo obtiene su psiquis.<\/p>\n<p>Y le comento esto porque de vez en vez pareciera que el jefe del Estado mexicano padece de alguna enfermedad mental que lo acerca a la bipolaridad.<\/p>\n<p>\u201cNo es para tanto \u2014me explica un experto\u2014, al menos a\u00fan no llega a tanto, me dice, luego de que le comento como en el transcurso de una sola de sus matin\u00e9s transmitidas desde Palacio Nacional cambia de estado de \u00e1nimo m\u00e1s frecuentemente que cualquier otra persona que, digamos, es \u201cnormal\u201d.<\/p>\n<p>Le pongo como ejemplo la matin\u00e9 pol\u00edtico-et\u00edlico-literario-musical de este muy reciente mi\u00e9rcoles 25 de enero. Hace poco m\u00e1s de media semana.<\/p>\n<p>Primero, euf\u00f3rico:<\/p>\n<p>Se\u00f1ala que la refiner\u00eda de Dos Bocas producir\u00e1 a toda su capacidad en 2024.<\/p>\n<p>Luego, enojado:<\/p>\n<p>\u201c\u00a1Ya chole!\u201d, truena literalmente por la nueva marcha para defender al INE.<\/p>\n<p>E inmediatamente despu\u00e9s otra vez, alegre, contento:<\/p>\n<p>Anuncia \u201cpachang\u00f3n\u201d en el Z\u00f3calo por aniversario de la Expropiaci\u00f3n Petrolera.<\/p>\n<p>Y tras ello regresa a su ya proverbial estado an\u00edmico de \u00e9l, s\u00f3lo \u00e9l, como v\u00edctima. \u00a1Pobrecito!<\/p>\n<p>Y arremete contra <strong>Lorenzo C\u00f3rdova<\/strong> y <strong>Ciro Murayama<\/strong> de quienes dice, sin verse en ese espejo, que \u201cno tienen vocaci\u00f3n democr\u00e1tica\u201d.<\/p>\n<p>Prosigue montado en santa c\u00f3lera:<\/p>\n<p>Llama \u201cacomodaticios\u201d y \u201carribistas a los consejeros del INE por alertar del plan oculto en el Plan B de la reforma electoral.<\/p>\n<p>Y se va de largo en contra de otro de los \u00f3rganos constitucionales aut\u00f3nomos del Estado:<\/p>\n<p>As\u00ed, acusa que el INAI no sirve para transparentar informaci\u00f3n p\u00fablica.<\/p>\n<p>Y advierte que volver\u00e1 a mandar otra iniciativa para que ning\u00fan funcionario gane m\u00e1s que el Presidente.<\/p>\n<p>Tambi\u00e9n condena la incursi\u00f3n del Ej\u00e9rcito con tanques en universidades en Per\u00fa.<\/p>\n<p>\u201cNo me quiero re\u00edr a carcajadas\u201d, dice, tras apuntar que el Sistema Anticorrupci\u00f3n es simulaci\u00f3n y gasto innecesario.<\/p>\n<p>As\u00ed. Del enojo y hasta del encabronamiento, pasando por la frustraci\u00f3n y regresando a la ira, tratando de equilibrar con buenas noticias como su mitin para competir \u2014todos los gastos de los chairos pagados\u2014 con el que organiza la sociedad\u2026 hasta conteni\u00e9ndose para \u201cno re\u00edr a carcajadas\u201d.<\/p>\n<p>Todos los estados de \u00e1nimo en el lapso de dos horas.<\/p>\n<p style=\"text-align: center;\"><strong>Que a\u00fan no es bipolar, pero\u2026<\/strong><\/p>\n<p>\u00bfEs no o no es bipolar? \u2014repregunto.<\/p>\n<p>\u2014No, no es bipolar\u2026 todav\u00eda. Los cambios en el estado de \u00e1nimo constantes y de forma brusca, los que pasan de la euforia a la depresi\u00f3n en un m\u00ednimo periodo de tiempo, aunque sin llegar a sufrir una depresi\u00f3n mayor ni un trastorno bipolar padecen ciclotimia, \u2014me responde el experto.<\/p>\n<p>Y la ciclotimia es un trastorno del estado de \u00e1nimo cr\u00f3nico con variaciones de episodios hipoman\u00edacos y depresivos leves.<\/p>\n<p>Ni los s\u00edntomas hipoman\u00edacos ni los depresivos son lo suficientemente graves como para que llegue a considerarse que AMLO sufre de un episodio man\u00edaco o depresivo mayor.<\/p>\n<p>Todav\u00eda\u2026<\/p>\n<p style=\"text-align: center;\"><strong>Indicios<\/strong><\/p>\n<p><strong>Claudia Sheinbaum<\/strong> tampoco parece estar en sus cabales ps\u00edquicos. Act\u00faa como ni\u00f1a de siete a\u00f1os que corre a los brazos de su padre (pol\u00edtico, en este caso) para que la abrace, la proteja y la defienda, \u2014incluso agrediendo\u2014 de aquellos que ella siente (siente, no sabe si es verdad o no lo es) la agreden, se burlan de ella, le hacen \u201cmaldades\u201d y todo porque no quieren que papi le d\u00e9 la canasta de caramelos que ella cree merecer. Es una suerte de regresi\u00f3n a la infancia, aunque la se\u00f1ora ya rebasa las seis d\u00e9cadas. Lo peor es que ella misma prepara las que aparentemente, s\u00f3lo aparentemente, son ardides en su contra. No s\u00f3lo son los \u201csabotaje,je,je,jes\u201d en el trenecito con el que juega y en el que juega con la vida de los usuarios. Ahora es su condisc\u00edpula del \u201c2\u00b0 B\u201d, la que en su cuaderno escribi\u00f3 cosas que ella considera la malquistan son su papi\u2026 aunque todas sean ciertas. As\u00ed que llam\u00f3 al prefecto, al director de la primaria y a la inspectora de zona para que actuaran en contra de ella, la confinaran en el sal\u00f3n de los castigos y hasta la amenazaran con quitarle su dinero para comprar caramelos en la cooperativa escolar. Es una ni\u00f1a con cola de caballo. Con cola de caballo de ni\u00f1a. \u00bfO no? * * * Para alegr\u00eda y beneficio de la oposici\u00f3n la divisi\u00f3n en Morena va viento en popa. No s\u00f3lo es la campechana <strong>Layda Sansores<\/strong> \u2014quien siempre sale a la defensa de su compa\u00f1erita <em>Claudita<\/em>, como llama tiernamente a la jefa de Gobierno\u2014 en contra del l\u00edder senatorial <strong>Ricardo Monreal, <\/strong>tambi\u00e9n la fragmentaci\u00f3n del movimiento de AMLO se da entre los l\u00edderes del Legislativo: En San L\u00e1zaro, este lunes, se pondr\u00e1 a prueba el liderazgo de <strong>Ignacio Mier<\/strong> en la bancada morenista. Y es que en la plenaria de su grupo parlamentario deber\u00e1 controlar a sus huestes para proporcionar piso parejo a los cuatro aspirantes oficiales de Morena a la Presidencia de la Rep\u00fablica, lo que s\u00ed alcanz\u00f3 el zacatecano. \u00a1Vaya brete! Y es que ya tuvo un acto de rebeld\u00eda al ignorar a Monreal, pero seguramente que le jalaron las orejas y tuvo que rectificar e invitarlo al convite. La plenaria de Morena en Diputados es la prueba de fuego para el poblano que compite en familia y para el partido que presume democracia y cancha igualitaria. * * * Por hoy es todo. Agradezco que haya le\u00eddo esta colaboraci\u00f3n hasta el final. Le aviso que durante unos pocos pr\u00f3ximos d\u00edas el <strong>\u00cdndice Pol\u00edtico<\/strong> abrir\u00e1 una pausa para que el escribidor termine de arreglar un problema de orden m\u00e9dico que, hasta donde s\u00e9, por fortuna no es psiqui\u00e1trico. Mientras, como siempre, le deseo \u00a1buenas gracias y muchos, muchos d\u00edas!<\/p>\n<p><em><u><a href=\"http:\/\/www.indicepolitico.com\" target=\"_blank\" rel=\"noopener noreferrer\">www.indicepolitico.com<\/a><\/u><u><br \/>\n<\/u><a href=\"mailto:indicepolitico@gmail.com\" target=\"_blank\" rel=\"noopener noreferrer\">indicepolitico@gmail.com<\/a><\/em><br \/>\n<em><a href=\"https:\/\/twitter.com\/indicepolitico?lang=es\" target=\"_blank\" rel=\"noopener noreferrer\">@IndicePolitico<\/a><\/em><br \/>\n<em><u><a href=\"https:\/\/twitter.com\/pacorodriguez\" target=\"_blank\" rel=\"noopener noreferrer\">@pacorodriguez<\/a><\/u><\/em><\/p>\n","protected":false},"excerpt":{"rendered":"<p><span style=\"color: #005497;\"><strong>Francisco Rodr\u00edguez<\/strong><\/span><\/p>\n","protected":false},"author":3,"featured_media":0,"comment_status":"open","ping_status":"open","sticky":false,"template":"","format":"standard","meta":{"_monsterinsights_skip_tracking":false,"_monsterinsights_sitenote_active":false,"_monsterinsights_sitenote_note":"","_monsterinsights_sitenote_category":0,"footnotes":""},"categories":[549],"tags":[43689,550,43674],"class_list":["post-572778","post","type-post","status-publish","format-standard","hentry","category-francisco-rodriguez","tag-francisco-rodriguez","tag-indice-politico","tag-opinion"],"_links":{"self":[{"href":"https:\/\/www.diarioimagen.net\/index.php?rest_route=\/wp\/v2\/posts\/572778","targetHints":{"allow":["GET"]}}],"collection":[{"href":"https:\/\/www.diarioimagen.net\/index.php?rest_route=\/wp\/v2\/posts"}],"about":[{"href":"https:\/\/www.diarioimagen.net\/index.php?rest_route=\/wp\/v2\/types\/post"}],"author":[{"embeddable":true,"href":"https:\/\/www.diarioimagen.net\/index.php?rest_route=\/wp\/v2\/users\/3"}],"replies":[{"embeddable":true,"href":"https:\/\/www.diarioimagen.net\/index.php?rest_route=%2Fwp%2Fv2%2Fcomments&post=572778"}],"version-history":[{"count":0,"href":"https:\/\/www.diarioimagen.net\/index.php?rest_route=\/wp\/v2\/posts\/572778\/revisions"}],"wp:attachment":[{"href":"https:\/\/www.diarioimagen.net\/index.php?rest_route=%2Fwp%2Fv2%2Fmedia&parent=572778"}],"wp:term":[{"taxonomy":"category","embeddable":true,"href":"https:\/\/www.diarioimagen.net\/index.php?rest_route=%2Fwp%2Fv2%2Fcategories&post=572778"},{"taxonomy":"post_tag","embeddable":true,"href":"https:\/\/www.diarioimagen.net\/index.php?rest_route=%2Fwp%2Fv2%2Ftags&post=572778"}],"curies":[{"name":"wp","href":"https:\/\/api.w.org\/{rel}","templated":true}]}}