{"id":572997,"date":"2023-02-01T00:06:55","date_gmt":"2023-02-01T06:06:55","guid":{"rendered":"https:\/\/www.diarioimagen.net\/?p=572997"},"modified":"2023-02-02T00:59:00","modified_gmt":"2023-02-02T06:59:00","slug":"uaemex-acerca-el-teatro-a-las-infancias-a-traves-de-la-puesta-en-escena-sonar","status":"publish","type":"post","link":"https:\/\/www.diarioimagen.net\/?p=572997","title":{"rendered":"UAEM\u00e9x acerca el teatro a las infancias, a trav\u00e9s de la puesta en escena \u201cSo\u00f1ar\u201d"},"content":{"rendered":"<p><em>\u00a0<\/em><\/p>\n<ul>\n<li><strong><em>Obra de Michelle Guerra Adame, es un proyecto enfocado a infantes de los cero a tres a\u00f1os, se presenta los s\u00e1bados y domingos a las 13:00 horas en el Teatro Universitario \u201cLos Jaguares\u201d<\/em><\/strong><\/li>\n<\/ul>\n<p><strong>\u00a0<\/strong><\/p>\n<div id=\"attachment_573060\" style=\"width: 470px\" class=\"wp-caption aligncenter\"><a href=\"https:\/\/www.diarioimagen.net\/?attachment_id=573060\" rel=\"attachment wp-att-573060\"><img loading=\"lazy\" decoding=\"async\" aria-describedby=\"caption-attachment-573060\" class=\"size-full wp-image-573060\" src=\"https:\/\/www.diarioimagen.net\/wp-content\/uploads\/2023\/02\/uaem-obra.jpg\" alt=\"\" width=\"460\" height=\"270\" \/><\/a><p id=\"caption-attachment-573060\" class=\"wp-caption-text\">A trav\u00e9s de din\u00e1micas, diversos objetos, juegos e incluso burbujas, dos actrices en escena logran despertar los sentidos y la curiosidad de las y los infantes, quienes con la imaginaci\u00f3n pueden conocer el mar, el cielo y el espacio.<\/p><\/div>\n<p>&nbsp;<\/p>\n<p><strong>Toluca, Estado de M\u00e9xico<\/strong><strong>.\u2013 <\/strong>La Universidad Aut\u00f3noma del Estado de M\u00e9xico (UAEM\u00e9x) suma esfuerzo y talento con la Escuela de Arte Teatral de la Universidad Aut\u00f3noma de Baja California, Tijuana, y con Gorgona Teatro a trav\u00e9s de la puesta en escena \u201cSo\u00f1ar\u201d de Michelle Guerra Adame, un proyecto enfocado a la primera infancia, de los cero a tres a\u00f1os, con el objetivo de que el p\u00fablico de Toluca acerque a los beb\u00e9s a la experiencia teatral.<\/p>\n<p>Jos\u00e9 Uriel Garc\u00eda Sol\u00eds, asistente de direcci\u00f3n de la obra, expres\u00f3 que de acuerdo con el psic\u00f3logo, epistem\u00f3logo y bi\u00f3logo suizo Jean Piaget, antes de los 18 meses de vida, los infantes a\u00fan no entienden el significado de los est\u00edmulos; sin embargo, observan y manejan los objetos logrando juegos basados en destruir, construir y reorganizar, con la finalidad de transformar.Despu\u00e9s, entre los 18 y 24 meses pasan a juegos m\u00e1s complejos, combinando hechos reales e imaginarios y recreando situaciones f\u00edsicas, lo que les permite construir otros mundos, ejercitar su creatividad e imaginaci\u00f3n.<\/p>\n<p>Bajo este argumento te\u00f3rico, se cre\u00f3 \u201cSo\u00f1ar\u201d, que a trav\u00e9s de din\u00e1micas, diversos objetos, juegos e incluso burbujas, dos actrices en escena logran despertar los sentidos y la curiosidad de las y los infantes, quienes al usar su imaginaci\u00f3n pueden conocer el mar, el cielo y el espacio con esta experiencia teatral.<\/p>\n<p>Daniela S\u00e1nchez, actriz de la obra, explic\u00f3 que la puesta en escena \u201cSo\u00f1ar\u201d invita a lasinfancias a explorar un espacio teatral a trav\u00e9s de la estimulaci\u00f3n y el acompa\u00f1amiento de madres y padres, de forma que pueden ir desarrollando muchas historias con cada imagen a trav\u00e9s de la imaginaci\u00f3n<\/p>\n<p>Garc\u00eda Sol\u00eds, afirm\u00f3 que con el objetivo de crear un p\u00fablico desde la primera etapa de vida y reforzar sus experiencias esc\u00e9nicas, por lo que esta obra se desarrolla arriba del escenario junto con los beb\u00e9s y sus acompa\u00f1antes.<\/p>\n<p>Por su parte, la actriz Dani Crank, enfatiz\u00f3 la importancia de brindar el acceso a las y los beb\u00e9s a los recintos culturales, pues es importante tambi\u00e9n darles estos espacios seguros y tomarlos en cuenta dentro de los derechos a la cultura.<\/p>\n<p>La puesta en escena \u201cSo\u00f1ar\u201d, tiene funciones los s\u00e1bados y domingos a las 13:00 horas en el Teatro Universitario \u201cLos Jaguares\u201d, y permanecer\u00e1 hasta el 26 de febrero.<\/p>\n","protected":false},"excerpt":{"rendered":"<p>La Universidad Aut\u00f3noma del Estado de M\u00e9xico (UAEM\u00e9x) suma esfuerzo y talento con la Escuela de Arte Teatral de la Universidad Aut\u00f3noma de Baja California, Tijuana, y con Gorgona Teatro a trav\u00e9s de la puesta en escena \u201cSo\u00f1ar\u201d de Michelle Guerra Adame, un proyecto enfocado a la primera infancia, de los cero a tres a\u00f1os, con el objetivo de que el p\u00fablico de Toluca acerque a los beb\u00e9s a la experiencia teatral.<\/p>\n","protected":false},"author":3,"featured_media":573060,"comment_status":"open","ping_status":"open","sticky":false,"template":"","format":"standard","meta":{"_monsterinsights_skip_tracking":false,"_monsterinsights_sitenote_active":false,"_monsterinsights_sitenote_note":"","_monsterinsights_sitenote_category":0,"footnotes":""},"categories":[5],"tags":[43675,97252,93394,452],"class_list":["post-572997","post","type-post","status-publish","format-standard","has-post-thumbnail","hentry","category-estado-de-mexico","tag-estado-de-mexico","tag-infancia","tag-sonar","tag-toluca"],"_links":{"self":[{"href":"https:\/\/www.diarioimagen.net\/index.php?rest_route=\/wp\/v2\/posts\/572997","targetHints":{"allow":["GET"]}}],"collection":[{"href":"https:\/\/www.diarioimagen.net\/index.php?rest_route=\/wp\/v2\/posts"}],"about":[{"href":"https:\/\/www.diarioimagen.net\/index.php?rest_route=\/wp\/v2\/types\/post"}],"author":[{"embeddable":true,"href":"https:\/\/www.diarioimagen.net\/index.php?rest_route=\/wp\/v2\/users\/3"}],"replies":[{"embeddable":true,"href":"https:\/\/www.diarioimagen.net\/index.php?rest_route=%2Fwp%2Fv2%2Fcomments&post=572997"}],"version-history":[{"count":0,"href":"https:\/\/www.diarioimagen.net\/index.php?rest_route=\/wp\/v2\/posts\/572997\/revisions"}],"wp:featuredmedia":[{"embeddable":true,"href":"https:\/\/www.diarioimagen.net\/index.php?rest_route=\/wp\/v2\/media\/573060"}],"wp:attachment":[{"href":"https:\/\/www.diarioimagen.net\/index.php?rest_route=%2Fwp%2Fv2%2Fmedia&parent=572997"}],"wp:term":[{"taxonomy":"category","embeddable":true,"href":"https:\/\/www.diarioimagen.net\/index.php?rest_route=%2Fwp%2Fv2%2Fcategories&post=572997"},{"taxonomy":"post_tag","embeddable":true,"href":"https:\/\/www.diarioimagen.net\/index.php?rest_route=%2Fwp%2Fv2%2Ftags&post=572997"}],"curies":[{"name":"wp","href":"https:\/\/api.w.org\/{rel}","templated":true}]}}