{"id":573006,"date":"2023-02-01T00:02:52","date_gmt":"2023-02-01T06:02:52","guid":{"rendered":"https:\/\/www.diarioimagen.net\/?p=573006"},"modified":"2023-02-01T23:13:57","modified_gmt":"2023-02-02T05:13:57","slug":"obtiene-aeromexico-autorizacion-para-volar-a-texas-desde-el-aifa","status":"publish","type":"post","link":"https:\/\/www.diarioimagen.net\/?p=573006","title":{"rendered":"Obtiene Aerom\u00e9xico autorizaci\u00f3n para volar a Texas, desde el AIFA"},"content":{"rendered":"<p>&nbsp;<\/p>\n<ul>\n<li><em><strong>Comenzar\u00e1 operaciones el 1 de mayo<\/strong><\/em><\/li>\n<\/ul>\n<p>&nbsp;<\/p>\n<div id=\"attachment_573067\" style=\"width: 470px\" class=\"wp-caption aligncenter\"><a href=\"https:\/\/www.diarioimagen.net\/?attachment_id=573067\" rel=\"attachment wp-att-573067\"><img loading=\"lazy\" decoding=\"async\" aria-describedby=\"caption-attachment-573067\" class=\"size-full wp-image-573067\" src=\"https:\/\/www.diarioimagen.net\/wp-content\/uploads\/2023\/02\/AEROMEXICO-AIFA.jpg\" alt=\"\" width=\"460\" height=\"270\" \/><\/a><p id=\"caption-attachment-573067\" class=\"wp-caption-text\">Aerom\u00e9xico comenzar\u00e1 operaciones desde el AIFA hacia Houston a partir del pr\u00f3ximo 1 de mayo, con un vuelo diario<\/p><\/div>\n<p>&nbsp;<\/p>\n<p>Tras una valoraci\u00f3n normativa, Aerom\u00e9xico obtuvo las autorizaciones para iniciar vuelos directos desde el Aeropuerto Internacional Felipe \u00c1ngeles (AIFA) hacia el Aeropuerto Intercontinental George Bush en Houston, Texas.<\/p>\n<p>Autoridades estadounidenses y de M\u00e9xico aprobaron esta ruta considerando que el AIFA tambi\u00e9n da servicio a la zona metropolitana del Valle de M\u00e9xico.<\/p>\n<p>La aerol\u00ednea mexicana inform\u00f3 que la nueva ruta comenzar\u00e1 operaciones el pr\u00f3ximo 1 de mayo con un vuelo diario; y los vuelos ya programados a Houston desde el Aeropuerto Internacional de la Ciudad de M\u00e9xico (AICM) seguir\u00e1n siendo atendidos.<\/p>\n<p>Los boletos estar\u00e1n disponibles para venta a trav\u00e9s de los canales oficiales de Aerom\u00e9xico en los pr\u00f3ximos d\u00edas.<\/p>\n<p>Este ser\u00e1 el noveno destino que Aerom\u00e9xico ofrece desde el AIFA, y la primera ruta en conectar dicho aeropuerto con Estados Unidos.<\/p>\n<p>El nuevo vuelo permitir\u00e1 viajar desde la Ciudad de M\u00e9xico y los ocho destinos nacionales que Aerom\u00e9xico opera en el AIFA (Acapulco, Canc\u00fan, Guadalajara, Monterrey, M\u00e9rida, Oaxaca, Puerto Vallarta y Veracruz) hacia los Estados Unidos.<\/p>\n<p>Aerom\u00e9xico inform\u00f3 que trabaja estrechamente con la autoridad aeron\u00e1utica de M\u00e9xico para recuperar la Categor\u00eda 1 de aviaci\u00f3n bajo el programa de Evaluaci\u00f3n de Seguridad de la Aviaci\u00f3n Internacional (IASA, por sus siglas en ingl\u00e9s) de la Administraci\u00f3n Federal de la Aviaci\u00f3n de los Estados Unidos de Am\u00e9rica (FAA, por sus siglas en ingl\u00e9s).<\/p>\n","protected":false},"excerpt":{"rendered":"<p>Tras una valoraci\u00f3n normativa, Aerom\u00e9xico obtuvo las autorizaciones para iniciar vuelos directos desde el Aeropuerto Internacional Felipe \u00c1ngeles (AIFA) hacia el Aeropuerto Intercontinental George Bush en Houston, Texas.<\/p>\n","protected":false},"author":3,"featured_media":573067,"comment_status":"open","ping_status":"open","sticky":false,"template":"","format":"standard","meta":{"_monsterinsights_skip_tracking":false,"_monsterinsights_sitenote_active":false,"_monsterinsights_sitenote_note":"","_monsterinsights_sitenote_category":0,"footnotes":""},"categories":[3],"tags":[78146,94482,3759],"class_list":["post-573006","post","type-post","status-publish","format-standard","has-post-thumbnail","hentry","category-nacional","tag-aeromerico","tag-aifa","tag-texas"],"_links":{"self":[{"href":"https:\/\/www.diarioimagen.net\/index.php?rest_route=\/wp\/v2\/posts\/573006","targetHints":{"allow":["GET"]}}],"collection":[{"href":"https:\/\/www.diarioimagen.net\/index.php?rest_route=\/wp\/v2\/posts"}],"about":[{"href":"https:\/\/www.diarioimagen.net\/index.php?rest_route=\/wp\/v2\/types\/post"}],"author":[{"embeddable":true,"href":"https:\/\/www.diarioimagen.net\/index.php?rest_route=\/wp\/v2\/users\/3"}],"replies":[{"embeddable":true,"href":"https:\/\/www.diarioimagen.net\/index.php?rest_route=%2Fwp%2Fv2%2Fcomments&post=573006"}],"version-history":[{"count":0,"href":"https:\/\/www.diarioimagen.net\/index.php?rest_route=\/wp\/v2\/posts\/573006\/revisions"}],"wp:featuredmedia":[{"embeddable":true,"href":"https:\/\/www.diarioimagen.net\/index.php?rest_route=\/wp\/v2\/media\/573067"}],"wp:attachment":[{"href":"https:\/\/www.diarioimagen.net\/index.php?rest_route=%2Fwp%2Fv2%2Fmedia&parent=573006"}],"wp:term":[{"taxonomy":"category","embeddable":true,"href":"https:\/\/www.diarioimagen.net\/index.php?rest_route=%2Fwp%2Fv2%2Fcategories&post=573006"},{"taxonomy":"post_tag","embeddable":true,"href":"https:\/\/www.diarioimagen.net\/index.php?rest_route=%2Fwp%2Fv2%2Ftags&post=573006"}],"curies":[{"name":"wp","href":"https:\/\/api.w.org\/{rel}","templated":true}]}}