{"id":573014,"date":"2023-02-01T00:01:40","date_gmt":"2023-02-01T06:01:40","guid":{"rendered":"https:\/\/www.diarioimagen.net\/?p=573014"},"modified":"2023-02-01T01:55:25","modified_gmt":"2023-02-01T07:55:25","slug":"se-reune-la-plana-mayor-del-prd-con-alejandra-del-moral-precandidata-priista","status":"publish","type":"post","link":"https:\/\/www.diarioimagen.net\/?p=573014","title":{"rendered":"Se re\u00fane la plana mayor del PRD con Alejandra Del Moral, precandidata priista"},"content":{"rendered":"<p>&nbsp;<\/p>\n<ul>\n<li><em><strong>Exponen retos que enfrenta el Edomex<\/strong><\/em><\/li>\n<\/ul>\n<p>&nbsp;<\/p>\n<h6>Arturo Baena<\/h6>\n<p>&nbsp;<\/p>\n<p><a href=\"https:\/\/www.diarioimagen.net\/?attachment_id=573094\" rel=\"attachment wp-att-573094\"><img loading=\"lazy\" decoding=\"async\" class=\"aligncenter size-full wp-image-573094\" src=\"https:\/\/www.diarioimagen.net\/wp-content\/uploads\/2023\/02\/reune-plana.jpg\" alt=\"\" width=\"460\" height=\"270\" \/><\/a><\/p>\n<p>&nbsp;<\/p>\n<p><strong>Valle de M\u00e9xico.\u2014<\/strong> Diputados, presidentes municipales y dirigentes estatales del Partido de la Revoluci\u00f3n Democr\u00e1tica (PRD) se reunieron con la priista Alejandra Del Moral Vela, para conversar sobre los retos de gobernalidad que enfrenta el Estado de M\u00e9xico.<\/p>\n<p>En la conversaci\u00f3n intercambiaron puntos de vista sobre el papel que el sol azteca ha jugado en la transformaci\u00f3n del pa\u00eds y particularmente el que jugar\u00e1 en el futuro inmediato en la entidad, as\u00ed como la gran aportaci\u00f3n que signific\u00f3 la aprobaci\u00f3n de los Gobiernos de Coalici\u00f3n en la vida democr\u00e1tica nacional.<\/p>\n<p>En su intervenci\u00f3n, Alejandra Del Moral expuso su visi\u00f3n sobre los retos que enfrenta la entidad mexiquense, as\u00ed como el gran potencial que tienen sus ciudadanos, as\u00ed como las prioridades que se deben atender en la construcci\u00f3n de un Estado de M\u00e9xico pr\u00f3spero.<\/p>\n<p>Acordaron fortalecer las coincidencias program\u00e1ticas por el bien de la entidad, situaci\u00f3n que fue destacada por Alejandra Del Moral, al citar, durante su intervenci\u00f3n la m\u00e1xima del fundador del PRD, Heberto Castillo, e invit\u00f3 a los perredistas a no mirar \u201cde donde venimos, sino hacia d\u00f3nde vamos\u201d con esto el horizonte luce promisorio para la coalici\u00f3n que empieza a crear lazos de identidad compartida en el caminar hacia el 4 de junio de este a\u00f1o.<\/p>\n<p>En la reuni\u00f3n participaron el diputado Omar Ortega; Agust\u00edn Barrera, delegado nacional; Javier Rivera, secretario general en funciones de presidente; las diputadas Elida Castel\u00e1n y Viridiana Fuentes; los presidentes municipales Ra\u00fal Navarro (Atlautla), Javier Lujano (Texcaltitl\u00e1n), Mart\u00edn Vel\u00e1zquez (Ayapango), Sara Mora (San Sim\u00f3n de Guerrero) y Rosario Mat\u00edas (Santo Tom\u00e1s), Arturo Pi\u00f1a (Villa de Allende); adem\u00e1s de Xochitl Nallely Lim\u00f3n, Vanessa Linares, Claudia Bautista, Federico Aguilar y Araceli Casasola, integrantes de la direcci\u00f3n estatal y de la representaci\u00f3n ante el IEEM.<\/p>\n","protected":false},"excerpt":{"rendered":"<p>Diputados, presidentes municipales y dirigentes estatales del Partido de la Revoluci\u00f3n Democr\u00e1tica (PRD) se reunieron con la priista Alejandra Del Moral Vela, para conversar sobre los retos de gobernalidad que enfrenta el Estado de M\u00e9xico.<\/p>\n","protected":false},"author":3,"featured_media":573094,"comment_status":"open","ping_status":"open","sticky":false,"template":"","format":"standard","meta":{"_monsterinsights_skip_tracking":false,"_monsterinsights_sitenote_active":false,"_monsterinsights_sitenote_note":"","_monsterinsights_sitenote_category":0,"footnotes":""},"categories":[5],"tags":[2833,1214,211,22371],"class_list":["post-573014","post","type-post","status-publish","format-standard","has-post-thumbnail","hentry","category-estado-de-mexico","tag-alejandra-del-moral-vela","tag-partido-de-la-revolucion-democratica","tag-prd","tag-reunion"],"_links":{"self":[{"href":"https:\/\/www.diarioimagen.net\/index.php?rest_route=\/wp\/v2\/posts\/573014","targetHints":{"allow":["GET"]}}],"collection":[{"href":"https:\/\/www.diarioimagen.net\/index.php?rest_route=\/wp\/v2\/posts"}],"about":[{"href":"https:\/\/www.diarioimagen.net\/index.php?rest_route=\/wp\/v2\/types\/post"}],"author":[{"embeddable":true,"href":"https:\/\/www.diarioimagen.net\/index.php?rest_route=\/wp\/v2\/users\/3"}],"replies":[{"embeddable":true,"href":"https:\/\/www.diarioimagen.net\/index.php?rest_route=%2Fwp%2Fv2%2Fcomments&post=573014"}],"version-history":[{"count":0,"href":"https:\/\/www.diarioimagen.net\/index.php?rest_route=\/wp\/v2\/posts\/573014\/revisions"}],"wp:featuredmedia":[{"embeddable":true,"href":"https:\/\/www.diarioimagen.net\/index.php?rest_route=\/wp\/v2\/media\/573094"}],"wp:attachment":[{"href":"https:\/\/www.diarioimagen.net\/index.php?rest_route=%2Fwp%2Fv2%2Fmedia&parent=573014"}],"wp:term":[{"taxonomy":"category","embeddable":true,"href":"https:\/\/www.diarioimagen.net\/index.php?rest_route=%2Fwp%2Fv2%2Fcategories&post=573014"},{"taxonomy":"post_tag","embeddable":true,"href":"https:\/\/www.diarioimagen.net\/index.php?rest_route=%2Fwp%2Fv2%2Ftags&post=573014"}],"curies":[{"name":"wp","href":"https:\/\/api.w.org\/{rel}","templated":true}]}}