{"id":573016,"date":"2023-02-01T00:04:38","date_gmt":"2023-02-01T06:04:38","guid":{"rendered":"https:\/\/www.diarioimagen.net\/?p=573016"},"modified":"2023-02-01T01:52:29","modified_gmt":"2023-02-01T07:52:29","slug":"movimiento-ciudadano-esta-listo-para-gobernar-edomex-pepe-rios","status":"publish","type":"post","link":"https:\/\/www.diarioimagen.net\/?p=573016","title":{"rendered":"Movimiento Ciudadano est\u00e1 listo para gobernar Edomex: Pepe R\u00edos"},"content":{"rendered":"<p>&nbsp;<\/p>\n<ul>\n<li><em><strong>Rechazo a mezcolanzas ideol\u00f3gicas<\/strong><\/em><\/li>\n<\/ul>\n<p>&nbsp;<\/p>\n<div id=\"attachment_573088\" style=\"width: 470px\" class=\"wp-caption aligncenter\"><a href=\"https:\/\/www.diarioimagen.net\/?attachment_id=573088\" rel=\"attachment wp-att-573088\"><img loading=\"lazy\" decoding=\"async\" aria-describedby=\"caption-attachment-573088\" class=\"size-full wp-image-573088\" src=\"https:\/\/www.diarioimagen.net\/wp-content\/uploads\/2023\/02\/movimiento-ciudadano.jpg\" alt=\"\" width=\"460\" height=\"270\" \/><\/a><p id=\"caption-attachment-573088\" class=\"wp-caption-text\">Pepe R\u00edos, l\u00edder social y coordinador de Movimiento Ciudadano en Cuautitl\u00e1n, sostiene que su partido es una fuerza pol\u00edtica consolidada.<\/p><\/div>\n<p>&nbsp;<\/p>\n<p><strong>Cuautitl\u00e1n, Estado de M\u00e9xico.\u2014<\/strong> Que no les quede duda a los mexiquenses, Movimiento Ciudadano (MC) es el instituto pol\u00edtico que defiende sus ideales democr\u00e1ticos en favor de los m\u00e1s necesitados, sin perder de vista que se gobierna para todos, estamos limpios, no tenemos mezcolanzas ideol\u00f3gicas bizarras que solamente evidencian la lucha del poder por el poder.<\/p>\n<p>As\u00ed lo afirm\u00f3, en entrevista, Pepe R\u00edos, l\u00edder social y coordinador de Movimiento Ciudadano en Cuautitl\u00e1n, quien sostiene que su partido es una fuerza pol\u00edtica consolidada que \u201cno necesita vejigas para nadar\u201d y por ello buscar\u00e1 con su propia militancia y simpatizantes, llegar al gobierno del Estado de M\u00e9xico y de la Presidencia de la Rep\u00fablica.<\/p>\n<p>Por otra parte, el tambi\u00e9n empresario dijo que \u201cla lucha contra el narcotr\u00e1fico y el crimen organizado, solamente ha evidenciado la impunidad y la protecci\u00f3n cada vez m\u00e1s abierta y descarada del gobierno, que ha enlutado cientos de miles de hogares en los que hoy s\u00f3lo hay viudas y hu\u00e9rfanos, \u00bfQue va a ser de ellos?\u201d.<\/p>\n<p>Pepe R\u00edos puntualiz\u00f3 que \u201cquienes verdaderamente nos conocen y se han dado cuenta de la fuerza que ha alcanzado nuestro movimiento saben que no es descabellada la afirmaci\u00f3n de que ganaremos el Estado de M\u00e9xico\u201d.<\/p>\n<p>Finalmente, afirm\u00f3 que \u201cnuestra presencia en la zona oriente del Estado de M\u00e9xico, en el Valle de M\u00e9xico y valle de Toluca, cada d\u00eda cobra m\u00e1s dinamismo y fuerza prueba de\u00a0 ello es que estamos a unos cuantos puntos en las encuestas de quienes van con alianzas porque solos no tienen la fuerza ni saben gobernar. Por ello el 2023 y el 24 vamos a ganar para servir al Estado de M\u00e9xico y al pa\u00eds\u201d.<\/p>\n","protected":false},"excerpt":{"rendered":"<p>Que no les quede duda a los mexiquenses, Movimiento Ciudadano (MC) es el instituto pol\u00edtico que defiende sus ideales democr\u00e1ticos en favor de los m\u00e1s necesitados, sin perder de vista que se gobierna para todos, estamos limpios, no tenemos mezcolanzas ideol\u00f3gicas bizarras que solamente evidencian la lucha del poder por el poder.<\/p>\n","protected":false},"author":3,"featured_media":573088,"comment_status":"open","ping_status":"open","sticky":false,"template":"","format":"standard","meta":{"_monsterinsights_skip_tracking":false,"_monsterinsights_sitenote_active":false,"_monsterinsights_sitenote_note":"","_monsterinsights_sitenote_category":0,"footnotes":""},"categories":[5],"tags":[681,43675,19957],"class_list":["post-573016","post","type-post","status-publish","format-standard","has-post-thumbnail","hentry","category-estado-de-mexico","tag-cuautitlan","tag-estado-de-mexico","tag-movimiento-ciudadano"],"_links":{"self":[{"href":"https:\/\/www.diarioimagen.net\/index.php?rest_route=\/wp\/v2\/posts\/573016","targetHints":{"allow":["GET"]}}],"collection":[{"href":"https:\/\/www.diarioimagen.net\/index.php?rest_route=\/wp\/v2\/posts"}],"about":[{"href":"https:\/\/www.diarioimagen.net\/index.php?rest_route=\/wp\/v2\/types\/post"}],"author":[{"embeddable":true,"href":"https:\/\/www.diarioimagen.net\/index.php?rest_route=\/wp\/v2\/users\/3"}],"replies":[{"embeddable":true,"href":"https:\/\/www.diarioimagen.net\/index.php?rest_route=%2Fwp%2Fv2%2Fcomments&post=573016"}],"version-history":[{"count":0,"href":"https:\/\/www.diarioimagen.net\/index.php?rest_route=\/wp\/v2\/posts\/573016\/revisions"}],"wp:featuredmedia":[{"embeddable":true,"href":"https:\/\/www.diarioimagen.net\/index.php?rest_route=\/wp\/v2\/media\/573088"}],"wp:attachment":[{"href":"https:\/\/www.diarioimagen.net\/index.php?rest_route=%2Fwp%2Fv2%2Fmedia&parent=573016"}],"wp:term":[{"taxonomy":"category","embeddable":true,"href":"https:\/\/www.diarioimagen.net\/index.php?rest_route=%2Fwp%2Fv2%2Fcategories&post=573016"},{"taxonomy":"post_tag","embeddable":true,"href":"https:\/\/www.diarioimagen.net\/index.php?rest_route=%2Fwp%2Fv2%2Ftags&post=573016"}],"curies":[{"name":"wp","href":"https:\/\/api.w.org\/{rel}","templated":true}]}}