{"id":573020,"date":"2023-02-01T00:03:40","date_gmt":"2023-02-01T06:03:40","guid":{"rendered":"https:\/\/www.diarioimagen.net\/?p=573020"},"modified":"2023-02-01T01:53:47","modified_gmt":"2023-02-01T07:53:47","slug":"delfina-gomez-esta-mas-fuerte-que-un-roble-dice-couttolenc-buentello","status":"publish","type":"post","link":"https:\/\/www.diarioimagen.net\/?p=573020","title":{"rendered":"Delfina G\u00f3mez est\u00e1 m\u00e1s fuerte que un roble, dice Couttolenc Buentello"},"content":{"rendered":"<p>&nbsp;<\/p>\n<ul>\n<li><em><strong>Aliado de Morena para comicios de junio<\/strong><\/em><\/li>\n<\/ul>\n<p><strong>\u00a0<\/strong><\/p>\n<h6>Arturo Baena<\/h6>\n<p>&nbsp;<\/p>\n<div id=\"attachment_573090\" style=\"width: 470px\" class=\"wp-caption aligncenter\"><a href=\"https:\/\/www.diarioimagen.net\/?attachment_id=573090\" rel=\"attachment wp-att-573090\"><img loading=\"lazy\" decoding=\"async\" aria-describedby=\"caption-attachment-573090\" class=\"size-full wp-image-573090\" src=\"https:\/\/www.diarioimagen.net\/wp-content\/uploads\/2023\/02\/delfina-gomez.jpg\" alt=\"\" width=\"460\" height=\"270\" \/><\/a><p id=\"caption-attachment-573090\" class=\"wp-caption-text\">El l\u00edder estatal del PVEM, Jos\u00e9 Alberto Couttolenc, conf\u00edo en que Delfina G\u00f3mez ganar\u00e1 la gubernatura en el Estado de M\u00e9xico.<\/p><\/div>\n<p>&nbsp;<\/p>\n<p><strong>Valle de M\u00e9xico.\u2014<\/strong> A Delfina G\u00f3mez \u00c1lvarez la veo m\u00e1s fuerte que un roble y es el cambio que necesita el Estado de M\u00e9xico, asegur\u00f3 Jos\u00e9 Alberto Couttolenc\u00a0 Buentello, dirigente estatal del Partido Verde Ecologista de M\u00e9xico (PVEM) en la entidad, en un desayuno con medios de comunicaci\u00f3n.<\/p>\n<p>\u201cTrae la maestra un \u00edmpetu brutal, la veo m\u00e1s puesta que un calcet\u00edn y m\u00e1s fuerte que un roble, estamos muy contentos, la recepci\u00f3n ha sido brutal, la gente siente esa empat\u00eda que tiene, una mujer muy humana, muy noble, muy echada para adelante y que te atiende, que recibe todos los detalles, te escucha\u201d, detall\u00f3 Pepe Couttolenc.<\/p>\n<p>Tras recordar que las encuestas dan una amplia ventaja a la candidatura com\u00fan entre Morena, Partido Verde y Partido del Trabajo, que encabeza\u00a0 G\u00f3mez \u00c1lvarez,\u00a0 asegur\u00f3 que se mantendr\u00e1 y que \u201cel Verde har\u00e1 su trabajo, va a desdoblar el medio mill\u00f3n de ecologistas que tiene en el Estado de M\u00e9xico y vamos a rifarnos con todo, a defender a capa y espada a la precandidata Delfina G\u00f3mez, porque creo firmemente que e el cambio que necesita el Estado de M\u00e9xico\u201d.<\/p>\n<p>El l\u00edder estatal del PVEM conf\u00edo en que ganar\u00e1n la gubernatura mexiquense ya que, adem\u00e1s de que hasta ahora se han acercado a m\u00e1s de 100 mil militantes y\u00a0simpatizantes en las visitas por varios municipios y comunidades del oriente, sur y norte de la entidad han tenido la oportunidad de conocer el sentir de la gente quienes han expresado el deseo de un cambio representado en Delfina G\u00f3mez.<\/p>\n<p>Del mismo modo, coment\u00f3 que existe plena confianza en el cumplimiento de los acuerdos con Morena, \u201cm\u00e1s all\u00e1 de los acuerdos firmados en el papel, el acuerdo\u00a0lo haces con una persona y, neta, Delfina es una mujer congruente, una mujer de palabra\u201d.<\/p>\n<p>\u201cExiste voluntad por parte de la Maestra de que participemos en su gobierno y lo haremos con las mejores mujeres y hombres, mejores perfiles que sirvan a la ciudadan\u00eda y que hagan bien las cosas, eso es lo principal, que den buenos resultados, pero existe voluntad de Delfina que participemos en el gobierno en el tema que manejamos muy bien\u201d.<\/p>\n","protected":false},"excerpt":{"rendered":"<p>A Delfina G\u00f3mez \u00c1lvarez la veo m\u00e1s fuerte que un roble y es el cambio que necesita el Estado de M\u00e9xico, asegur\u00f3 Jos\u00e9 Alberto Couttolenc\u00a0 Buentello, dirigente estatal del Partido Verde Ecologista de M\u00e9xico (PVEM) en la entidad, en un desayuno con medios de comunicaci\u00f3n.\u00a0\u00a0<\/p>\n","protected":false},"author":3,"featured_media":573090,"comment_status":"open","ping_status":"open","sticky":false,"template":"","format":"standard","meta":{"_monsterinsights_skip_tracking":false,"_monsterinsights_sitenote_active":false,"_monsterinsights_sitenote_note":"","_monsterinsights_sitenote_category":0,"footnotes":""},"categories":[5],"tags":[95666,1416,34],"class_list":["post-573020","post","type-post","status-publish","format-standard","has-post-thumbnail","hentry","category-estado-de-mexico","tag-jose-alberto-couttolenc-buentello","tag-pvem","tag-valle-de-mexico"],"_links":{"self":[{"href":"https:\/\/www.diarioimagen.net\/index.php?rest_route=\/wp\/v2\/posts\/573020","targetHints":{"allow":["GET"]}}],"collection":[{"href":"https:\/\/www.diarioimagen.net\/index.php?rest_route=\/wp\/v2\/posts"}],"about":[{"href":"https:\/\/www.diarioimagen.net\/index.php?rest_route=\/wp\/v2\/types\/post"}],"author":[{"embeddable":true,"href":"https:\/\/www.diarioimagen.net\/index.php?rest_route=\/wp\/v2\/users\/3"}],"replies":[{"embeddable":true,"href":"https:\/\/www.diarioimagen.net\/index.php?rest_route=%2Fwp%2Fv2%2Fcomments&post=573020"}],"version-history":[{"count":0,"href":"https:\/\/www.diarioimagen.net\/index.php?rest_route=\/wp\/v2\/posts\/573020\/revisions"}],"wp:featuredmedia":[{"embeddable":true,"href":"https:\/\/www.diarioimagen.net\/index.php?rest_route=\/wp\/v2\/media\/573090"}],"wp:attachment":[{"href":"https:\/\/www.diarioimagen.net\/index.php?rest_route=%2Fwp%2Fv2%2Fmedia&parent=573020"}],"wp:term":[{"taxonomy":"category","embeddable":true,"href":"https:\/\/www.diarioimagen.net\/index.php?rest_route=%2Fwp%2Fv2%2Fcategories&post=573020"},{"taxonomy":"post_tag","embeddable":true,"href":"https:\/\/www.diarioimagen.net\/index.php?rest_route=%2Fwp%2Fv2%2Ftags&post=573020"}],"curies":[{"name":"wp","href":"https:\/\/api.w.org\/{rel}","templated":true}]}}