{"id":573153,"date":"2023-02-02T00:03:10","date_gmt":"2023-02-02T06:03:10","guid":{"rendered":"https:\/\/www.diarioimagen.net\/?p=573153"},"modified":"2023-02-03T00:27:11","modified_gmt":"2023-02-03T06:27:11","slug":"legislacion-posibilita-cesar-de-inmediato-las-agresiones-contra-la-mujer","status":"publish","type":"post","link":"https:\/\/www.diarioimagen.net\/?p=573153","title":{"rendered":"Legislaci\u00f3n posibilita cesar de inmediato las agresiones contra la mujer"},"content":{"rendered":"<p>&nbsp;<\/p>\n<ul>\n<li><strong><em>As\u00ed lo explic\u00f3 el juez Segundo de Proceso Oral en Materia Familiar, Eduardo Garc\u00eda Ram\u00edrez, quien precis\u00f3 que la Ley General de Acceso de las Mujeres a una Vida Libre de Violencia estipula la recuperaci\u00f3n inmediata de menores de edad<\/em><\/strong><\/li>\n<li><strong><em>Explic\u00f3 que las medidas de protecci\u00f3n que se pueden otorgar a las mujeres tienen como fin el cese de la violencia en su contra a toda costa<\/em><\/strong><\/li>\n<\/ul>\n<p>&nbsp;<\/p>\n<div id=\"attachment_573237\" style=\"width: 470px\" class=\"wp-caption aligncenter\"><a href=\"https:\/\/www.diarioimagen.net\/?attachment_id=573237\" rel=\"attachment wp-att-573237\"><img loading=\"lazy\" decoding=\"async\" aria-describedby=\"caption-attachment-573237\" class=\"wp-image-573237 size-full\" src=\"https:\/\/www.diarioimagen.net\/wp-content\/uploads\/2023\/02\/tribunal.jpg\" alt=\"\" width=\"460\" height=\"270\" \/><\/a><p id=\"caption-attachment-573237\" class=\"wp-caption-text\">Mag. Rafael Guerra \u00c1lvarez, presidente del PJCDMX. \/ Juez de Proceso Oral en Materia Familiar, Eduardo Garc\u00eda Ram\u00edrez.<\/p><\/div>\n<p>&nbsp;<\/p>\n<p>La Ley General de Acceso de las Mujeres a una Vida Libre de Violencia estipula la recuperaci\u00f3n inmediata de menores de edad en caso de ser retenidos por su padre, posibilita cesar de inmediato agresiones en su contra e incluso permite que se fije una pensi\u00f3n alimenticia tambi\u00e9n de manera inmediata, fijada por los jueces familiares del Poder Judicial de la Ciudad de M\u00e9xico, que preside el magistrado Rafael Guerra \u00c1lvarez.<\/p>\n<p>As\u00ed lo destac\u00f3 el juez Segundo de Proceso Oral en Materia Familiar, Eduardo Garc\u00eda Ram\u00edrez, quien explic\u00f3 que las medidas de protecci\u00f3n que se pueden otorgar a las mujeres al amparo de esa legislaci\u00f3n tienen como fin el cese de la violencia en su contra a toda costa, pero adem\u00e1s emitir a su favor las que resultan necesarias y suficientes, tales como la relativa a que el agresor salga del domicilio.<\/p>\n<p>El impartidor de justicia abund\u00f3 que con esta legislaci\u00f3n se posibilita que la mujer ya no enfrente la situaci\u00f3n de tener que salir del hogar conyugal y no tener a d\u00f3nde ir, as\u00ed como tampoco la relativa al sustento, dado que la fijaci\u00f3n de pensi\u00f3n alimenticia a favor de ella y de sus hijos es de manera inmediata.<\/p>\n<p>Respecto a la inmediata recuperaci\u00f3n de los menores de edad retenidos, Garc\u00eda Ram\u00edrez subray\u00f3 la trascendencia de esto, toda vez que se impide que \u00e9stos sufran la intervenci\u00f3n o manipulaci\u00f3n por parte del padre, en la que muchas de las veces se les dice que su madre los abandon\u00f3.<\/p>\n<p>Hoy a la mujer se le protege para quedarse en su hogar, precis\u00f3 el juez, adem\u00e1s de que tiene asegurado el sustento, y tambi\u00e9n hay medidas de protecci\u00f3n a su favor para evitar su amedrentamiento, como la prohibici\u00f3n al agresor de la utilizaci\u00f3n de medios electr\u00f3nicos para hacerle llegar mensajes agresivos o amenazantes.<\/p>\n<p>Aclar\u00f3 que las medidas dictadas por los jueces son inmediatas, pero puntualiz\u00f3 que, en estos procesos, en audiencias posteriores a la emisi\u00f3n de las medidas urgentes, tambi\u00e9n se escucha al agresor.<\/p>\n<p>\u201cEntonces, se toman las medidas, se protege, como ordena la Constituci\u00f3n, se garantiza su seguridad, y entonces se escucha al se\u00f1or para que haya igualdad y se ve qu\u00e9 es lo mejor para los ni\u00f1os\u201d, coment\u00f3 Garc\u00eda Ram\u00edrez.<\/p>\n","protected":false},"excerpt":{"rendered":"<p>La Ley General de Acceso de las Mujeres a una Vida Libre de Violencia estipula la recuperaci\u00f3n inmediata de menores de edad en caso de ser retenidos por su padre, posibilita cesar de inmediato agresiones en su contra e incluso permite que se fije una pensi\u00f3n alimenticia tambi\u00e9n de manera inmediata, fijada por los jueces familiares del Poder Judicial de la Ciudad de M\u00e9xico, que preside el magistrado Rafael Guerra \u00c1lvarez.<\/p>\n","protected":false},"author":3,"featured_media":573237,"comment_status":"open","ping_status":"open","sticky":false,"template":"","format":"standard","meta":{"_monsterinsights_skip_tracking":false,"_monsterinsights_sitenote_active":false,"_monsterinsights_sitenote_note":"","_monsterinsights_sitenote_category":0,"footnotes":""},"categories":[6],"tags":[24129,7254,79994],"class_list":["post-573153","post","type-post","status-publish","format-standard","has-post-thumbnail","hentry","category-cd-de-mexico","tag-agresiones","tag-mujer","tag-rafael-guerra-alvarez"],"_links":{"self":[{"href":"https:\/\/www.diarioimagen.net\/index.php?rest_route=\/wp\/v2\/posts\/573153","targetHints":{"allow":["GET"]}}],"collection":[{"href":"https:\/\/www.diarioimagen.net\/index.php?rest_route=\/wp\/v2\/posts"}],"about":[{"href":"https:\/\/www.diarioimagen.net\/index.php?rest_route=\/wp\/v2\/types\/post"}],"author":[{"embeddable":true,"href":"https:\/\/www.diarioimagen.net\/index.php?rest_route=\/wp\/v2\/users\/3"}],"replies":[{"embeddable":true,"href":"https:\/\/www.diarioimagen.net\/index.php?rest_route=%2Fwp%2Fv2%2Fcomments&post=573153"}],"version-history":[{"count":0,"href":"https:\/\/www.diarioimagen.net\/index.php?rest_route=\/wp\/v2\/posts\/573153\/revisions"}],"wp:featuredmedia":[{"embeddable":true,"href":"https:\/\/www.diarioimagen.net\/index.php?rest_route=\/wp\/v2\/media\/573237"}],"wp:attachment":[{"href":"https:\/\/www.diarioimagen.net\/index.php?rest_route=%2Fwp%2Fv2%2Fmedia&parent=573153"}],"wp:term":[{"taxonomy":"category","embeddable":true,"href":"https:\/\/www.diarioimagen.net\/index.php?rest_route=%2Fwp%2Fv2%2Fcategories&post=573153"},{"taxonomy":"post_tag","embeddable":true,"href":"https:\/\/www.diarioimagen.net\/index.php?rest_route=%2Fwp%2Fv2%2Ftags&post=573153"}],"curies":[{"name":"wp","href":"https:\/\/api.w.org\/{rel}","templated":true}]}}