{"id":573217,"date":"2023-02-02T00:07:14","date_gmt":"2023-02-02T06:07:14","guid":{"rendered":"https:\/\/www.diarioimagen.net\/?p=573217"},"modified":"2023-02-02T00:06:24","modified_gmt":"2023-02-02T06:06:24","slug":"legisladores-de-morena-se-apresuran-para-sacar-adelante-plan-b-de-amlo","status":"publish","type":"post","link":"https:\/\/www.diarioimagen.net\/?p=573217","title":{"rendered":"Legisladores de Morena se apresuran para sacar adelante \u201cplan B\u201d de AMLO"},"content":{"rendered":"<h2>Clase Pol\u00edtica<\/h2>\n<h5>Miguel \u00c1ngel Rivera<\/h5>\n<p><strong>\u00a0<\/strong><\/p>\n<p>Aunque se sabe que el tema terminar\u00e1 en las salas de la Suprema Corte de Justicia, los legisladores de Morena se alistaban desde el primer momento del nuevo periodo de sesiones para cumplir el mandato del presidente Andr\u00e9s Manuel L\u00f3pez Obrador de aprobar el llamado \u201cplan B\u201d de la reforma electoral.<\/p>\n<p>Ayer mismo, al instalarse el Congreso de la Uni\u00f3n se anunci\u00f3 que el llamado \u201cplan B\u201d fue turnado por la Mesa Directiva del Senado a las Comisiones Unidas de Gobernaci\u00f3n y Estudios Legislativos Segunda, las cuales discutir\u00e1n la minuta que contempla un paquete de 4 normas: reformas a la Ley General de Instituciones y Procedimientos Electorales, Ley General de Partidos Pol\u00edticos, Ley Org\u00e1nica y del Poder Judicial de la Federaci\u00f3n y una nueva la Ley General de Medios de Impugnaci\u00f3n en Materia Electoral.<\/p>\n<p>La primera motivaci\u00f3n para los senadores y diputados consiste, obviamente, en demostrarle a su l\u00edder y gu\u00eda, el presidente L\u00f3pez Obrador, que cumplen lo antes posible con sus instrucciones y \u201csin cambiarle ni una coma\u201d.<\/p>\n<p>Pero tambi\u00e9n, en este caso, resulta muy importante el tiempo, pues cualquier cambio en la legislaci\u00f3n electoral debe entrar en vigor seis meses antes del proceso electoral federal 2023-2024 que culminar\u00e1 con las votaciones del 2 de junio de 2024.<\/p>\n<p>Pero esa no es la fecha por la que deben medirse las reformas electorales. En realidad, el proceso electoral empezar\u00e1 en octubre venidero. En consecuencia, la fecha l\u00edmite ser\u00e1 el ya muy pr\u00f3ximo 3 de abril, como lo confirm\u00f3 el coordinador de la bancada de Morena en la C\u00e1mara de Diputados, Ignacio Mier Velazco.<\/p>\n<p>\u201c(El l\u00edmite es) hasta el 3 de abril. Tenemos tiempo\u201d, coment\u00f3 el coordinador el pasado 20 de noviembre de 2022, al ser interrogado acerca de la fecha en que deber\u00edan quedar listos los cambios.<\/p>\n<p>Aunque no se llega al grado de urgencia, en las filas del oficialismo ya no se quieren m\u00e1s demoras, como la que se registr\u00f3 en los d\u00edas en que Mier hizo esas declaraciones, pues por entonces dos sat\u00e9lites de Morena, el PVEM y el PT, se inconformaron porque en el llamado \u201cplan B\u201d no se tomaron en cuenta sus propuestas \u2014principalmente la llamada cl\u00e1usula de vida eterna\u2014, protestas que se tradujeron en posponer una semana la discusi\u00f3n de la reforma en materia constitucional.<\/p>\n<p>Tambi\u00e9n es de tener en cuenta que el proceso no termina con las votaciones de las iniciativas en las c\u00e1mara del Congreso de la Uni\u00f3n, sino que luego viene la publicaci\u00f3n de los cambios en el Diario Oficial, fase que est\u00e1 a cargo del Ejecutivo federal<\/p>\n<p>En esta \u00faltima etapa, advierten los especialistas, seguramente se invertir\u00e1n los agobios, pues es previsible que el gobierno federal espere hasta el \u00faltimo minuto para promulgar las reformas.<\/p>\n<p>Este previsible cambio de prioridades ser\u00eda para no dar tiempo para que la Suprema Corte de Justicia atienda las demandas de inconstitucionalidad ya desde ahora anunciados por los partidos de oposici\u00f3n y algunas organizaciones de la sociedad civil que se oponen a las modificaciones que devolver\u00e1n al gobierno federal el control sobre las elecciones, pues el Instituto Nacional Electoral (INE) y el Tribunal Electoral del Poder Judicial de la Federaci\u00f3n (TEPJF) quedar\u00e1n anulados.<\/p>\n<p>En este sentido, desde ambos bandos, ya sea los partidarios o los inconformes con el multimencionado \u201cplan B\u201d, tienen en cuenta que el m\u00e1ximo tribunal del pa\u00eds no se caracteriza por la celeridad para revisar los asuntos que le son turnados. De hecho, est\u00e1n pendientes protestas contra otras reformas emprendidas por la llamada cuarta transformaci\u00f3n desde hace a\u00f1os.<\/p>\n<p style=\"text-align: center;\"><strong>No habr\u00e1 salvavidas para los partidos sat\u00e9lites<\/strong><\/p>\n<p>Con esas perspectivas, el presidente del Senado, Alejandro Armenta Mier, revel\u00f3, por ejemplo, que las iniciativas en materia electoral fueron turnadas a las comisiones dictaminadoras desde antes del inicio del periodo ordinario de sesiones. El legislador inform\u00f3 que la minuta se turn\u00f3 directamente a comisiones desde el 30 de enero y que inclusive se dieron tiempo para solicitar opini\u00f3n tambi\u00e9n a la Comisi\u00f3n de Justicia.<\/p>\n<p>Las prisas por satisfacer las exigencias presidenciales tambi\u00e9n las puso en evidencia el coordinador de la fracci\u00f3n parlamentaria de Morena en el Senado, el zacatecano Ricardo Monreal \u00c1vila, quien manifest\u00f3 que una parte d sul grupo pretend\u00eda que los cambios se aprobaran este mismo mi\u00e9rcoles, apenas cumplidas las formalidades de instalaci\u00f3n de la C\u00e1mara y del Congreso en su conjunto.<\/p>\n<p>Sin embargo, el coordinador de los senadores, desech\u00f3 las prisas. \u201cNo vamos a apresurar, no vamos a precipitar el dictamen\u201d, dijo.<\/p>\n<p>\u201cNo lo hemos hecho en ninguna otra ley, siempre hemos dado el seguimiento formal de no dispensar tr\u00e1mites ni tampoco aplicar fast track en ning\u00fan dictamen. Hoy tambi\u00e9n lo haremos as\u00ed\u201d, agreg\u00f3.<\/p>\n<p>Monreal anticip\u00f3 que el grupo mayoritario se allanar\u00e1 al cambio realizado por la C\u00e1mara de Diputados que elimin\u00f3 la llamada cl\u00e1usula de vida eterna o transferencia de votos del llamado Plan B electoral y as\u00ed evitar que el Ejecutivo lo vete.<\/p>\n<p>\u201cLa posici\u00f3n de Morena es respaldar lo que la C\u00e1mara de Diputados hizo, respaldar en este caso al Presidente de la Rep\u00fablica, que fue quien \u2014recuerden ustedes\u2014 anunci\u00f3 que si ese art\u00edculo se aprobaba \u00e9l lo vetar\u00eda. Entonces, para evitar el veto nosotros estamos en la posibilidad de allanarnos, pero es una decisi\u00f3n del grupo. Yo vot\u00e9 en contra de ese art\u00edculo\u201d, destac\u00f3.<\/p>\n<p>Por su parte, la presidenta de la Comisi\u00f3n de Gobernaci\u00f3n, M\u00f3nica Fern\u00e1ndez, inform\u00f3 que convocar\u00e1 para la pr\u00f3xima semana a las comisiones para dictaminar esta minuta de la reforma electoral.<\/p>\n<p>\u201cLa pr\u00f3xima semana podremos estar convocando a la reuni\u00f3n de comisiones unidas y una vez que cumplamos con todos los tiempos y los plazos, se dar\u00e1 la discusi\u00f3n y el an\u00e1lisis de la misma\u201d, indic\u00f3.<\/p>\n<p style=\"text-align: center;\"><strong>L\u00f3pez Obrador cambia su opini\u00f3n en relaci\u00f3n con Cuauht\u00e9moc C\u00e1rdenas<\/strong><\/p>\n<p>L\u00f3pez Obrador dio ayer una nueva muestra de su capacidad de cambiar de opini\u00f3n de un momento a otro y, de paso, dej\u00f3 nueva constancia de que, contra la opini\u00f3n generalizada, el Presidente de la Rep\u00fablica no siempre es el hombre mejor informado del pa\u00eds.<\/p>\n<p>El pasado martes, en su conferencia ma\u00f1anera, el primer mandatario coment\u00f3 cr\u00edticamente la aparici\u00f3n de otra corriente que critica su actuaci\u00f3n al frente del gobierno federal, el denominado \u201cm\u00e9xicolectivo\u201d y de paso coloc\u00f3 entre sus enemigos pol\u00edticos al tres veces ex candidato presidencial Cuauht\u00e9moc C\u00e1rdenas Sol\u00f3rzano, quien es considerado precursor de la corriente que ahora gobierna al pa\u00eds y que encabeza el referido L\u00f3pez Obrador.<\/p>\n<p>En es oportunidad, AMLO se\u00f1al\u00f3 que C\u00e1rdenas pas\u00f3 a ser parte de sus adversarios al asumir los planteamientos de la plataforma, pues asegur\u00f3 que ante el momento que vive el pa\u00eds \u201ces estar con el pueblo o con la oligarqu\u00eda. No hay m\u00e1s\u201d.<\/p>\n<p>El jefe del Ejecutivo, al que se supone el mejor informado del pa\u00eds, hizo esos comentarios horas antes de que se conociera una declaraci\u00f3n de C\u00e1rdenas en la que se deslind\u00f3 del nuevo frente cr\u00edtico.<\/p>\n<p>Pero en su ma\u00f1anera de ayer mi\u00e9rcoles, ya enterado de las precisi\u00f3n de C\u00e1rdenas, el jefe del Ejecutivo celebr\u00f3 conocer que no forma parte de este sector. \u201cMe dio mucho gusto lo de la carta del ingeniero. No sab\u00eda pero \u00e9l ya lo hab\u00eda informado al grupo, lo que pasa es que lo siguieron manejando. Entonces cuando me preguntaron yo respond\u00ed de la manera en que ustedes saben\u201d<\/p>\n<p>Cuando se le pregunt\u00f3 si manten\u00eda su opini\u00f3n de que C\u00e1rdenas es su adversario, L\u00f3pez Obrador recurri\u00f3 a su recurso de cambiar de opini\u00f3n.<\/p>\n<p>\u201cYo lo estimo mucho, lo respeto porque es precursor del movimiento democr\u00e1tico\u201d, refiri\u00f3 L\u00f3pez Obrador en su conferencia ma\u00f1anera, un d\u00eda despu\u00e9s de que advirti\u00f3 que si C\u00e1rdenas figuraba en esa propuesta civil lo podr\u00eda considerar como su adversario pol\u00edtico.<\/p>\n<p>Lo que el mandatario no modific\u00f3 fue su cr\u00edtica a la organizaci\u00f3n \u201cmexicolectivo\u201d y sus integrantes.<\/p>\n<p>\u201cSi todos ellos fueron parte de la corrupci\u00f3n o c\u00f3mplices. Toleraron la corrupci\u00f3n que impera en el saqueo m\u00e1s grande que se haya cometido en la historia de M\u00e9xico. \u00bfQu\u00e9 puede decir Narro? Si fue rector y luego lo mandaron de delegado del PRI a Ecatepec para hacer fraude, fue matraqueo, fue el que acu\u00f1\u00f3 la frase de los <em>ninis<\/em>. Y es el que sigue de cacique en la UNAM poniendo y quitando rectores\u201d.<\/p>\n<p>El jefe del Ejecutivo admiti\u00f3 que los integrantes de \u201cmexicolectivo\u201d est\u00e1n en su derecho de agruparse, pero los volvi\u00f3 a calificar de moderados del conservadurismo.<\/p>\n<p><em><a href=\"mailto:riparcangel@hotmail.com\" target=\"_blank\" rel=\"noopener noreferrer\">riparcangel@hotmail.com<\/a><\/em><\/p>\n","protected":false},"excerpt":{"rendered":"<p><span style=\"color: #005497;\"><strong>Miguel \u00c1ngel Rivera<\/strong><\/span<\/span><\/p>\n","protected":false},"author":3,"featured_media":0,"comment_status":"open","ping_status":"open","sticky":false,"template":"","format":"standard","meta":{"_monsterinsights_skip_tracking":false,"_monsterinsights_sitenote_active":false,"_monsterinsights_sitenote_note":"","_monsterinsights_sitenote_category":0,"footnotes":""},"categories":[84119],"tags":[84120,84121,43674],"class_list":["post-573217","post","type-post","status-publish","format-standard","hentry","category-miguel-angel-rivera","tag-clase-politica","tag-miguel-angel-rivera","tag-opinion"],"_links":{"self":[{"href":"https:\/\/www.diarioimagen.net\/index.php?rest_route=\/wp\/v2\/posts\/573217","targetHints":{"allow":["GET"]}}],"collection":[{"href":"https:\/\/www.diarioimagen.net\/index.php?rest_route=\/wp\/v2\/posts"}],"about":[{"href":"https:\/\/www.diarioimagen.net\/index.php?rest_route=\/wp\/v2\/types\/post"}],"author":[{"embeddable":true,"href":"https:\/\/www.diarioimagen.net\/index.php?rest_route=\/wp\/v2\/users\/3"}],"replies":[{"embeddable":true,"href":"https:\/\/www.diarioimagen.net\/index.php?rest_route=%2Fwp%2Fv2%2Fcomments&post=573217"}],"version-history":[{"count":0,"href":"https:\/\/www.diarioimagen.net\/index.php?rest_route=\/wp\/v2\/posts\/573217\/revisions"}],"wp:attachment":[{"href":"https:\/\/www.diarioimagen.net\/index.php?rest_route=%2Fwp%2Fv2%2Fmedia&parent=573217"}],"wp:term":[{"taxonomy":"category","embeddable":true,"href":"https:\/\/www.diarioimagen.net\/index.php?rest_route=%2Fwp%2Fv2%2Fcategories&post=573217"},{"taxonomy":"post_tag","embeddable":true,"href":"https:\/\/www.diarioimagen.net\/index.php?rest_route=%2Fwp%2Fv2%2Ftags&post=573217"}],"curies":[{"name":"wp","href":"https:\/\/api.w.org\/{rel}","templated":true}]}}