{"id":573430,"date":"2023-02-06T00:05:08","date_gmt":"2023-02-06T06:05:08","guid":{"rendered":"https:\/\/www.diarioimagen.net\/?p=573430"},"modified":"2023-02-06T23:57:03","modified_gmt":"2023-02-07T05:57:03","slug":"promotores-deportivos-de-la-uaemex-recibieron-curso-de-primeros-auxilios","status":"publish","type":"post","link":"https:\/\/www.diarioimagen.net\/?p=573430","title":{"rendered":"Promotores deportivos de la UAEM\u00e9x recibieron curso de primeros auxilios"},"content":{"rendered":"<p>&nbsp;<\/p>\n<div id=\"attachment_573519\" style=\"width: 470px\" class=\"wp-caption aligncenter\"><a href=\"https:\/\/www.diarioimagen.net\/?attachment_id=573519\" rel=\"attachment wp-att-573519\"><img loading=\"lazy\" decoding=\"async\" aria-describedby=\"caption-attachment-573519\" class=\"size-full wp-image-573519\" src=\"https:\/\/www.diarioimagen.net\/wp-content\/uploads\/2023\/02\/uaem-promotores.jpg\" alt=\"\" width=\"460\" height=\"270\" \/><\/a><p id=\"caption-attachment-573519\" class=\"wp-caption-text\">Por espacio de un mes y en diferentes sesiones, un total de 25 promotoras y promotores del Valle de Toluca participaron en la capacitaci\u00f3n<\/p><\/div>\n<p>&nbsp;<\/p>\n<p><strong>Toluca, Estado de M\u00e9xico.\u2013 <\/strong>Personas promotoras del deporte de la Universidad Aut\u00f3noma del Estado de M\u00e9xico (UAEM\u00e9x) recibieron un Curso de Primeros Auxilios en la Unidad Deportiva \u201cLic. Adolfo L\u00f3pez Mateos\u201d, con el prop\u00f3sito de contar con habilidades y conocimientos para actuar ante lesiones que puedan registrarse en entrenamientos o competencias universitarias.<\/p>\n<p>Por espacio de un mes y en diferentes sesiones, un total de 25 promotoras y promotores del Valle de Toluca participaron en la capacitaci\u00f3n ofrecida por galenos universitarios donde profundizaron sobre la forma de reaccionar y atender a los deportistas.<\/p>\n<p>El curso organizado por el Departamento de Formaci\u00f3n Deportiva de la Direcci\u00f3n de Cultura F\u00edsica y Deporte de la UAEM\u00e9x, cont\u00f3 con charlas sobre principios de anatom\u00eda y fisiolog\u00eda, as\u00ed como prevenci\u00f3n de lesiones y razonamiento cr\u00edtico, cinem\u00e1tica de trauma y escena. Tambi\u00e9n se les\u00a0 dio soporte vital b\u00e1sico, shock, trauma craneoencef\u00e1lico y raquimedular, trauma tor\u00e1cico y lesiones por quemaduras, vendaje funcional, vendaje el\u00e1stico, miscel\u00e1neos y taller de primeros auxilios.<\/p>\n<p>El titular del \u00e1rea m\u00e9dica deportiva, Obed Antonio Albarr\u00e1n Hern\u00e1ndez coment\u00f3 que es importante que los promotores deportivos sepan de primeros auxilios, para que puedan tener alguna reacci\u00f3n inmediata con\u00a0 los atletas, sobre todo cuando efect\u00faan sus entrenamientos o partidos.<\/p>\n<p>Transcurrido el curso, las autoridades universitarias hicieron entrega a las personas promotoras del deporte en la UAEM\u00e9x su respectiva constancia de participaci\u00f3n.<\/p>\n","protected":false},"excerpt":{"rendered":"<p>Personas promotoras del deporte de la Universidad Aut\u00f3noma del Estado de M\u00e9xico (UAEM\u00e9x) recibieron un Curso de Primeros Auxilios en la Unidad Deportiva \u201cLic. Adolfo L\u00f3pez Mateos\u201d, con el prop\u00f3sito de contar con habilidades y conocimientos para actuar ante lesiones que puedan registrarse en entrenamientos o competencias universitarias.<\/p>\n","protected":false},"author":3,"featured_media":573519,"comment_status":"open","ping_status":"open","sticky":false,"template":"","format":"standard","meta":{"_monsterinsights_skip_tracking":false,"_monsterinsights_sitenote_active":false,"_monsterinsights_sitenote_note":"","_monsterinsights_sitenote_category":0,"footnotes":""},"categories":[5],"tags":[43675,97279,452,67878],"class_list":["post-573430","post","type-post","status-publish","format-standard","has-post-thumbnail","hentry","category-estado-de-mexico","tag-estado-de-mexico","tag-promotores-deportivos","tag-toluca","tag-uaemex"],"_links":{"self":[{"href":"https:\/\/www.diarioimagen.net\/index.php?rest_route=\/wp\/v2\/posts\/573430","targetHints":{"allow":["GET"]}}],"collection":[{"href":"https:\/\/www.diarioimagen.net\/index.php?rest_route=\/wp\/v2\/posts"}],"about":[{"href":"https:\/\/www.diarioimagen.net\/index.php?rest_route=\/wp\/v2\/types\/post"}],"author":[{"embeddable":true,"href":"https:\/\/www.diarioimagen.net\/index.php?rest_route=\/wp\/v2\/users\/3"}],"replies":[{"embeddable":true,"href":"https:\/\/www.diarioimagen.net\/index.php?rest_route=%2Fwp%2Fv2%2Fcomments&post=573430"}],"version-history":[{"count":0,"href":"https:\/\/www.diarioimagen.net\/index.php?rest_route=\/wp\/v2\/posts\/573430\/revisions"}],"wp:featuredmedia":[{"embeddable":true,"href":"https:\/\/www.diarioimagen.net\/index.php?rest_route=\/wp\/v2\/media\/573519"}],"wp:attachment":[{"href":"https:\/\/www.diarioimagen.net\/index.php?rest_route=%2Fwp%2Fv2%2Fmedia&parent=573430"}],"wp:term":[{"taxonomy":"category","embeddable":true,"href":"https:\/\/www.diarioimagen.net\/index.php?rest_route=%2Fwp%2Fv2%2Fcategories&post=573430"},{"taxonomy":"post_tag","embeddable":true,"href":"https:\/\/www.diarioimagen.net\/index.php?rest_route=%2Fwp%2Fv2%2Ftags&post=573430"}],"curies":[{"name":"wp","href":"https:\/\/api.w.org\/{rel}","templated":true}]}}