{"id":573450,"date":"2023-02-06T00:03:49","date_gmt":"2023-02-06T06:03:49","guid":{"rendered":"https:\/\/www.diarioimagen.net\/?p=573450"},"modified":"2023-02-06T03:50:03","modified_gmt":"2023-02-06T09:50:03","slug":"la-familia-priista-esta-mas-unida-que-nunca-asegura-alejandra-del-moral","status":"publish","type":"post","link":"https:\/\/www.diarioimagen.net\/?p=573450","title":{"rendered":"La familia priista est\u00e1 m\u00e1s unida que nunca, asegura Alejandra Del Moral"},"content":{"rendered":"<p>&nbsp;<\/p>\n<h3 style=\"text-align: center;\">De cara a la pr\u00f3xima elecci\u00f3n<\/h3>\n<p>&nbsp;<\/p>\n<h6>Arturo Baena<\/h6>\n<p>&nbsp;<\/p>\n<div id=\"attachment_573551\" style=\"width: 310px\" class=\"wp-caption alignleft\"><a href=\"https:\/\/www.diarioimagen.net\/?attachment_id=573551\" rel=\"attachment wp-att-573551\"><img loading=\"lazy\" decoding=\"async\" aria-describedby=\"caption-attachment-573551\" class=\"wp-image-573551\" src=\"https:\/\/www.diarioimagen.net\/wp-content\/uploads\/2023\/02\/familia-priista.jpg\" alt=\"\" width=\"300\" height=\"300\" \/><\/a><p id=\"caption-attachment-573551\" class=\"wp-caption-text\">Alejandra Del Moral precis\u00f3 que el proyecto del Partido Revolucionario Institucional no busca confrontaciones, sino dar resultados a los mexiquenses.<\/p><\/div>\n<p><strong>Valle de M\u00e9xico.\u2014<\/strong> Alejandra Del Moral habl\u00f3 fuerte y claro: \u201cLa familia priista est\u00e1 m\u00e1s unida que nunca y la lealtad que le tienen al territorio mexiquense los mantiene trabajando todos los d\u00edas sin descanso. Esa es nuestra fortaleza\u201d.<\/p>\n<p>Del Moral Vela reiter\u00f3 que \u201cno tengo m\u00e1s que palabras de agradecimiento para el priismo mexiquense, no tengo m\u00e1s que mi compromiso, mi palabra, mi trabajo y mi vida, para demostrarles que vamos a trabajar sin cansancio\u201d, enfatiz\u00f3.<\/p>\n<p>La precandidata priista afirm\u00f3 que \u201ceste es el proyecto de valientes, este es el proyecto de los que queremos y amamos, y verdaderamente estamos dispuestos, a trabajar por el Estado de M\u00e9xico\u201d.<\/p>\n<p>\u201cCaminemos juntos\u201d, llam\u00f3, \u201chagamos lo que sabemos hacer por amor al territorio mexiquense; s\u00f3lo los valientes se atreven a construir nuevos caminos. Solo los valientes se atreven a aceptar sus errores y cambiarlos. Solo los valientes eligen avanzar hacia adelante y jam\u00e1s retroceder\u201d.<\/p>\n<p>Alejandra Del Moral precis\u00f3 que el proyecto del Partido Revolucionario Institucional no busca confrontaciones, sino dar resultados a las y los mexiquenses.<\/p>\n<p>\u201cMiren, est\u00e1 en juego M\u00e9xico. El futuro de M\u00e9xico pasa por el Estado de M\u00e9xico; los mexiquenses somos mexicanos dos veces, somos mexicanos por Patria y por provincia y nosotros tenemos la obligaci\u00f3n de defender a este pa\u00eds\u201d, se\u00f1al\u00f3. \u00a0Ante la militancia priista de Ocoyoacac, Lerma y Capulhuac, invit\u00f3 a quienes forman parte de esta instituci\u00f3n pol\u00edtica a construir un ej\u00e9rcito de valientes que defienda al Estado de M\u00e9xico.<\/p>\n","protected":false},"excerpt":{"rendered":"<p>Alejandra Del Moral habl\u00f3 fuerte y claro: \u201cLa familia priista est\u00e1 m\u00e1s unida que nunca y la lealtad que le tienen al territorio mexiquense los mantiene trabajando todos los d\u00edas sin descanso. Esa es nuestra fortaleza\u201d.<\/p>\n","protected":false},"author":3,"featured_media":573553,"comment_status":"open","ping_status":"open","sticky":false,"template":"","format":"standard","meta":{"_monsterinsights_skip_tracking":false,"_monsterinsights_sitenote_active":false,"_monsterinsights_sitenote_note":"","_monsterinsights_sitenote_category":0,"footnotes":""},"categories":[5],"tags":[2833,6027,95245],"class_list":["post-573450","post","type-post","status-publish","format-standard","has-post-thumbnail","hentry","category-estado-de-mexico","tag-alejandra-del-moral-vela","tag-familia","tag-unida"],"_links":{"self":[{"href":"https:\/\/www.diarioimagen.net\/index.php?rest_route=\/wp\/v2\/posts\/573450","targetHints":{"allow":["GET"]}}],"collection":[{"href":"https:\/\/www.diarioimagen.net\/index.php?rest_route=\/wp\/v2\/posts"}],"about":[{"href":"https:\/\/www.diarioimagen.net\/index.php?rest_route=\/wp\/v2\/types\/post"}],"author":[{"embeddable":true,"href":"https:\/\/www.diarioimagen.net\/index.php?rest_route=\/wp\/v2\/users\/3"}],"replies":[{"embeddable":true,"href":"https:\/\/www.diarioimagen.net\/index.php?rest_route=%2Fwp%2Fv2%2Fcomments&post=573450"}],"version-history":[{"count":0,"href":"https:\/\/www.diarioimagen.net\/index.php?rest_route=\/wp\/v2\/posts\/573450\/revisions"}],"wp:featuredmedia":[{"embeddable":true,"href":"https:\/\/www.diarioimagen.net\/index.php?rest_route=\/wp\/v2\/media\/573553"}],"wp:attachment":[{"href":"https:\/\/www.diarioimagen.net\/index.php?rest_route=%2Fwp%2Fv2%2Fmedia&parent=573450"}],"wp:term":[{"taxonomy":"category","embeddable":true,"href":"https:\/\/www.diarioimagen.net\/index.php?rest_route=%2Fwp%2Fv2%2Fcategories&post=573450"},{"taxonomy":"post_tag","embeddable":true,"href":"https:\/\/www.diarioimagen.net\/index.php?rest_route=%2Fwp%2Fv2%2Ftags&post=573450"}],"curies":[{"name":"wp","href":"https:\/\/api.w.org\/{rel}","templated":true}]}}