{"id":573459,"date":"2023-02-06T00:02:44","date_gmt":"2023-02-06T06:02:44","guid":{"rendered":"https:\/\/www.diarioimagen.net\/?p=573459"},"modified":"2023-02-06T03:53:16","modified_gmt":"2023-02-06T09:53:16","slug":"la-sectur-mostrara-bellezas-de-quintana-roo-en-punto-mexico","status":"publish","type":"post","link":"https:\/\/www.diarioimagen.net\/?p=573459","title":{"rendered":"La Sectur mostrar\u00e1 bellezas de Quintana Roo en \u201cPunto M\u00e9xico\u201d\u00a0"},"content":{"rendered":"<p>&nbsp;<\/p>\n<h3 style=\"text-align: center;\">Durante todo el mes de febrero<\/h3>\n<p>&nbsp;<\/p>\n<ul>\n<li><em><strong>Presentan exposici\u00f3n de las maravillas naturales, culturales y artesanales del estado<\/strong><\/em><\/li>\n<\/ul>\n<p>&nbsp;<\/p>\n<div id=\"attachment_573518\" style=\"width: 470px\" class=\"wp-caption aligncenter\"><a href=\"https:\/\/www.diarioimagen.net\/?attachment_id=573518\" rel=\"attachment wp-att-573518\"><img loading=\"lazy\" decoding=\"async\" aria-describedby=\"caption-attachment-573518\" class=\"wp-image-573518 size-full\" src=\"https:\/\/www.diarioimagen.net\/wp-content\/uploads\/2023\/02\/PROMOCION01.jpg\" alt=\"\" width=\"460\" height=\"270\" \/><\/a><p id=\"caption-attachment-573518\" class=\"wp-caption-text\">Quintana Roo estar\u00e1 presente durante todo febrero en el espacio de la Sectur denominado \u201cPunto M\u00e9xico\u201d.<\/p><\/div>\n<p>&nbsp;<\/p>\n<p>Quintana Roo estar\u00e1 presente durante todo el mes de febrero en el espacio de la Secretar\u00eda de Turismo Federal (Sectur) denominado \u201cPunto M\u00e9xico\u201d con una exposici\u00f3n de las maravillas naturales, culturales, artesanales, gastron\u00f3micas y tur\u00edsticas que ofrecen sus 12 destinos que incluye tres Pueblos M\u00e1gicos: Isla Mujeres, Tulum y Bacalar, adem\u00e1s del Barrio M\u00e1gico de Chetumal.<\/p>\n<p>Los visitantes a la exposici\u00f3n que se lleva a cabo en la Ciudad de M\u00e9xico podr\u00e1n admirar todo lo que ofrece el Caribe Mexicano y descubrir detalles de la historia de Quintana Roo, la cultura maya y su legado arquitect\u00f3nico.<\/p>\n<p>\u201cPunto M\u00e9xico\u201d se ubica en el edificio central de la Secretar\u00eda Federal de Turismo, en la colonia Polanco de la Ciudad de M\u00e9xico, donde se procura que el visitante tenga un acercamiento a los lugares m\u00e1s impresionantes del pa\u00eds.<\/p>\n<p>Se montar\u00e1 una muestra gastron\u00f3mica y de artesan\u00edas locales, incluido el bordado, con talleres para la elaboraci\u00f3n de diversos productos representativos de la regi\u00f3n, los cuales estar\u00e1n a la venta entre los asistentes.<\/p>\n<p>Entre otras actividades, se ofrecer\u00e1n conferencias y una exposici\u00f3n fotogr\u00e1fica con la participaci\u00f3n de los municipios de Puerto Morelos, Tulum, L\u00e1zaro C\u00e1rdenas, Oth\u00f3n P. Blanco, Bacalar y Felipe Carrillo Puerto.<\/p>\n<p>El espacio \u201cPunto M\u00e9xico\u201d ser\u00e1 durante un mes la vitrina para exhibir todo lo que un viajero puede descubrir en Quintana Roo, desde Canc\u00fan y sus famosas playas enmarcadas por el agua azul turquesa, hasta los poblados donde a\u00fan se puede admirar y conocer la cultura maya viva.<\/p>\n<p>La riqueza natural del \u00fanico estado caribe\u00f1o de M\u00e9xico constituye uno de los principales atractivos por su geograf\u00eda \u00fanica en el pa\u00eds; su selva y su biodiversidad; sus abundantes cuerpos de agua, como lagunas, r\u00edos subterr\u00e1neos y cenotes, la barrera arrecifal mesoamericana, adem\u00e1s de la calidez y hospitalidad de su gente. Gracias a la colaboraci\u00f3n de las secretar\u00edas estatales de Econom\u00eda, de Cultura y de Turismo, adem\u00e1s del Consejo de Promoci\u00f3n Tur\u00edstica de Quintana Roo y del Gobierno Federal se podr\u00e1 realizar esta exposici\u00f3n a partir de este mi\u00e9rcoles 1 hasta el 28 de febrero.<\/p>\n<p style=\"text-align: center;\"><strong>Alistan bodas colectivas en Chetumal\u00a0<\/strong><\/p>\n<p>Un total de 65 solicitudes para matrimonio ha recibido el registro civil con base en la convocatoria de las \u201cBodas Colectivas 2023\u201d\u00a0que inici\u00f3 el pasado 9 de enero y finaliza el pr\u00f3ximo 7 de febrero en Oth\u00f3n P. Blanco (Chetumal).<\/p>\n<p>El director del registro civil del municipio, Hugo Enrique Rojas V\u00e1zquez; confirm\u00f3 que han aceptado 65 registros de la meta estimada de hasta 100 parejas en la ciudad de Chetumal, y 25 para la zona rural que cuenten con oficial\u00eda del registro civil en su comunidad como: Mahahual, Calderitas, Nicol\u00e1s Bravo, \u00c1lvaro Obreg\u00f3n, Rojo G\u00f3mez, Cerro de las Flores, Dos Aguadas, L\u00e1zaro C\u00e1rdenas Dos y Uc\u00fam.<\/p>\n<p>Para las parejas que contraigan matrimonio en el evento de las bodas colectivas, ser\u00e1 gratuito y para las personas de 50 a\u00f1os de edad o m\u00e1s, se les exentar\u00e1n los an\u00e1lisis cl\u00ednicos prenupciales aunque su pareja tenga menos de la edad en menci\u00f3n; asimismo, son bienvenidas las solicitudes de parejas del mismo sexo de nacionalidad mexicana.<\/p>\n<p>Entre los requisitos de los contrayentes deber\u00e1n contar son: original y tres copias del acta de nacimiento, original y tres copias del INE, pasaporte o c\u00e9dula profesional, original y tres copias del CURP, para los cuatro testigos, dos por cada contrayente tres copias de la identificaci\u00f3n oficial con fotograf\u00eda (deber\u00e1n saber leer y escribir).<\/p>\n<p>Asimismo, tres copias del acta de divorcio o defunci\u00f3n, si alguno de los contrayentes fuese divorciado (a), o viudo (a); tres copias del acta de nacimiento o CURP de los padres de ambos contrayentes, an\u00e1lisis cl\u00ednicos y certificados m\u00e9dicos prenupciales de ambos contrayentes original y dos copias (vigencia de 15 d\u00edas naturales a partir de la fecha de expedici\u00f3n), se entregar\u00e1 solicitud y carta protesta en la oficial\u00eda 01 del registro civil al momento de entregar la documentaci\u00f3n. Las bodas colectivas 2023 ser\u00e1n realizadas en el domo del parque de La Alameda al mediod\u00eda de este 14 de febrero donde se har\u00e1 el tradicional corte del pastel; mientras que para las comunidades, los matrimonios ser\u00e1n en cada una de las alcald\u00edas. Cabe mencionar que la recepci\u00f3n de la documentaci\u00f3n podr\u00e1n entregarla en las oficinas de la oficial\u00eda 01 registro civil de 9 am a 2 pm de lunes a viernes, ubicadas en los bajos del palacio municipal de Oth\u00f3n P. Blanco.<\/p>\n","protected":false},"excerpt":{"rendered":"<p>Quintana Roo estar\u00e1 presente durante todo el mes de febrero en el espacio de la Secretar\u00eda de Turismo Federal (Sectur) denominado \u201cPunto M\u00e9xico\u201d con una exposici\u00f3n de las maravillas naturales, culturales, artesanales, gastron\u00f3micas y tur\u00edsticas que ofrecen sus 12 destinos que incluye tres Pueblos M\u00e1gicos: Isla Mujeres, Tulum y Bacalar, adem\u00e1s del Barrio M\u00e1gico de Chetumal.<\/p>\n","protected":false},"author":3,"featured_media":573518,"comment_status":"open","ping_status":"open","sticky":false,"template":"","format":"standard","meta":{"_monsterinsights_skip_tracking":false,"_monsterinsights_sitenote_active":false,"_monsterinsights_sitenote_note":"","_monsterinsights_sitenote_category":0,"footnotes":""},"categories":[11],"tags":[97286,1250,440],"class_list":["post-573459","post","type-post","status-publish","format-standard","has-post-thumbnail","hentry","category-turismo","tag-punto-mexico","tag-quintana-roo","tag-secretaria-de-turismo"],"_links":{"self":[{"href":"https:\/\/www.diarioimagen.net\/index.php?rest_route=\/wp\/v2\/posts\/573459","targetHints":{"allow":["GET"]}}],"collection":[{"href":"https:\/\/www.diarioimagen.net\/index.php?rest_route=\/wp\/v2\/posts"}],"about":[{"href":"https:\/\/www.diarioimagen.net\/index.php?rest_route=\/wp\/v2\/types\/post"}],"author":[{"embeddable":true,"href":"https:\/\/www.diarioimagen.net\/index.php?rest_route=\/wp\/v2\/users\/3"}],"replies":[{"embeddable":true,"href":"https:\/\/www.diarioimagen.net\/index.php?rest_route=%2Fwp%2Fv2%2Fcomments&post=573459"}],"version-history":[{"count":0,"href":"https:\/\/www.diarioimagen.net\/index.php?rest_route=\/wp\/v2\/posts\/573459\/revisions"}],"wp:featuredmedia":[{"embeddable":true,"href":"https:\/\/www.diarioimagen.net\/index.php?rest_route=\/wp\/v2\/media\/573518"}],"wp:attachment":[{"href":"https:\/\/www.diarioimagen.net\/index.php?rest_route=%2Fwp%2Fv2%2Fmedia&parent=573459"}],"wp:term":[{"taxonomy":"category","embeddable":true,"href":"https:\/\/www.diarioimagen.net\/index.php?rest_route=%2Fwp%2Fv2%2Fcategories&post=573459"},{"taxonomy":"post_tag","embeddable":true,"href":"https:\/\/www.diarioimagen.net\/index.php?rest_route=%2Fwp%2Fv2%2Ftags&post=573459"}],"curies":[{"name":"wp","href":"https:\/\/api.w.org\/{rel}","templated":true}]}}