{"id":573506,"date":"2023-02-06T00:12:14","date_gmt":"2023-02-06T06:12:14","guid":{"rendered":"https:\/\/www.diarioimagen.net\/?p=573506"},"modified":"2023-02-06T02:35:02","modified_gmt":"2023-02-06T08:35:02","slug":"creel-y-pina-exigen-a-amlo-respeto-al-poder-judicial-y-a-la-democracia-ine","status":"publish","type":"post","link":"https:\/\/www.diarioimagen.net\/?p=573506","title":{"rendered":"Creel y Pi\u00f1a exigen a AMLO respeto al poder Judicial y a la democracia (INE)"},"content":{"rendered":"<h2>Tras la puerta del poder<\/h2>\n<h5>Roberto Vizca\u00edno<\/h5>\n<p><strong>\u00a0<\/strong><\/p>\n<p>Por m\u00e1s que lo rodearon con gobernadores de Morena y que sentaron a su lado a titulares de Defensa, Marina y Gobernaci\u00f3n, <strong>Andr\u00e9s Manuel L\u00f3pez Obrador <\/strong>no pudo evadir el reclamo de la presidenta de la Corte, la ministra <strong>Norma Pi\u00f1a<\/strong> y del presidente del Congreso de M\u00e9xico, <strong>Santiago Creel<\/strong>.<\/p>\n<p>Ella le demand\u00f3 velar por el estricto respeto a la autonom\u00eda del Poder Judicial, y especialmente del papel de los jueces ya que s\u00f3lo as\u00ed, dijo, se garantiza la imparcialidad al impartir justicia.<\/p>\n<p>Habr\u00e1 que \u201csuperar las diferencias\u201d y trabajar hombro con hombro entre poderes para el bien del pa\u00eds.<\/p>\n<p>\u201cLa Constituci\u00f3n es el pacto federal que nos permite superar nuestras diferencias y estar de acuerdo en lo fundamental, como lo expresara <strong>Mariano Otero<\/strong>\u201d, agreg\u00f3 ante un <strong>AMLO<\/strong> con el ce\u00f1o fruncido que evit\u00f3 voltear a verla.<\/p>\n<p>Ubicados en el presidium del hist\u00f3rico Teatro de la Rep\u00fablica, donde ayer todos ellos celebraron el 106 aniversario de la promulgaci\u00f3n de la Constituci\u00f3n de 1917, <strong>Santiago Creel<\/strong> le pidi\u00f3 nuevamente al mandatario abrir el espacio al di\u00e1logo entre Poderes, Gobierno y opositores.<\/p>\n<p>El panista consider\u00f3 que hoy, al igual que en los or\u00edgenes del M\u00e9xico independiente, existe la ausencia de un di\u00e1logo que podr\u00eda derivar en graves y riesgosas consecuencias para el pa\u00eds.<\/p>\n<p>\u201cRectifiquemos, a\u00fan estamos a tiempo, no tenemos por qu\u00e9 repetir los errores del pasado. La pol\u00edtica es tambi\u00e9n conciliaci\u00f3n de intereses encontrados.<\/p>\n<p>\u201cTodos, absolutamente todos tenemos el derecho de defender nuestras creencias, nuestras ideolog\u00edas y nuestras posiciones pol\u00edticas. El l\u00edmite es la Constituci\u00f3n, los tratados internacionales, que tambi\u00e9n son ley de la Naci\u00f3n y, por supuesto, el respeto a la vida institucional\u201d, precis\u00f3.<\/p>\n<p>El di\u00e1logo es una posibilidad que se ha cerrado riesgosamente para la viabilidad de la democracia y la gobernabilidad de la Naci\u00f3n, agreg\u00f3.<\/p>\n<p>Y le exigi\u00f3 respeto a los poderes, dar fin a diferencias y confrontaciones e ir a la reconciliaci\u00f3n y trabajar en coordinaci\u00f3n por el bien del pa\u00eds.<\/p>\n<p>En su intervenci\u00f3n, <strong>AMLO<\/strong> insisti\u00f3 a su vez que todav\u00eda hacen falta reformas a la Constituci\u00f3n para desterrar definitivamente al neoliberalismo.<\/p>\n<p>Sin referirse a ellos, el tabasque\u00f1o indic\u00f3 que \u201cdebemos no dejar de insistir en abolir por la v\u00eda legal y democr\u00e1tica las reformas contrarias al inter\u00e9s p\u00fablico impuestas durante el periodo neoliberal. Continuar proponiendo cambios al marco legal en beneficio del pueblo hasta devolver a nuestra ley m\u00e1xima toda la grandeza de su humanismo original\u201d.<\/p>\n<p>Tanto a la llegada como a la salida, <strong>AMLO<\/strong> estuvo lejos de <strong>Pi\u00f1a y Creel<\/strong> y los gobernadores de otros partidos que no fuera Morena.<\/p>\n<p style=\"text-align: center;\"><strong>Monreal apura el paso\u2026 y sus exigencias<\/strong><\/p>\n<p>Reconocido por <strong>Andr\u00e9s Manuel L\u00f3pez Obrador<\/strong> y sus tres \u201ccorcholatas\u201d \u2014<strong>Claudia<\/strong>, <strong>Marcelo<\/strong> y <strong>Ad\u00e1n Augusto<\/strong>\u2014 como corredor con plenos derechos por la candidatura presidencial de Morena para el 2024, <strong>Ricardo Monreal<\/strong> acelera el paso y sus reclamos y exigencias.<\/p>\n<p>As\u00ed, el pasado fin de semana, desde Sinaloa, exigi\u00f3 a sus contendientes y a su partido bajarle a los espectaculares que por miles inundan ya las principales ciudades y carreteras del pa\u00eds con las fotos de la jefa de Gobierno de la CDMX y del titular de Gobernaci\u00f3n, en abierta violaci\u00f3n al principio de actos anticipados de campa\u00f1a, e ir a foros donde expliquen a los mexicanos qu\u00e9 es lo que ellos proponen, cuales son sus planes de Gobierno para sacar adelante a M\u00e9xico.<\/p>\n<p>Les record\u00f3 que hace apenas 15 d\u00edas que fue finalmente reconocido como el cuarto corredor e Morena al 2024, mientras que <strong>Claudia Sheinbaum y Ad\u00e1n Augusto L\u00f3pez y Marcelo Ebrard<\/strong> tiene ya 18 meses en campa\u00f1a de posicionamiento.<\/p>\n<p>\u201c\u00a1Ya avanzaron bastante!\u201d<\/p>\n<p>\u00bf<strong><em>Y qui\u00e9n paga eso<\/em><\/strong>?, pregunt\u00f3\u2026 \u201cPorque alguien paga esa publicidad y el dinero procede de alg\u00fan lado, ya sea p\u00fablico o privado, es il\u00edcito, pues el destino es ilegal por la promoci\u00f3n adelantada\u201d, se respondi\u00f3 y coment\u00f3.<\/p>\n<p>Reconoci\u00f3 estar por debajo en las preferencias porque estaba marginado.<\/p>\n<p>\u201c\u2026 parec\u00eda una exclusi\u00f3n ordenada en el partido\u2026 soy como el hermano pr\u00f3digo que regresa\u201d, coment\u00f3.<\/p>\n<p>Ya metido en la contienda interna, el zacatecano acept\u00f3 que el m\u00e9todo de elecci\u00f3n primaria que \u00e9l reclama se aplique no est\u00e1 contemplado en los estatutos de Morena y s\u00ed, las encuestas.<\/p>\n<p>Por eso ahora var\u00eda su reclamo y dice que aceptar\u00eda las encuestas siempre que no las haga Morena y s\u00ed cinco empresas escogidas por sorteo para que realicen 3 sondeos y 2 espejo.<\/p>\n<p>S\u00f3lo as\u00ed.<\/p>\n<p>Lo importante, afirm\u00f3, es que no sea Morena qui\u00e9n las haga y sean externos profesionales los que puedan garantizar confianza y certeza en el resultado.<\/p>\n<p>Yo creo que se va a salir con la suya.<\/p>\n<p><em><a href=\"mailto:rvizcainoa@gmail.com\" target=\"_blank\" rel=\"noopener noreferrer\">vizcainoa@gmail.com<\/a><a href=\"mailto:rvizcainoa@gmail.com\" target=\"_blank\" rel=\"noopener noreferrer\"><br \/>\n<\/a><a href=\"http:\/\/endirecto.mx\" target=\"_blank\" rel=\"noopener noreferrer\">www.endirecto.mx<\/a><a href=\"mailto:rvizcainoa@gmail.com\" target=\"_blank\" rel=\"noopener noreferrer\"><br \/>\n<\/a><a href=\"https:\/\/twitter.com\/_rvizcaino\" target=\"_blank\" rel=\"noopener noreferrer\">@_RVizcaino<\/a><a href=\"mailto:rvizcainoa@gmail.com\" target=\"_blank\" rel=\"noopener noreferrer\"><br \/>\n<\/a><a href=\"https:\/\/www.facebook.com\/rvizcainoa\" target=\"_blank\" rel=\"noopener noreferrer\">facebook.com\/rvizcainoa<\/a><\/em><\/p>\n","protected":false},"excerpt":{"rendered":"<p><span style=\"color: #005497;\"><strong>Roberto Vizca\u00edno<\/strong><\/span><\/p>\n","protected":false},"author":3,"featured_media":0,"comment_status":"open","ping_status":"open","sticky":false,"template":"","format":"standard","meta":{"_monsterinsights_skip_tracking":false,"_monsterinsights_sitenote_active":false,"_monsterinsights_sitenote_note":"","_monsterinsights_sitenote_category":0,"footnotes":""},"categories":[136],"tags":[43674,93,94],"class_list":["post-573506","post","type-post","status-publish","format-standard","hentry","category-roberto-vizcaino-opinion","tag-opinion","tag-roberto-vizcaino","tag-tras-la-puerta-del-poder"],"_links":{"self":[{"href":"https:\/\/www.diarioimagen.net\/index.php?rest_route=\/wp\/v2\/posts\/573506","targetHints":{"allow":["GET"]}}],"collection":[{"href":"https:\/\/www.diarioimagen.net\/index.php?rest_route=\/wp\/v2\/posts"}],"about":[{"href":"https:\/\/www.diarioimagen.net\/index.php?rest_route=\/wp\/v2\/types\/post"}],"author":[{"embeddable":true,"href":"https:\/\/www.diarioimagen.net\/index.php?rest_route=\/wp\/v2\/users\/3"}],"replies":[{"embeddable":true,"href":"https:\/\/www.diarioimagen.net\/index.php?rest_route=%2Fwp%2Fv2%2Fcomments&post=573506"}],"version-history":[{"count":0,"href":"https:\/\/www.diarioimagen.net\/index.php?rest_route=\/wp\/v2\/posts\/573506\/revisions"}],"wp:attachment":[{"href":"https:\/\/www.diarioimagen.net\/index.php?rest_route=%2Fwp%2Fv2%2Fmedia&parent=573506"}],"wp:term":[{"taxonomy":"category","embeddable":true,"href":"https:\/\/www.diarioimagen.net\/index.php?rest_route=%2Fwp%2Fv2%2Fcategories&post=573506"},{"taxonomy":"post_tag","embeddable":true,"href":"https:\/\/www.diarioimagen.net\/index.php?rest_route=%2Fwp%2Fv2%2Ftags&post=573506"}],"curies":[{"name":"wp","href":"https:\/\/api.w.org\/{rel}","templated":true}]}}