{"id":573593,"date":"2023-02-07T00:02:57","date_gmt":"2023-02-07T06:02:57","guid":{"rendered":"https:\/\/www.diarioimagen.net\/?p=573593"},"modified":"2023-02-07T01:47:46","modified_gmt":"2023-02-07T07:47:46","slug":"promulga-la-alcaldesa-de-naucalpan-angelica-moya-bando-municipal-2023","status":"publish","type":"post","link":"https:\/\/www.diarioimagen.net\/?p=573593","title":{"rendered":"Promulga la alcaldesa de Naucalpan, Ang\u00e9lica Moya, Bando Municipal 2023"},"content":{"rendered":"<p>&nbsp;<\/p>\n<ul>\n<li><em><strong>Normas para la convivencia arm\u00f3nica<\/strong><\/em><\/li>\n<\/ul>\n<p>&nbsp;<\/p>\n<div id=\"attachment_573640\" style=\"width: 470px\" class=\"wp-caption aligncenter\"><a href=\"https:\/\/www.diarioimagen.net\/?attachment_id=573640\" rel=\"attachment wp-att-573640\"><img loading=\"lazy\" decoding=\"async\" aria-describedby=\"caption-attachment-573640\" class=\"size-full wp-image-573640\" src=\"https:\/\/www.diarioimagen.net\/wp-content\/uploads\/2023\/02\/promulga-alcaldesa.jpg\" alt=\"\" width=\"460\" height=\"270\" \/><\/a><p id=\"caption-attachment-573640\" class=\"wp-caption-text\">La alcaldesa Ang\u00e9lica Moya afirm\u00f3 que el Bando Municipal 2023 contiene adiciones y modificaciones que procuran el bienestar de las familias naucalpenses.<\/p><\/div>\n<p>&nbsp;<\/p>\n<p><strong>Naucalpan, Estado de M\u00e9xico.\u2014<\/strong> \u201cLa estabilidad de un pueblo depende de las leyes que garantizan la paz, la seguridad y las libertades de sus habitantes, hoy es un d\u00eda importante para los naucalpenses, pues celebramos la promulgaci\u00f3n del conjunto de normas que, en su esp\u00edritu de unidad y equidad, mantienen la pol\u00edtica, la econom\u00eda, la sociedad y las instituciones de nuestro pa\u00eds\u201d, asegur\u00f3 la alcaldesa Ang\u00e9lica Moya Mar\u00edn.<\/p>\n<p>Durante la promulgaci\u00f3n del Bando Municipal 2023, que se efectu\u00f3 de manera simult\u00e1nea con la conmemoraci\u00f3n del 106 aniversario de la Constituci\u00f3n Pol\u00edtica de los Estados Unidos Mexicanos, la alcaldesa afirm\u00f3 que esta normatividad municipal contiene adiciones y modificaciones que procuran el bienestar de las familias naucalpenses.<\/p>\n<p>\u201cEn mi gobierno lo que nos mueve son nuestros vecinos, por ello, seguiremos esforz\u00e1ndonos todos los d\u00edas por recuperar el orden y la integridad de nuestra casa, al tiempo que cumplimos con nuestro deber constitucional: Respetar las leyes que emanan de la Constituci\u00f3n y desempe\u00f1ar patri\u00f3ticamente nuestros cargos p\u00fablicos en beneficio de todos los naucalpenses\u201d, manifest\u00f3.<\/p>\n<p>Record\u00f3 que la promulgaci\u00f3n de la Constituci\u00f3n Pol\u00edtica de los Estados Unidos Mexicanos, marc\u00f3 el fin de un periodo inestable de nuestra historia moderna, dando paso al inicio de un pa\u00eds institucional, a la construcci\u00f3n de una rep\u00fablica democr\u00e1tica, laica, federal y representativa.<\/p>\n<p>Pedro Antonio Fontaine Mart\u00ednez, Secretario del Ayuntamiento, refiri\u00f3 que el Bando Municipal 2023 es el instrumento que establece las normas que promueven la convivencia arm\u00f3nica y brinda sentido de pertenencia entre los naucalpenses.<\/p>\n","protected":false},"excerpt":{"rendered":"<p>\u201cLa estabilidad de un pueblo depende de las leyes que garantizan la paz, la seguridad y las libertades de sus habitantes, hoy es un d\u00eda importante para los naucalpenses, pues celebramos la promulgaci\u00f3n del conjunto de normas que, en su esp\u00edritu de unidad y equidad, mantienen la pol\u00edtica, la econom\u00eda, la sociedad y las instituciones de nuestro pa\u00eds\u201d, asegur\u00f3 la alcaldesa Ang\u00e9lica Moya Mar\u00edn.<\/p>\n","protected":false},"author":3,"featured_media":573640,"comment_status":"open","ping_status":"open","sticky":false,"template":"","format":"standard","meta":{"_monsterinsights_skip_tracking":false,"_monsterinsights_sitenote_active":false,"_monsterinsights_sitenote_note":"","_monsterinsights_sitenote_category":0,"footnotes":""},"categories":[5],"tags":[93139,43675,970],"class_list":["post-573593","post","type-post","status-publish","format-standard","has-post-thumbnail","hentry","category-estado-de-mexico","tag-angelica-moya-marin","tag-estado-de-mexico","tag-naucalpan"],"_links":{"self":[{"href":"https:\/\/www.diarioimagen.net\/index.php?rest_route=\/wp\/v2\/posts\/573593","targetHints":{"allow":["GET"]}}],"collection":[{"href":"https:\/\/www.diarioimagen.net\/index.php?rest_route=\/wp\/v2\/posts"}],"about":[{"href":"https:\/\/www.diarioimagen.net\/index.php?rest_route=\/wp\/v2\/types\/post"}],"author":[{"embeddable":true,"href":"https:\/\/www.diarioimagen.net\/index.php?rest_route=\/wp\/v2\/users\/3"}],"replies":[{"embeddable":true,"href":"https:\/\/www.diarioimagen.net\/index.php?rest_route=%2Fwp%2Fv2%2Fcomments&post=573593"}],"version-history":[{"count":0,"href":"https:\/\/www.diarioimagen.net\/index.php?rest_route=\/wp\/v2\/posts\/573593\/revisions"}],"wp:featuredmedia":[{"embeddable":true,"href":"https:\/\/www.diarioimagen.net\/index.php?rest_route=\/wp\/v2\/media\/573640"}],"wp:attachment":[{"href":"https:\/\/www.diarioimagen.net\/index.php?rest_route=%2Fwp%2Fv2%2Fmedia&parent=573593"}],"wp:term":[{"taxonomy":"category","embeddable":true,"href":"https:\/\/www.diarioimagen.net\/index.php?rest_route=%2Fwp%2Fv2%2Fcategories&post=573593"},{"taxonomy":"post_tag","embeddable":true,"href":"https:\/\/www.diarioimagen.net\/index.php?rest_route=%2Fwp%2Fv2%2Ftags&post=573593"}],"curies":[{"name":"wp","href":"https:\/\/api.w.org\/{rel}","templated":true}]}}