{"id":573595,"date":"2023-02-07T00:03:19","date_gmt":"2023-02-07T06:03:19","guid":{"rendered":"https:\/\/www.diarioimagen.net\/?p=573595"},"modified":"2023-02-07T01:47:09","modified_gmt":"2023-02-07T07:47:09","slug":"del-moral-vela-llama-a-la-militancia-priista-a-organizarse-y-unir-esfuerzos","status":"publish","type":"post","link":"https:\/\/www.diarioimagen.net\/?p=573595","title":{"rendered":"Del Moral Vela llama a la militancia priista a organizarse y unir esfuerzos"},"content":{"rendered":"<p>&nbsp;<\/p>\n<p><a href=\"https:\/\/www.diarioimagen.net\/?attachment_id=573638\" rel=\"attachment wp-att-573638\"><img loading=\"lazy\" decoding=\"async\" class=\"aligncenter size-full wp-image-573638\" src=\"https:\/\/www.diarioimagen.net\/wp-content\/uploads\/2023\/02\/del-moral.jpg\" alt=\"\" width=\"460\" height=\"270\" \/><\/a><\/p>\n<p>&nbsp;<\/p>\n<p><strong>Valle de M\u00e9xico.\u2014 <\/strong>Alejandra Del Moral Vela, precandidata a la gubernatura del Estado de M\u00e9xico, hizo un llamado a la militancia priista para organizarse y unir esfuerzos, hacer pol\u00edtica entre ellos y demostrar lo que el PRI\u00a0 ha hecho por la entidad mexiquense.<\/p>\n<p>\u201cAqu\u00ed nadie es m\u00e1s que nadie, todos somos iguales y esta batalla es para un ej\u00e9rcito donde no haya tanto general, porque necesitamos tropa dispuesta a caminar\u201d, se\u00f1al\u00f3. Alejandra Del Moral apunt\u00f3 que el PRI tiene muchos hechos para demostrar lo que ha trabajado por el territorio mexiquense.<\/p>\n","protected":false},"excerpt":{"rendered":"<p>Alejandra Del Moral Vela, precandidata a la gubernatura del Estado de M\u00e9xico, hizo un llamado a la militancia priista para organizarse y unir esfuerzos, hacer pol\u00edtica entre ellos y demostrar lo que el PRI\u00a0 ha hecho por la entidad mexiquense.<\/p>\n","protected":false},"author":3,"featured_media":573638,"comment_status":"open","ping_status":"open","sticky":false,"template":"","format":"standard","meta":{"_monsterinsights_skip_tracking":false,"_monsterinsights_sitenote_active":false,"_monsterinsights_sitenote_note":"","_monsterinsights_sitenote_category":0,"footnotes":""},"categories":[5],"tags":[2833,41048,97294],"class_list":["post-573595","post","type-post","status-publish","format-standard","has-post-thumbnail","hentry","category-estado-de-mexico","tag-alejandra-del-moral-vela","tag-esfuerzo","tag-unir"],"_links":{"self":[{"href":"https:\/\/www.diarioimagen.net\/index.php?rest_route=\/wp\/v2\/posts\/573595","targetHints":{"allow":["GET"]}}],"collection":[{"href":"https:\/\/www.diarioimagen.net\/index.php?rest_route=\/wp\/v2\/posts"}],"about":[{"href":"https:\/\/www.diarioimagen.net\/index.php?rest_route=\/wp\/v2\/types\/post"}],"author":[{"embeddable":true,"href":"https:\/\/www.diarioimagen.net\/index.php?rest_route=\/wp\/v2\/users\/3"}],"replies":[{"embeddable":true,"href":"https:\/\/www.diarioimagen.net\/index.php?rest_route=%2Fwp%2Fv2%2Fcomments&post=573595"}],"version-history":[{"count":0,"href":"https:\/\/www.diarioimagen.net\/index.php?rest_route=\/wp\/v2\/posts\/573595\/revisions"}],"wp:featuredmedia":[{"embeddable":true,"href":"https:\/\/www.diarioimagen.net\/index.php?rest_route=\/wp\/v2\/media\/573638"}],"wp:attachment":[{"href":"https:\/\/www.diarioimagen.net\/index.php?rest_route=%2Fwp%2Fv2%2Fmedia&parent=573595"}],"wp:term":[{"taxonomy":"category","embeddable":true,"href":"https:\/\/www.diarioimagen.net\/index.php?rest_route=%2Fwp%2Fv2%2Fcategories&post=573595"},{"taxonomy":"post_tag","embeddable":true,"href":"https:\/\/www.diarioimagen.net\/index.php?rest_route=%2Fwp%2Fv2%2Ftags&post=573595"}],"curies":[{"name":"wp","href":"https:\/\/api.w.org\/{rel}","templated":true}]}}