{"id":573658,"date":"2023-02-07T00:02:01","date_gmt":"2023-02-07T06:02:01","guid":{"rendered":"https:\/\/www.diarioimagen.net\/?p=573658"},"modified":"2023-02-07T02:14:43","modified_gmt":"2023-02-07T08:14:43","slug":"en-queretaro-mermado-autoritarismo-de-lopez-obrador","status":"publish","type":"post","link":"https:\/\/www.diarioimagen.net\/?p=573658","title":{"rendered":"En Quer\u00e9taro, mermado autoritarismo de L\u00f3pez Obrador"},"content":{"rendered":"<h2>La Retaguardia<\/h2>\n<h5>Adriana Moreno Cordero<\/h5>\n<p>&nbsp;<\/p>\n<ul>\n<li><strong><em>Ricardo Monreal se compromete a defender la Constituci\u00f3n<\/em><\/strong><\/li>\n<\/ul>\n<p>&nbsp;<\/p>\n<p>El primero en faltar el respeto a quien considera sus adversarios y atacarlos sin pudor alguno es el presidente <strong>Andr\u00e9s Manuel L\u00f3pez Obrador<\/strong>, que por m\u00e1s que se dijo orgulloso porque la ministra-presidente de la Suprema Corte de Justicia de la Naci\u00f3n, <strong>Norma Luc\u00eda Pi\u00f1a Hern\u00e1ndez<\/strong>, no se levant\u00f3 a ovacionarlo a su entrada al Teatro de la Rep\u00fablica en Quer\u00e9taro, ya que eso no se hac\u00eda en pasadas administraciones, no pudo disimular su malestar. Cu\u00e1nto trabajo le cuesta al tabasque\u00f1o tratar bien a quien no est\u00e1 de acuerdo con \u00e9l; no es osado se\u00f1alar: Cu\u00e1nto odio es capaz de destilar.<\/p>\n<p>Es m\u00e1s, si tanto orgullo dijo sentir por dicha situaci\u00f3n, entonces, \u00bfpor qu\u00e9 envi\u00f3 a su flamante vocero <strong>Jes\u00fas Ram\u00edrez Cuevas<\/strong> a que por las \u201cex benditas redes sociales\u201d, tundiera a la titular de la SCJN?, adem\u00e1s de \u00bfpor qu\u00e9 intent\u00f3 ironizar o bromear el tabasque\u00f1o al decir que quiz\u00e1s la ministra Pi\u00f1a no se levant\u00f3 porque estaba cansada? Eso es un insulto, uno m\u00e1s de los muchos que ha proferido en contra tanto del Poder Judicial, como del Legislativo.<\/p>\n<p>Para infortunio del inquilino de Palacio Nacional que -como es bien sabido-, no pudo imponer a su carta fuerte, ahora bastante mermada en la presidencia del m\u00e1ximo Tribunal, la \u00bfbachiller o ministra?, <strong>Yazm\u00edn Esquivel<\/strong>, voces opositoras a esta errada y llamada Cuarta Transformaci\u00f3n se hicieron una para aplaudir el discurso de la ministra Pi\u00f1a Hern\u00e1ndez en el que pide respeto al Poder Judicial.<\/p>\n<p>Como un gran discurso calific\u00f3 en el d\u00eda de su cumplea\u00f1os el consejero presidente del INE, <strong>Lorenzo C\u00f3rdova Vianello<\/strong>, quien por las redes se\u00f1al\u00f3: \u201cGran discurso de la ministra Norma Pi\u00f1a, Presidenta de la @SCJN, ayer en Quer\u00e9taro, resaltando la #IndependenciaJudicial como principio central de la vida democr\u00e1tica, en tiempos en los hay quienes ven en la Constituci\u00f3n algo prescindible en aras de sus intereses pol\u00edticos\u201d. Pr\u00e1cticamente en el mismo sentido se manifestaron legisladores de oposici\u00f3n.<\/p>\n<p>Los senadores <strong>Emilio \u00c1lvarez de Icaza<\/strong> y el coordinador panista, <strong>Julen Rementer\u00eda<\/strong>, coincidieron en que ning\u00fan protocolo dicta que la ministra Pi\u00f1a se hubiera tenido que levantar y lo que m\u00e1s le doli\u00f3 al Ejecutivo, fue que en la ceremonia del domingo pasado, el autoritarismo y la soberbia de la que hace gala a diario, se vio mermada.<\/p>\n<p>Mucho se habl\u00f3 de las ausencias en Quer\u00e9taro el pasado 5 de febrero, como la del secretario de Relaciones Exteriores, <strong>Marcelo Ebrard,<\/strong> quien ten\u00eda un cuadro gripal y por lo que toca al presidente de la Junta de Coordinaci\u00f3n Pol\u00edtica del Senado de la Rep\u00fablica, <strong>Ricardo Monreal<\/strong>, bien vale la pena retomar el discurso que\u00a0 public\u00f3, en el que hace el compromiso de nunca dejar de defender la Constituci\u00f3n, ni tampoco ser\u00e1 omiso respecto a los abusos que se han cometido, y se pueden llegar a cometer en contra de la Carta Magna, tergiversando su uso y esp\u00edritu al tiempo que\u00a0 agreg\u00f3 que cuando los gobiernos no son virtuosos, la legalidad puede ser utilizada en contra de la justicia.<\/p>\n<p>A trav\u00e9s de un texto publicado en sus redes sociales, el coordinador de los senadores de Morena subray\u00f3 que hoy, despu\u00e9s de a\u00f1os de luchar por vivir en una sociedad m\u00e1s justa, la situaci\u00f3n empieza a cambiar, aunque a\u00fan vivimos en un pa\u00eds en donde la impunidad es rampante.<\/p>\n<p>Monreal \u00c1vila se\u00f1al\u00f3 que en reg\u00edmenes pasados, se utilizaba el marco legal constitucional \u201ca su antojo para perseguir detractores e impedir el avance de la democracia. Por ello, puedo asegurar que, ante la falta de un gobierno cuyo objetivo sea el bien com\u00fan, la regencia de las leyes es superior a la de los hombres\u201d.<\/p>\n<p>Hizo hincapi\u00e9 en que Benito Ju\u00e1rez indic\u00f3 que los grandes cambios -por complicado que resultara- deb\u00edan generarse a trav\u00e9s de la legalidad y no haciendo uso de otro mecanismo, \u201cnada por la fuerza, todo por la raz\u00f3n y por el derecho\u201d y desde su muy personal \u00f3ptica , el senador Monreal concluy\u00f3 que los principios juaristas los ha seguido el presidente L\u00f3pez Obador a cabalidad. \u00bfSer\u00e1?<\/p>\n<p>En una reflexi\u00f3n final, el tambi\u00e9n coordinador de la bancada de Morena en el Senado de la Rep\u00fablica, hizo hincapi\u00e9 en que las ideas de Ju\u00e1rez fueron valiosas en su contexto original, el de una guerra intestina interminable, pero tambi\u00e9n en la actualidad, cuando las leyes han sido utilizadas de manera incorrecta, lo que dio lugar a un debate m\u00e1s vigente que nunca: La distinci\u00f3n entre legalidad y justicia.<\/p>\n<p style=\"text-align: center;\"><strong>Municiones<\/strong><\/p>\n<p>*** El presidente del CEN del PRI, <strong>Alejandro Moreno<\/strong>, estuvo en Toluca para dar el espaldarazo a la candidata de la alianza Va por M\u00e9xico al gobierno del Estado de M\u00e9xico, <strong>Alejandra Del Moral<\/strong> y estableci\u00f3 que la abanderada se encuentra a s\u00f3lo 7 puntos de la candidata de Morena a la gubernatura mexiquense, <strong>Delfina G\u00f3mez,<\/strong> y relat\u00f3 que no es la primera vez que\u00a0 un candidato pri\u00edsta empieza abajo en las encuestas y logra remontar la ventaja.<\/p>\n<p>*** No pod\u00eda ser de otra manera, \u00bfc\u00f3mo no iba a aprovechar el flamante secretario de Gobernaci\u00f3n, <strong>Ad\u00e1n Augusto L\u00f3pez Hern\u00e1ndez,<\/strong> una espl\u00e9ndida pasarela que le brind\u00f3 ni m\u00e1s ni menos que su propia tierra, violando la ley electoral? Resulta que el titular de la Segob, estuvo en Tabasco para inaugurar una obra del gobierno federal. Tanto el gobernador de ese estado, <strong>Carlos Merino<\/strong>, como la presidencia municipal de Centla, <strong>Lluvia Salas<\/strong>, se deshicieron en elogios para con su paisano. \u00bfHabr\u00e1n recibido l\u00ednea dichos funcionarios?, lo m\u00e1s probable es que s\u00ed. El Ejecutivo estatal de plano se descar\u00f3 en la porra al se\u00f1alar:\u00a0 \u201cY c\u00f3mo no \u2018estar agusto\u2019 cuando se apoya a los olvidados y marginados, cuando se atiende y dan soluciones a las a\u00f1ejas y justas demandas. Esta magna obra es el reconocimiento, el inter\u00e9s, la gesti\u00f3n, responsabilidad y compromiso que adquiri\u00f3 un amigo y paisano nuestro, el licenciado<strong>\u00a0Ad\u00e1n Augusto L\u00f3pez Hern\u00e1ndez<\/strong>\u201d. Qu\u00e9 bueno que una parte de los tabasque\u00f1os, morenistas b\u00e1sicamente, tengan a una \u201ccorcholata\u201d que tiene la consigna de \u201cdestazar\u201d al INE y solamente se limita a guardar total sumisi\u00f3n a L\u00f3pez Obrador. No, bueno, eso es calidad.<\/p>\n<p>*** A quien al parecer se le van a complicar las cosas, es al ex gobernador de Coahuila, <strong>Humberto Moreira,<\/strong> pues quien fuera su secretario de Finanzas, <strong>Javier Villarreal Hern\u00e1ndez<\/strong>, declar\u00f3 en el juicio que se le sigue en Estados Unidos a <strong>Genaro Garc\u00eda Luna<\/strong>, admitiendo enriquecimiento il\u00edcito del ex mandatario coahuilense. Con raz\u00f3n el a\u00f1o pasado, Humberto Moreira reapareci\u00f3 en la escena pol\u00edtica y se dedic\u00f3 a manifestar su simpat\u00eda por Morena, \u00bfse estar\u00eda \u201camarrando el dedo\u201d por lo que desde entonces ya ve\u00eda venir?<\/p>\n<p><u><a href=\"mailto:morcora@gmail.com\" target=\"_blank\" rel=\"noopener noreferrer\"><em>morcora@gmail.com<\/em><\/a><\/u><\/p>\n","protected":false},"excerpt":{"rendered":"<p><span style=\"color: #005497;\"><strong>Adriana Moreno Cordero<\/strong><\/span><\/p>\n","protected":false},"author":3,"featured_media":0,"comment_status":"open","ping_status":"open","sticky":false,"template":"","format":"standard","meta":{"_monsterinsights_skip_tracking":false,"_monsterinsights_sitenote_active":false,"_monsterinsights_sitenote_note":"","_monsterinsights_sitenote_category":0,"footnotes":""},"categories":[69370],"tags":[69369,69368,43674],"class_list":["post-573658","post","type-post","status-publish","format-standard","hentry","category-adriana-moreno-cordero","tag-adriana-moreno-cordero","tag-la-retaguardia","tag-opinion"],"_links":{"self":[{"href":"https:\/\/www.diarioimagen.net\/index.php?rest_route=\/wp\/v2\/posts\/573658","targetHints":{"allow":["GET"]}}],"collection":[{"href":"https:\/\/www.diarioimagen.net\/index.php?rest_route=\/wp\/v2\/posts"}],"about":[{"href":"https:\/\/www.diarioimagen.net\/index.php?rest_route=\/wp\/v2\/types\/post"}],"author":[{"embeddable":true,"href":"https:\/\/www.diarioimagen.net\/index.php?rest_route=\/wp\/v2\/users\/3"}],"replies":[{"embeddable":true,"href":"https:\/\/www.diarioimagen.net\/index.php?rest_route=%2Fwp%2Fv2%2Fcomments&post=573658"}],"version-history":[{"count":0,"href":"https:\/\/www.diarioimagen.net\/index.php?rest_route=\/wp\/v2\/posts\/573658\/revisions"}],"wp:attachment":[{"href":"https:\/\/www.diarioimagen.net\/index.php?rest_route=%2Fwp%2Fv2%2Fmedia&parent=573658"}],"wp:term":[{"taxonomy":"category","embeddable":true,"href":"https:\/\/www.diarioimagen.net\/index.php?rest_route=%2Fwp%2Fv2%2Fcategories&post=573658"},{"taxonomy":"post_tag","embeddable":true,"href":"https:\/\/www.diarioimagen.net\/index.php?rest_route=%2Fwp%2Fv2%2Ftags&post=573658"}],"curies":[{"name":"wp","href":"https:\/\/api.w.org\/{rel}","templated":true}]}}