{"id":573680,"date":"2023-02-07T00:06:57","date_gmt":"2023-02-07T06:06:57","guid":{"rendered":"https:\/\/www.diarioimagen.net\/?p=573680"},"modified":"2023-02-07T02:31:58","modified_gmt":"2023-02-07T08:31:58","slug":"los-tres-poderes-presentes","status":"publish","type":"post","link":"https:\/\/www.diarioimagen.net\/?p=573680","title":{"rendered":"Los tres poderes presentes"},"content":{"rendered":"<h2>As\u00ed las cosas&#8230;<\/h2>\n<h5>Humberto Mares N.<\/h5>\n<p>&nbsp;<\/p>\n<p>Los tres poderes de la uni\u00f3n como garant\u00eda de nuestro sistema pol\u00edtico del Estado Mexicano se vio y not\u00f3 el d\u00eda domingo con motivo del 106 aniversario de la promulgaci\u00f3n de la Constituci\u00f3n de 1917, en el legendario y hermoso Teatro de la Rep\u00fablica, representados por el jefe del Poder Ejecutivo, Andr\u00e9s Manuel L\u00f3pez Obrador; la Presidenta de la Suprema Corte de Justicia de la Naci\u00f3n, Norma Luc\u00eda Pi\u00f1a Hern\u00e1ndez; y el presidente de la Mesa Directiva de la C\u00e1mara de Diputados, Santiago Creel, que abogaron por sus causas desde su punto de vista.<\/p>\n<p>Los asistentes en el Teatro de la Rep\u00fablica e invitados especiales del gobierno fueron duros con los representantes de los poderes Judicial y Legislativo. A la presidenta del Poder Judicial de la Federaci\u00f3n apenas la aplaudieron una vez e hizo mutis durante todo su discurso que resulto tal vez inc\u00f3modo y dif\u00edcil, sin el respaldo de los presentes, fue a\u00fan m\u00e1s el del diputado Santiago Creel que durante 18 minutos solo se escuch\u00f3 su voz, sin ninguna interrupci\u00f3n por aplausos. Esto fue m\u00e1s que clara la divisi\u00f3n de poderes. Hoy ya no se entregan al Ejecutivo. El Presidente fue arropado por sus invitados y las fuerzas armadas.<\/p>\n<p>La ministra Pi\u00f1a defendi\u00f3 la Constituci\u00f3n, su salud, su aplicaci\u00f3n y la autonom\u00eda del poder, al apuntar que la independencia es la principal garant\u00eda de imparcialidad del Poder Judicial, no es un privilegio de los jueces, afirm\u00f3 la ministra presidenta; en tanto que el diputado Creel pidi\u00f3 rectificar el camino y considerar que la pol\u00edtica es el camino para la conciliaci\u00f3n de intereses y defender creencias, teniendo como l\u00edmite la Constituci\u00f3n y la ley.<\/p>\n<p>Por su parte, el gobernador de Quer\u00e9taro, Mauricio Kuri, asever\u00f3 que nadie est\u00e1 por encima de la Constituci\u00f3n, por lo que no admite atajos ni procedimientos legislativos para violentarla y resalt\u00f3 la importancia del blindaje constitucional.<\/p>\n<p>El presidente AMLO sostuvo que frente al \u201cvergonzoso retroceso\u201d en los \u201c36 a\u00f1os de pol\u00edtica neoliberal\u201d, su gobierno ha impulsado reformas para devolver a la Constituci\u00f3n \u201cla grandeza de su esp\u00edritu original\u201d. Asegur\u00f3 que esos cambios ocurrieron dentro de una democracia simulada, controlada por pol\u00edticos y tecn\u00f3cratas que estaban al servicio de los grandes intereses econ\u00f3micos.<\/p>\n<p>La Constituci\u00f3n Pol\u00edtica Mexicana ha sufrido 56 cambios a noviembre pasado, a dos a\u00f1os de que concluya el actual sexenio, los legisladores de la 4T, convertidos en aplanadora han reformado 56 art\u00edculos de la Constituci\u00f3n Pol\u00edtica de los Estados Unidos Mexicanos. Durante la 64 y 65 Legislatura se aprob\u00f3 la creaci\u00f3n de la Guardia Nacional, cancel\u00f3 la reforma educativa, ampli\u00f3 el cat\u00e1logo de delitos con prisi\u00f3n preventiva oficiosa, entre otros y seguir\u00e1n.<\/p>\n<p style=\"text-align: center;\"><strong>Los partidos en crisis<\/strong><\/p>\n<p>Los partidos pol\u00edticos de nuestro pa\u00eds en su mayor\u00eda est\u00e1n en crisis. Cuando menos las diferencias se han manifestado con motivo de la selecci\u00f3n de candidatos y sus m\u00e9todos o bien por sus liderazgos. Los m\u00e1s visibles son Morena, PRI y PRD. En Morena aparentemente las cosas est\u00e1n bien. No es as\u00ed. Las diferencias radican b\u00e1sicamente en que el m\u00e9todo de encuesta para elegir candidatos no es aceptado. Acusan de que no hay piso parejo. Las encuestas de Mario Delgado nunca son exhibidas y por ello no son cre\u00edbles. Es un m\u00e9todo muy cuestionado.<\/p>\n<p>En el PRI, durante los \u00faltimos d\u00edas las cosas se han agravado. Hay un enfrentamiento entre senadores encabezados por su l\u00edder de la fracci\u00f3n, el senador hidalguense Miguel \u00c1ngel Osorio Chong y el dirigente nacional Alejandro Moreno, por algo que no deb\u00eda de ser, como asistir a la reuni\u00f3n de la fracci\u00f3n parlamentaria para tratar la agenda legislativa para el periodo que acaba de iniciar. Al contrario, el l\u00edder nacional del partido normalmente es invitado a estas reuniones para definir la agenda.<\/p>\n<p>Es claro que el hidalguense Osorio Chong\u00a0 no quer\u00eda la presencia de Moreno, luego de que el campechano \u201cAlito\u201d, sin consultar y de manera personal, modific\u00f3 estatutos para extender su mandato hasta 2026, lo cual una buena parte de los miembros y legisladores del tricolor rechazaron rotundamente y pidieron su renuncia.<\/p>\n<p>En respuesta a este enfrentamiento, el dirigente del Movimiento Territorial del PRI, Erubiel Alonso, cercano al l\u00edder tricolor \u201cAlito\u201d Moreno, solicit\u00f3 expulsar del partido a Miguel \u00c1ngel Osorio Chong, durante una reuni\u00f3n del Consejo Pol\u00edtico Nacional. Se debe contar con militantes que sean leales a sus principios ideol\u00f3gicos\u201d, reclam\u00f3 en la sesi\u00f3n del Consejo Pol\u00edtico Nacional del PRI.<\/p>\n<p style=\"text-align: center;\"><strong>Para eso tal vez si sirva<\/strong><\/p>\n<p>Por decreto cancelan los vuelos de carga en el AICM. El presidente AMLO prohibi\u00f3 mediante decreto las operaciones de carga en el Aeropuerto Internacional de la Ciudad de M\u00e9xico (AICM). La orden presidencial publicada en la edici\u00f3n vespertina del DOF, da un plazo de 108 d\u00edas h\u00e1biles a los concesionarios y permisionarios, que prestan el servicio de transporte a\u00e9reo, nacional e internacional regular y no regular, exclusivo de carga para reubicar sus operaciones fuera de la terminal Benito Ju\u00e1rez. Aclara que la medida no aplica para compa\u00f1\u00edas que presten servicios combinados de pasajeros y de carga, siempre y cuando la carga sea transportada en las mismas aeronaves que los pasajeros. Para esa funci\u00f3n tal vez si sirva el AIFA.<\/p>\n<p style=\"text-align: center;\"><strong>Apunte sensible<br \/>\n<\/strong><\/p>\n<p>El pol\u00edtico poblano Gerardo Islas Maldonado, de 39 a\u00f1os, quien se desempe\u00f1aba como presidente del partido Fuerza por M\u00e9xico falleci\u00f3 en Espa\u00f1a, de un infarto lo que representa una p\u00e9rdida sensible y lamentable. Siempre fue un hombre amable, educado y positivo. Mi m\u00e1s sentido p\u00e9same a todos los miembros de Fuerza por M\u00e9xico, a su esposa e hijos Claudia Wade Ramos, as\u00ed como a su familia y amigos. Gran ser humano. QEPD. As\u00ed las cosas, hasta pronto. Use cubrebocas.<\/p>\n<p><a href=\"mailto:hmares21@gmail.com\" target=\"_blank\" rel=\"noopener\"><em>hmares21@gmail.com<\/em><\/a><\/p>\n","protected":false},"excerpt":{"rendered":"<p><span style=\"color: #005497;\"><strong>Humberto Mares N.<\/strong><\/span><\/p>\n","protected":false},"author":3,"featured_media":0,"comment_status":"open","ping_status":"open","sticky":false,"template":"","format":"standard","meta":{"_monsterinsights_skip_tracking":false,"_monsterinsights_sitenote_active":false,"_monsterinsights_sitenote_note":"","_monsterinsights_sitenote_category":0,"footnotes":""},"categories":[15043],"tags":[92044,92045,43674],"class_list":["post-573680","post","type-post","status-publish","format-standard","hentry","category-humberto-mares-n","tag-asi-las-cosas","tag-humberto-mares-n","tag-opinion"],"_links":{"self":[{"href":"https:\/\/www.diarioimagen.net\/index.php?rest_route=\/wp\/v2\/posts\/573680","targetHints":{"allow":["GET"]}}],"collection":[{"href":"https:\/\/www.diarioimagen.net\/index.php?rest_route=\/wp\/v2\/posts"}],"about":[{"href":"https:\/\/www.diarioimagen.net\/index.php?rest_route=\/wp\/v2\/types\/post"}],"author":[{"embeddable":true,"href":"https:\/\/www.diarioimagen.net\/index.php?rest_route=\/wp\/v2\/users\/3"}],"replies":[{"embeddable":true,"href":"https:\/\/www.diarioimagen.net\/index.php?rest_route=%2Fwp%2Fv2%2Fcomments&post=573680"}],"version-history":[{"count":0,"href":"https:\/\/www.diarioimagen.net\/index.php?rest_route=\/wp\/v2\/posts\/573680\/revisions"}],"wp:attachment":[{"href":"https:\/\/www.diarioimagen.net\/index.php?rest_route=%2Fwp%2Fv2%2Fmedia&parent=573680"}],"wp:term":[{"taxonomy":"category","embeddable":true,"href":"https:\/\/www.diarioimagen.net\/index.php?rest_route=%2Fwp%2Fv2%2Fcategories&post=573680"},{"taxonomy":"post_tag","embeddable":true,"href":"https:\/\/www.diarioimagen.net\/index.php?rest_route=%2Fwp%2Fv2%2Ftags&post=573680"}],"curies":[{"name":"wp","href":"https:\/\/api.w.org\/{rel}","templated":true}]}}