{"id":573716,"date":"2023-02-08T00:02:04","date_gmt":"2023-02-08T06:02:04","guid":{"rendered":"https:\/\/www.diarioimagen.net\/?p=573716"},"modified":"2023-02-08T02:45:02","modified_gmt":"2023-02-08T08:45:02","slug":"destinan-mas-recursos-a-pensiones-que-a-los-estados-y-municipios","status":"publish","type":"post","link":"https:\/\/www.diarioimagen.net\/?p=573716","title":{"rendered":"Destinan m\u00e1s recursos a pensiones que a los estados y municipios"},"content":{"rendered":"<p>&nbsp;<\/p>\n<ul>\n<li><strong><em>De los rubros que m\u00e1s presionan las finanzas p\u00fablicas<\/em><\/strong><\/li>\n<\/ul>\n<p>&nbsp;<\/p>\n<div id=\"attachment_573776\" style=\"width: 470px\" class=\"wp-caption aligncenter\"><a href=\"https:\/\/www.diarioimagen.net\/?attachment_id=573776\" rel=\"attachment wp-att-573776\"><img loading=\"lazy\" decoding=\"async\" aria-describedby=\"caption-attachment-573776\" class=\"size-full wp-image-573776\" src=\"https:\/\/www.diarioimagen.net\/wp-content\/uploads\/2023\/02\/PENSIONES.jpg\" alt=\"\" width=\"460\" height=\"270\" \/><\/a><p id=\"caption-attachment-573776\" class=\"wp-caption-text\">En los \u00faltimos tres a\u00f1os, el pago de pensiones contributivas en el pa\u00eds, ha sido mayor que lo que se transfiere por ley a entidades federativas y municipios.<\/p><\/div>\n<p>&nbsp;<\/p>\n<p>De acuerdo a datos de la Secretar\u00eda de Hacienda, el pago de pensiones contributivas, uno de los rubros que m\u00e1s presiona a\u00f1o con a\u00f1o las finanzas p\u00fablicas, ha sido mayor en los \u00faltimos tres a\u00f1os que lo que se transfiere por ley a entidades federativas y municipios.<\/p>\n<p>Tan es as\u00ed que el gasto en pensiones totaliz\u00f3 la cifra hist\u00f3rica de un bill\u00f3n 181 mil millones de pesos, un crecimiento de 4.4% real; mientras que las participaciones federales alcanzaron un bill\u00f3n 62 mil millones de pesos, que tambi\u00e9n aumentaron, pero en 7.3% real.<\/p>\n<p>En 2019, los recursos que se destinaron para pagar a pensionados del r\u00e9gimen contributivo (sin incluir la pensi\u00f3n de adultos mayores) igualaron a las transferencias no etiquetadas que por el Sistema de Coordinaci\u00f3n Fiscal se van a los gobiernos subnacionales, y desde 2020 el gasto pensionario ya super\u00f3 a las participaciones.<\/p>\n<p>Las cifras hist\u00f3ricas de Hacienda desde 1995 muestran que el pago de pensiones ha crecido en promedio anual 8.8% real, siendo el rubro presupuestal que m\u00e1s crece en el pa\u00eds, mientras que las participaciones a estados y municipios han crecido, en el mismo periodo, a una tasa promedio anual real de 4.7 por ciento.<\/p>\n<p>La presi\u00f3n de las pensiones ha sido tal, que en los organismos de seguridad social del pa\u00eds representan un fuerte componente de su gasto, pues, en el caso del IMSS, seis de cada 10 pesos de su gasto se van a cubrir el pago a pensionados y jubilados, mientras que en el caso del ISSSTE esta proporci\u00f3n llega a siete de cada 10 pesos de su presupuesto anual.<\/p>\n<p>La cifra mencionada de pensiones se refiere a aquellas contributivas, es decir, las que pagan mayoritariamente los organismos p\u00fablicos como el IMSS, ISSSTE, Pemex y CFE.<\/p>\n<p>Esto significa que excluye el programa de Pensi\u00f3n de Adultos Mayores, el cual es catalogado como un programa social de subsidios, y es aquel que beneficia a las personas de 65 a\u00f1os y m\u00e1s con un apoyo bimensual, independiente de si recibe o no una pensi\u00f3n contributiva.<\/p>\n<p>En conjunto, las pensiones contributivas y las participaciones a los estados y municipios han representado 30% del gasto neto del sector p\u00fablico en los \u00faltimos seis a\u00f1os.<\/p>\n<p>Proyecciones apuntan a que el gasto en pensiones contributivas seguir\u00e1 creciendo en los siguientes a\u00f1os, debido a que todav\u00eda falta que se termine de pensionar la llamada generaci\u00f3n de transici\u00f3n, es decir, quienes iniciaron su vida laboral formal antes del 1 de julio de 1997, ya que mantienen el derecho a recibir una pensi\u00f3n contributiva, a diferencia de quienes iniciaron su vida laboral posterior a esa fecha, quienes se pensionar\u00e1n \u00fanicamente con el monto ahorrado en su afore u otros instrumentos para el retiro.<\/p>\n<p>Las participaciones federales o Ramo 28 son los recursos que la Federaci\u00f3n transfiere a las entidades federativas, y que las autoridades estatales los ejercen libremente en la producci\u00f3n de bienes y servicios que consideren necesarios.<\/p>\n<p>Esto significa que son los recursos que tienen derecho a percibir los estados y los municipios por la adhesi\u00f3n al Sistema Nacional de Coordinaci\u00f3n Fiscal y el rendimiento de las contribuciones especiales.<\/p>\n<p>As\u00ed, se trata de los dineros que provienen del cobro de impuestos que los gobiernos subnacionales ceden a la Federaci\u00f3n, con el fin de hacer el sistema fiscal m\u00e1s eficiente y con ello evitar, entre otras cosas, la doble tributaci\u00f3n y la competencia indeseada entre estados.<\/p>\n","protected":false},"excerpt":{"rendered":"<p>De acuerdo a datos de la Secretar\u00eda de Hacienda, el pago de pensiones contributivas, uno de los rubros que m\u00e1s presiona a\u00f1o con a\u00f1o las finanzas p\u00fablicas, ha sido mayor en los \u00faltimos tres a\u00f1os que lo que se transfiere por ley a entidades federativas y municipios.<\/p>\n","protected":false},"author":3,"featured_media":573776,"comment_status":"open","ping_status":"open","sticky":false,"template":"","format":"standard","meta":{"_monsterinsights_skip_tracking":false,"_monsterinsights_sitenote_active":false,"_monsterinsights_sitenote_note":"","_monsterinsights_sitenote_category":0,"footnotes":""},"categories":[8],"tags":[43678,25414,2131,20477],"class_list":["post-573716","post","type-post","status-publish","format-standard","has-post-thumbnail","hentry","category-finanzas","tag-finanzas","tag-municipios","tag-pensiones","tag-recursos"],"_links":{"self":[{"href":"https:\/\/www.diarioimagen.net\/index.php?rest_route=\/wp\/v2\/posts\/573716","targetHints":{"allow":["GET"]}}],"collection":[{"href":"https:\/\/www.diarioimagen.net\/index.php?rest_route=\/wp\/v2\/posts"}],"about":[{"href":"https:\/\/www.diarioimagen.net\/index.php?rest_route=\/wp\/v2\/types\/post"}],"author":[{"embeddable":true,"href":"https:\/\/www.diarioimagen.net\/index.php?rest_route=\/wp\/v2\/users\/3"}],"replies":[{"embeddable":true,"href":"https:\/\/www.diarioimagen.net\/index.php?rest_route=%2Fwp%2Fv2%2Fcomments&post=573716"}],"version-history":[{"count":0,"href":"https:\/\/www.diarioimagen.net\/index.php?rest_route=\/wp\/v2\/posts\/573716\/revisions"}],"wp:featuredmedia":[{"embeddable":true,"href":"https:\/\/www.diarioimagen.net\/index.php?rest_route=\/wp\/v2\/media\/573776"}],"wp:attachment":[{"href":"https:\/\/www.diarioimagen.net\/index.php?rest_route=%2Fwp%2Fv2%2Fmedia&parent=573716"}],"wp:term":[{"taxonomy":"category","embeddable":true,"href":"https:\/\/www.diarioimagen.net\/index.php?rest_route=%2Fwp%2Fv2%2Fcategories&post=573716"},{"taxonomy":"post_tag","embeddable":true,"href":"https:\/\/www.diarioimagen.net\/index.php?rest_route=%2Fwp%2Fv2%2Ftags&post=573716"}],"curies":[{"name":"wp","href":"https:\/\/api.w.org\/{rel}","templated":true}]}}