{"id":573723,"date":"2023-02-08T00:03:16","date_gmt":"2023-02-08T06:03:16","guid":{"rendered":"https:\/\/www.diarioimagen.net\/?p=573723"},"modified":"2023-02-08T02:52:04","modified_gmt":"2023-02-08T08:52:04","slug":"necesitamos-tropa-dispuesta-a-caminar-por-el-edomex-del-moral","status":"publish","type":"post","link":"https:\/\/www.diarioimagen.net\/?p=573723","title":{"rendered":"Necesitamos \u201ctropa\u201d dispuesta a caminar por el Edomex: Del Moral"},"content":{"rendered":"<p>&nbsp;<\/p>\n<ul>\n<li><em><strong>Pide organizarse a priistas<\/strong><\/em><\/li>\n<\/ul>\n<p><strong>\u00a0<\/strong><\/p>\n<h6>Arturo Baena<\/h6>\n<p>&nbsp;<\/p>\n<div id=\"attachment_573793\" style=\"width: 470px\" class=\"wp-caption aligncenter\"><a href=\"https:\/\/www.diarioimagen.net\/?attachment_id=573793\" rel=\"attachment wp-att-573793\"><img loading=\"lazy\" decoding=\"async\" aria-describedby=\"caption-attachment-573793\" class=\"size-full wp-image-573793\" src=\"https:\/\/www.diarioimagen.net\/wp-content\/uploads\/2023\/02\/necesitamos-tropa.jpg\" alt=\"\" width=\"460\" height=\"270\" \/><\/a><p id=\"caption-attachment-573793\" class=\"wp-caption-text\">Alejandra Del Moral manifest\u00f3 que se requiere de todos los priistas para consolidar un proyecto de uni\u00f3n que cambie el quehacer pol\u00edtico.<\/p><\/div>\n<p>&nbsp;<\/p>\n<p><strong>Valle de M\u00e9xico.\u2014<\/strong> Alejandra del Moral, precandidata a la gubernatura del Estado de M\u00e9xico, hizo un llamado a la militancia priista para organizarse y unir esfuerzos, hacer pol\u00edtica entre ellos y demostrar lo que el PRI\u00a0 ha hecho por la entidad mexiquense.<\/p>\n<p>\u201cAqu\u00ed nadie es m\u00e1s que nadie, todos somos iguales y esta batalla es para un ej\u00e9rcito donde no haya tanto general, porque necesitamos tropa dispuesta a caminar\u201d, se\u00f1al\u00f3. Alejandra Del Moral apunt\u00f3 que el PRI tiene muchos hechos para demostrar lo que ha trabajado por el territorio mexiquense.<\/p>\n<p>\u201cA la gente no le importa si somos de izquierda o de derecha, a la gente lo que le importa es que le cumplamos lo que le prometemos, que tengamos palabra, porque lo que se dice con la boca se sostiene con los hechos\u201d, indic\u00f3 ante militantes priistas de Temascalcingo, San Felipe del Progreso y Acambay.<\/p>\n<p>Manifest\u00f3 adem\u00e1s que se requiere de todos los priistas para consolidar un proyecto de uni\u00f3n que cambie el quehacer pol\u00edtico.<\/p>\n<p>\u201cNosotros los priistas sabemos qu\u00e9 hacer y hoy por eso vengo a convocarlos nuevamente, los vamos a rebasar porque sabemos hacer nuestro trabajo\u201d, expres\u00f3.<\/p>\n<p>\u201cDemostremos nuevamente porque el PRI mexiquense es el mejor PRI de todo el pa\u00eds, demostremos nuevamente porque queremos tanto a esta tierra y porque hemos trabajado tanto por esta tierra\u201d, puntualiz\u00f3.<\/p>\n<p>La precandidata coment\u00f3 que el priismo sabe que el Estado de M\u00e9xico requiere un gobierno preparado, capacitado, con experiencia y vocaci\u00f3n de servicio.<\/p>\n<p>\u201cEl cambio est\u00e1 en ser valientes para trabajar con todos, aceptar la cr\u00edtica y sumar todas las opiniones, no vamos a permitir que dividan al Estado de M\u00e9xico, \u00a0los que nacimos, crecimos y hemos vivido en el estado, vamos a trabajar sin cansancio para que siga siendo para y de los mexiquenses\u201d, sostuvo Del Moral Vela.<\/p>\n","protected":false},"excerpt":{"rendered":"<p>Alejandra del Moral, precandidata a la gubernatura del Estado de M\u00e9xico, hizo un llamado a la militancia priista para organizarse y unir esfuerzos, hacer pol\u00edtica entre ellos y demostrar lo que el PRI\u00a0 ha hecho por la entidad mexiquense.\u00a0<\/p>\n","protected":false},"author":3,"featured_media":573793,"comment_status":"open","ping_status":"open","sticky":false,"template":"","format":"standard","meta":{"_monsterinsights_skip_tracking":false,"_monsterinsights_sitenote_active":false,"_monsterinsights_sitenote_note":"","_monsterinsights_sitenote_category":0,"footnotes":""},"categories":[5],"tags":[2833,97300,97299],"class_list":["post-573723","post","type-post","status-publish","format-standard","has-post-thumbnail","hentry","category-estado-de-mexico","tag-alejandra-del-moral-vela","tag-dispuesta","tag-tropa"],"_links":{"self":[{"href":"https:\/\/www.diarioimagen.net\/index.php?rest_route=\/wp\/v2\/posts\/573723","targetHints":{"allow":["GET"]}}],"collection":[{"href":"https:\/\/www.diarioimagen.net\/index.php?rest_route=\/wp\/v2\/posts"}],"about":[{"href":"https:\/\/www.diarioimagen.net\/index.php?rest_route=\/wp\/v2\/types\/post"}],"author":[{"embeddable":true,"href":"https:\/\/www.diarioimagen.net\/index.php?rest_route=\/wp\/v2\/users\/3"}],"replies":[{"embeddable":true,"href":"https:\/\/www.diarioimagen.net\/index.php?rest_route=%2Fwp%2Fv2%2Fcomments&post=573723"}],"version-history":[{"count":0,"href":"https:\/\/www.diarioimagen.net\/index.php?rest_route=\/wp\/v2\/posts\/573723\/revisions"}],"wp:featuredmedia":[{"embeddable":true,"href":"https:\/\/www.diarioimagen.net\/index.php?rest_route=\/wp\/v2\/media\/573793"}],"wp:attachment":[{"href":"https:\/\/www.diarioimagen.net\/index.php?rest_route=%2Fwp%2Fv2%2Fmedia&parent=573723"}],"wp:term":[{"taxonomy":"category","embeddable":true,"href":"https:\/\/www.diarioimagen.net\/index.php?rest_route=%2Fwp%2Fv2%2Fcategories&post=573723"},{"taxonomy":"post_tag","embeddable":true,"href":"https:\/\/www.diarioimagen.net\/index.php?rest_route=%2Fwp%2Fv2%2Ftags&post=573723"}],"curies":[{"name":"wp","href":"https:\/\/api.w.org\/{rel}","templated":true}]}}