{"id":573827,"date":"2023-02-08T00:12:37","date_gmt":"2023-02-08T06:12:37","guid":{"rendered":"https:\/\/www.diarioimagen.net\/?p=573827"},"modified":"2023-02-08T03:18:06","modified_gmt":"2023-02-08T09:18:06","slug":"reconviene-monreal-a-amlo-sobre-la-necesidad-de-ir-al-dialogo","status":"publish","type":"post","link":"https:\/\/www.diarioimagen.net\/?p=573827","title":{"rendered":"\u00bfReconviene Monreal a AMLO sobre la necesidad de ir al di\u00e1logo?"},"content":{"rendered":"<h2>Tras la puerta del poder<\/h2>\n<h5>Roberto Vizca\u00edno<\/h5>\n<p><strong>\u00a0<\/strong><\/p>\n<p>Ninguno de los dos esconde sus diferencias. Ambos las han reconocido sin confrontarse, ni romper. Y hoy vuelve a darse el caso.<\/p>\n<p>S\u00f3lo que uno va de salida y el otro quiz\u00e1 lo sustituya para ocupar la silla del \u00e1guila en Palacio Nacional. Y esa diferencia es fundamental.<\/p>\n<p>En su ma\u00f1anera del lunes, <strong>Andr\u00e9s Manuel L\u00f3pez Obrador<\/strong> no se anduvo con enga\u00f1os ni eufemismos. Dijo que \u00e9l no dialoga con la oposici\u00f3n porque siempre hay en ese reclamo la intenci\u00f3n de regresar al moche. Para \u00e9l, sus opuestos son una bola de conservadores corruptos.<\/p>\n<p>Lo que piensa qued\u00f3 en una expresi\u00f3n muy suya:<\/p>\n<p>\u201c\u00bfQu\u00e9 vamos a negociar? \u00bfImpunidad? \u00bfEl que se siga entregando el presupuesto a particulares, a una minor\u00eda? \u00bfQue se siga permitiendo el tr\u00e1fico de influencias?\u201d.<\/p>\n<p>De ah\u00ed nadie lo ha movido en los pasados 4 a\u00f1os de su gobierno. Ni creo que nadie lo convenza de sentarse con alguien de la oposici\u00f3n en los 2 que le faltan a su mandato. El pasado domingo 5 en el Teatro de la Rep\u00fablica alej\u00f3 lo m\u00e1s posible de s\u00ed al panista <strong>Santiago Creel,<\/strong> presidente del Congreso, y a la ministra <strong>Norma Pi\u00f1a<\/strong>, presidenta de la Suprema Corte. As\u00ed de radical es su animadversi\u00f3n por ellos.<\/p>\n<p><strong>Monreal, <\/strong>por su parte, ha demostrado ser todo lo contrario. Y se ha revelado como el mayor negociador de acuerdos desde la c\u00fapula de la 4T. Y as\u00ed ha logrado reformar quiz\u00e1 a un 30 por ciento de la Constituci\u00f3n muchas veces a contrapelo de los odios y animadversiones de <strong>AMLO<\/strong>.<\/p>\n<p>Desde su posici\u00f3n dice que el di\u00e1logo es la mayor muestra de la tolerancia y la civilidad pol\u00ectica:<\/p>\n<p>\u201cEs tolerancia. <strong>El di\u00e1logo es fundamental entre los adversarios, entre los contrarios, entre quienes pensamos de manera distinta<\/strong>.<\/p>\n<p>\u201cEl di\u00e1logo nos ayuda a construir puentes, el di\u00e1logo nos ayuda a conciliar, el di\u00e1logo nos ayuda a llegar a caminos racionales de entendimiento.<\/p>\n<p>\u201cYo estoy con ello, nunca los voy a abandonar. Y tengo respeto por el Poder Judicial y por el Poder Ejecutivo <strong>y la cortes\u00eda pol\u00edtica no me quita nada en asumir mi posici\u00f3n, mis principios y mis criterios<\/strong>. No vendo ni pongo en riesgo mi autonom\u00eda y mi independencia con ser cort\u00e9s, ser amable.<\/p>\n<p>\u2014\u00bfPero el Presidente se niega a ese di\u00e1logo?, le interrogan.<\/p>\n<p>\u201cYo creo que el Presidente est\u00e1 haciendo un gran trabajo y ha tenido gestos de cortes\u00eda pol\u00edtica siempre. <strong>Creo que el Presidente tiene un estilo de gobernar, un estilo que yo nunca hab\u00eda visto, un estilo propio que no se va a repetir<\/strong>.<\/p>\n<p>\u201cEse vac\u00edo que deje un d\u00eda el Presidente va a ser dif\u00edcil de llenar\u201d, cerr\u00f3 el zacatecano.<\/p>\n<p style=\"text-align: center;\"><strong>Aprobaci\u00f3n de \u201cplan B\u201d, en cualquier momento<\/strong><\/p>\n<p>Aprobadas ya casi en un 95 por ciento las reformas del paquete electoral B de AMLO y con s\u00f3lo un art\u00edculo pendiente por tramitar hoy en el Senado, <strong>Monreal <\/strong>considera que pudiera ser enviado a votaci\u00f3n en el Pleno en cualquier momento.<\/p>\n<p>Hoy, explica, s\u00f3lo falta que se re\u00fanan las comisiones legislativas del Senado que deben dictaminar lo que falta para ser enviado la propuesta final al Pleno y eso puede ocurrir este fin de semana o la que viene.<\/p>\n<p>El zacatecano dice no saber cu\u00e1l ser\u00e1 el resultado de ese tr\u00e1mite y que lo mismo puede pasar que se apruebe o que se rechace.<\/p>\n<p>Incluso podr\u00eda darse el caso de que se modifique de nuevo el articulado y se regrese a la C\u00e1mara de Diputados.<\/p>\n<p><strong>Monreal <\/strong>niega que su bancada de Morena est\u00e9 retrasando el procedimiento en un intento de evitar que lo que falta sea finalmente promulgado por el presidente <strong>L\u00f3pez Obrador<\/strong> y la oposici\u00f3n pueda presentar sus recursos de inconstitucionalidad ante la Suprema Corte.<\/p>\n<p>Record\u00f3 que fue justamente la oposici\u00f3n la que se opuso a que se siguiera la v\u00eda del fast-track y exigi\u00f3 hubiera debate y an\u00e1lisis respecto de lo que falta por aprobar y por ello se envi\u00f3 a comisiones lo que les remiti\u00f3 la C\u00e1mara de Diputados.<\/p>\n<p style=\"text-align: center;\"><strong>Osorio Chong, \u00bfqu\u00e9 le aporta al PRI?<\/strong><\/p>\n<p>Ma\u00f1ana, temprano, est\u00e1 previsto el encuentro de los 15 senadores del PRI con su dirigencia formal partidaria encabezada por <strong>Alejandro \u201c<em>Alito<\/em>\u201d Moreno.<\/strong><\/p>\n<p>Desde hace una semana que <strong>Miguel \u00c1ngel Osorio Chong<\/strong>, coordinador de la bancada en el Senado, pidi\u00f3 audiencia a \u201c<strong>Alito<\/strong>\u201d para dirimir diferencias personales y de grupo, partidarias; el campechano ha arremetido duramente contra el hidalguense y algunos otros de esa bancada.<\/p>\n<p>Al ex gobernador de Hidalgo y ex secretario de Gobernaci\u00f3n, \u201c<strong>Alito<\/strong>\u201d no lo baja de ser un esquirol, de poco car\u00e1cter y tama\u00f1os, un sujeto sin credibilidad ni confianza, pro lopezobradorista, que no critica al r\u00e9gimen, como lo reclama su partido y militancia.<\/p>\n<p>A la petici\u00f3n de audiencia de Osorio, \u201cAlito\u201d respondi\u00f3 invitando a toda la fracci\u00f3n en la que \u00e9l tiene el apoyo de quiz\u00e1 la mitad de los senadores.<\/p>\n<p>Es as\u00ed que se espera un encuentro que pudiera derivar en una fractura y quiz\u00e1 promoci\u00f3n firme de expulsiones como ya han pedido algunos consejeros cercanos al dirigente del PRI.<\/p>\n<p>Lo cierto es que luego de ese encuentro nada ser\u00e1 igual para unos y otros.<\/p>\n<p>Hoy no pocos de la c\u00fapula partidaria, algunos muy cr\u00edticos de <strong>Moreno,<\/strong> se preguntan si <strong>Osorio <\/strong>realmente debe ser salvado, ya que todos coinciden que form\u00f3 parte del equipo de <strong>Enrique Pe\u00f1a Nieto<\/strong> que entreg\u00f3 el poder a <strong>Andr\u00e9s Manuel L\u00f3pez Obrador<\/strong>.<\/p>\n<p><em><a href=\"mailto:rvizcainoa@gmail.com\" target=\"_blank\" rel=\"noopener noreferrer\">vizcainoa@gmail.com<\/a><a href=\"mailto:rvizcainoa@gmail.com\" target=\"_blank\" rel=\"noopener noreferrer\"><br \/>\n<\/a><a href=\"http:\/\/endirecto.mx\" target=\"_blank\" rel=\"noopener noreferrer\">www.endirecto.mx<\/a><a href=\"mailto:rvizcainoa@gmail.com\" target=\"_blank\" rel=\"noopener noreferrer\"><br \/>\n<\/a><a href=\"https:\/\/twitter.com\/_rvizcaino\" target=\"_blank\" rel=\"noopener noreferrer\">@_RVizcaino<\/a><a href=\"mailto:rvizcainoa@gmail.com\" target=\"_blank\" rel=\"noopener noreferrer\"><br \/>\n<\/a><a href=\"https:\/\/www.facebook.com\/rvizcainoa\" target=\"_blank\" rel=\"noopener noreferrer\">facebook.com\/rvizcainoa<\/a><\/em><\/p>\n","protected":false},"excerpt":{"rendered":"<p><span style=\"color: #005497;\"><strong>Roberto Vizca\u00edno<\/strong><\/span><\/p>\n","protected":false},"author":3,"featured_media":0,"comment_status":"open","ping_status":"open","sticky":false,"template":"","format":"standard","meta":{"_monsterinsights_skip_tracking":false,"_monsterinsights_sitenote_active":false,"_monsterinsights_sitenote_note":"","_monsterinsights_sitenote_category":0,"footnotes":""},"categories":[136],"tags":[43674,93,94],"class_list":["post-573827","post","type-post","status-publish","format-standard","hentry","category-roberto-vizcaino-opinion","tag-opinion","tag-roberto-vizcaino","tag-tras-la-puerta-del-poder"],"_links":{"self":[{"href":"https:\/\/www.diarioimagen.net\/index.php?rest_route=\/wp\/v2\/posts\/573827","targetHints":{"allow":["GET"]}}],"collection":[{"href":"https:\/\/www.diarioimagen.net\/index.php?rest_route=\/wp\/v2\/posts"}],"about":[{"href":"https:\/\/www.diarioimagen.net\/index.php?rest_route=\/wp\/v2\/types\/post"}],"author":[{"embeddable":true,"href":"https:\/\/www.diarioimagen.net\/index.php?rest_route=\/wp\/v2\/users\/3"}],"replies":[{"embeddable":true,"href":"https:\/\/www.diarioimagen.net\/index.php?rest_route=%2Fwp%2Fv2%2Fcomments&post=573827"}],"version-history":[{"count":0,"href":"https:\/\/www.diarioimagen.net\/index.php?rest_route=\/wp\/v2\/posts\/573827\/revisions"}],"wp:attachment":[{"href":"https:\/\/www.diarioimagen.net\/index.php?rest_route=%2Fwp%2Fv2%2Fmedia&parent=573827"}],"wp:term":[{"taxonomy":"category","embeddable":true,"href":"https:\/\/www.diarioimagen.net\/index.php?rest_route=%2Fwp%2Fv2%2Fcategories&post=573827"},{"taxonomy":"post_tag","embeddable":true,"href":"https:\/\/www.diarioimagen.net\/index.php?rest_route=%2Fwp%2Fv2%2Ftags&post=573827"}],"curies":[{"name":"wp","href":"https:\/\/api.w.org\/{rel}","templated":true}]}}