{"id":573829,"date":"2023-02-08T00:36:03","date_gmt":"2023-02-08T06:36:03","guid":{"rendered":"https:\/\/www.diarioimagen.net\/?p=573829"},"modified":"2023-02-09T02:06:06","modified_gmt":"2023-02-09T08:06:06","slug":"afan-de-lucro","status":"publish","type":"post","link":"https:\/\/www.diarioimagen.net\/?p=573829","title":{"rendered":"Af\u00e1n de lucro"},"content":{"rendered":"<h2>Aunque pese<\/h2>\n<h5>Salvador Mart\u00ednez Garc\u00eda<\/h5>\n<p>&nbsp;<\/p>\n<p>Quienes tenemos algunas d\u00e9cadas en el periodismo hemos constatado que desde la Presidencia de Miguel de la Madrid se inici\u00f3 la derechizaci\u00f3n de los gobiernos en M\u00e9xico, Carlos Salinas la profundiz\u00f3, Ernesto Zedillo, la ampli\u00f3, Vicente Fox la afianz\u00f3, Felipe Calder\u00f3n la consolid\u00f3 y Pe\u00f1a Nieto la ense\u00f1or\u00f3.<\/p>\n<p>Los \u201cdue\u00f1os\u201d del pa\u00eds eran los grandes ricos, hasta convertir a los Presidentes en simples gerentes, administradores de las riquezas de unos cuantos para su exclusivo beneficio con negocios fuera y dentro de la ley, para la cual se adecuaba la legislaci\u00f3n a sus necesidades y caprichos.<\/p>\n<p>Por eso no extra\u00f1a escuchar, con motivo del 106 aniversario de la promulgaci\u00f3n de la Constituci\u00f3n de 1917 emanada de la primera revoluci\u00f3n social del siglo XX, al presidente Andr\u00e9s Manuel L\u00f3pez Obrador, cuando dice que en 36 a\u00f1os imper\u00f3 s\u00f3lo un \u201caf\u00e1n de lucro desmedido\u201d, que llev\u00f3 a modificar los principios y esencia de la Carta Magna.<\/p>\n<p>En Quer\u00e9taro, como marca la liturgia pol\u00edtica, se celebr\u00f3 un a\u00f1o m\u00e1s de nuestra Constituci\u00f3n, considerada, en su inicio, de avanzada hace m\u00e1s de un siglo, pero a fuerza de reformas, contrarreformas, dir\u00eda yo, se logr\u00f3 la venta de empresas p\u00fablicas, bancos, minas y ejidos.<\/p>\n<p>Igualmente, se privatiz\u00f3 mediante concesiones y contratos parte de la industria petrolera, el\u00e9ctrica y telecomunicaciones; se privatizaron ferrocarriles, puertos, aeropuertos y hasta c\u00e1rceles, con el <em>outsourcing<\/em> se avanz\u00f3 en la privatizaci\u00f3n del IMSS, ISSSTE y toda la administraci\u00f3n p\u00fablica, as\u00ed la destrucci\u00f3n del Estado mexicano.<\/p>\n<p>En efecto, en los \u00faltimos cuatro a\u00f1os se ha trabajado para devolver a la Constituci\u00f3n \u201cla grandeza de su esp\u00edritu original\u201d, como dijo el Ejecutivo, pero todav\u00eda quedan muchos escollos que no se vencer\u00e1n ya en este sexenio, por lo que el siguiente gobierno habr\u00e1 de continuar esta labor. Claro que esto suceder\u00e1 \u00fanicamente si el siguiente Presidente o Presidenta sigue la misma l\u00ednea pol\u00edtica en beneficio de los m\u00e1s y en b\u00fasqueda de una m\u00e1s justa repartici\u00f3n de la riqueza generada en el pa\u00eds por los mexicanos. Habr\u00e1 que estar muy pendiente y alerta sobre qui\u00e9n suceder\u00e1 este gobierno.<\/p>\n<p style=\"text-align: center;\"><strong>Susurros<\/strong><\/p>\n<p>Trabajo<strong>, <\/strong>responsabilidad, dedicaci\u00f3n, lealtad y prudencia, mucha prudencia, son los signos que marcan la vida p\u00fablica de una periodista de origen, Rosa Icela Rodr\u00edguez, hoy una de las m\u00e1s mencionadas como posible sucesora de Claudia Sheinbaum en el gobierno de la Ciudad de M\u00e9xico.<\/p>\n<p>M\u00e9ritos propios como se resaltan en la entrevista concedida a un diario capitalino por la secretaria de Seguridad y Protecci\u00f3n Ciudadana, actualmente enfrentada con el principal problema del pa\u00eds: La inseguridad, sumada la violencia y el crimen organizado.<\/p>\n<p>Pero hay sensibilidad y trabajo para enfrentarlos, al tiempo de prepararse para la que vendr\u00e1, porque seguro algo bueno le deparar\u00e1 el destino, sea en esta capital o fuera de ella, virtudes le sobran. Al tiempo.<\/p>\n<p><a href=\"mailto:salvadormartinez@visionmx.com\" target=\"_blank\" rel=\"noopener\"><em>salvadormartinez@visionmx.com<\/em><\/a><br \/>\n<em>Twitter: <a href=\"https:\/\/twitter.com\/salvador_mtz\" target=\"_blank\" rel=\"noopener\">@salvador_mtz<\/a><\/em><\/p>\n","protected":false},"excerpt":{"rendered":"<p><span style=\"color: #005497;\"><strong>Salvador Mart\u00ednez Garc\u00eda<\/strong><\/span><\/p>\n","protected":false},"author":3,"featured_media":0,"comment_status":"open","ping_status":"open","sticky":false,"template":"","format":"standard","meta":{"_monsterinsights_skip_tracking":false,"_monsterinsights_sitenote_active":false,"_monsterinsights_sitenote_note":"","_monsterinsights_sitenote_category":0,"footnotes":""},"categories":[96743],"tags":[96744,43674,96745],"class_list":["post-573829","post","type-post","status-publish","format-standard","hentry","category-salvador-martinez-garcia","tag-aunque-pese","tag-opinion","tag-salvador-martinez-garcia"],"_links":{"self":[{"href":"https:\/\/www.diarioimagen.net\/index.php?rest_route=\/wp\/v2\/posts\/573829","targetHints":{"allow":["GET"]}}],"collection":[{"href":"https:\/\/www.diarioimagen.net\/index.php?rest_route=\/wp\/v2\/posts"}],"about":[{"href":"https:\/\/www.diarioimagen.net\/index.php?rest_route=\/wp\/v2\/types\/post"}],"author":[{"embeddable":true,"href":"https:\/\/www.diarioimagen.net\/index.php?rest_route=\/wp\/v2\/users\/3"}],"replies":[{"embeddable":true,"href":"https:\/\/www.diarioimagen.net\/index.php?rest_route=%2Fwp%2Fv2%2Fcomments&post=573829"}],"version-history":[{"count":0,"href":"https:\/\/www.diarioimagen.net\/index.php?rest_route=\/wp\/v2\/posts\/573829\/revisions"}],"wp:attachment":[{"href":"https:\/\/www.diarioimagen.net\/index.php?rest_route=%2Fwp%2Fv2%2Fmedia&parent=573829"}],"wp:term":[{"taxonomy":"category","embeddable":true,"href":"https:\/\/www.diarioimagen.net\/index.php?rest_route=%2Fwp%2Fv2%2Fcategories&post=573829"},{"taxonomy":"post_tag","embeddable":true,"href":"https:\/\/www.diarioimagen.net\/index.php?rest_route=%2Fwp%2Fv2%2Ftags&post=573829"}],"curies":[{"name":"wp","href":"https:\/\/api.w.org\/{rel}","templated":true}]}}