{"id":573903,"date":"2023-02-09T00:06:38","date_gmt":"2023-02-09T06:06:38","guid":{"rendered":"https:\/\/www.diarioimagen.net\/?p=573903"},"modified":"2023-02-09T00:51:58","modified_gmt":"2023-02-09T06:51:58","slug":"firme-la-ministra-presidenta-norma-pina","status":"publish","type":"post","link":"https:\/\/www.diarioimagen.net\/?p=573903","title":{"rendered":"Firme, la ministra presidenta Norma Pi\u00f1a"},"content":{"rendered":"<h2>As\u00ed las cosas&#8230;<\/h2>\n<h5>Humberto Mares N.<\/h5>\n<p>&nbsp;<\/p>\n<p>El mensaje de la presidenta de la Suprema Corte de Justicia de la Naci\u00f3n, Norma Luc\u00eda Pi\u00f1a Hern\u00e1ndez, en la ceremonia por el 106 aniversario de la promulgaci\u00f3n de la Constituci\u00f3n de 1917, donde la ministra defendi\u00f3 la autonom\u00eda del poder judicial a su forma, fue objeto de pol\u00e9mica en el mundo judicial y pol\u00edtico.<\/p>\n<p>El hecho de la ministra presidenta de la Corte, uno de los tres poderes de la Uni\u00f3n, no se haya levantado de su silla al momento de que el presidente AMLO entr\u00f3 al Teatro de la Rep\u00fablica para encabezar la ceremonia conmemorativa de la promulgaci\u00f3n de nuestra constituci\u00f3n, como lo hicieron pr\u00e1cticamente todos los asistentes, fue tomado como una falta de cortes\u00eda.<\/p>\n<p>Esta acci\u00f3n fue motivo de cr\u00edticas positivas y negativas. Hay quien se\u00f1al\u00f3 como una falta o groser\u00eda por parte de la ministra. El presidente AMLO reproch\u00f3 a la ministra Pi\u00f1a no levantarse; luego dijo que es prueba de su independencia, con la habilidad que tiene para colocar las situaciones y momentos a favor. Dijo: \u201cEs muestra de cambio, antes eso no suced\u00eda\u201d, \u201clos togados ya no son empleados del Presidente\u201d\u2026 \u201cquiz\u00e1 estaba cansada o no quiso pararse en la ceremonia de Quer\u00e9taro\u201d.\u201d Ahora hay divisi\u00f3n entre los Poderes de la Uni\u00f3n\u201d. Pero luego de la palmadita vino el garrotazo. L\u00f3pez Obrador rechaz\u00f3 los llamados al di\u00e1logo que hizo en el mismo acto el presidente de la C\u00e1mara de Diputados, el panista Santiago Creel. El mandatario opin\u00f3 que \u201cel di\u00e1logo que ellos quieren busca prebendas, es regresar a los moches\u201d.<\/p>\n<p>Tres de los oradores Pi\u00f1a, Creel y el gobernador de Quer\u00e9taro, Mauricio Kuri, defendieron la ley y la Constituci\u00f3n. Kuri afirm\u00f3 que nadie est\u00e1 por encima de la Constituci\u00f3n, por lo que no admite atajos ni procedimientos legislativos para violentarla y resalt\u00f3 la importancia del blindaje constitucional.<\/p>\n<p>Es oportuno comentar que minutos antes realizaron un reacomodo del presidium y precisamente los lugares de los otros dos poderes fueron ubicados a los extremos de la mesa, cuando el protocolo dice que deben estar juntos, a los lados, por tratarse de un acto del Estado Mexicano.<\/p>\n<p>Los mensajes encontrados entre el presidente AMLO y su jefe de prensa, Jes\u00fas Ram\u00edrez, nos dicen que no hay coincidencia. Uno dice que hay cambios y el otro afirma que no se respet\u00f3 el protocolo. El senador del grupo plural Emilio \u00c1lvarez Icaza se\u00f1ala oportunamente que ning\u00fan protocolo obliga al titular de un Poder ponerse de pie y aplaudir a su par. Tiene toda la raz\u00f3n, son iguales y nadie por encima del otro.<\/p>\n<p>El protocolo fue violado por ambos bandos, en dado caso. La sutileza de tener atenciones a los dem\u00e1s poderes, a los personajes que los representan, es fundamental, para la vida pol\u00edtica de la Naci\u00f3n. Esto se llama diplomacia y es una expresi\u00f3n de buena educaci\u00f3n. En este caso es claro que no existe esa buena convivencia entre ellos.<\/p>\n<p>La oposici\u00f3n en el Senado sali\u00f3 en defensa de la presidenta de la Suprema Corte de Justicia de la Naci\u00f3n, Norma Pi\u00f1a Hern\u00e1ndez, de los ataques del presidente Andr\u00e9s Manuel L\u00f3pez Obrador por no ponerse de pie para aplaudirle durante su llegada a la conmemoraci\u00f3n del 106 aniversario de la Constituci\u00f3n de 1917, en Quer\u00e9taro. La oposici\u00f3n legislativa se\u00f1al\u00f3: \u201cNo es su empleada\u201d. La dignidad, firmeza y altura del discurso de Norma Pi\u00f1a incomod\u00f3 al r\u00e9gimen de Morena, aseguran legisladores.<\/p>\n<p>Es claro que la Corte de hoy es muy diferente. La mayor\u00eda de ministros que hoy est\u00e1n en funciones son verdaderamente paladines de la justicia y la Constituci\u00f3n. Mis dudas para Yasm\u00edn Esquivel mientras no aclare su situaci\u00f3n, que debi\u00f3 de renunciar para aclararlo debidamente, fuera de su toga.<\/p>\n<p><strong>Apuntes<\/strong><\/p>\n<p>El reporte del \u00cdndice de Percepci\u00f3n de la Corrupci\u00f3n (IPC), durante el 2022 en el mundo de Transparencia Internacional coloca a M\u00e9xico en el lugar 126 de 180 pa\u00edses evaluados en el mundo.<\/p>\n<p>Entre los 38 pa\u00edses que integran la Organizaci\u00f3n para la Cooperaci\u00f3n y el Desarrollo Econ\u00f3micos (OCDE), M\u00e9xico ocup\u00f3 la \u00faltima posici\u00f3n. En el llamado G20 el grupo que incluye a las principales econom\u00edas del planeta M\u00e9xico y Rusia ocuparon los \u00faltimos lugares seg\u00fan reporta el comunicado en el que se dio a conocer el resultado de la evaluaci\u00f3n. As\u00ed nos ve el mundo.<\/p>\n<p style=\"text-align: center;\"><strong>Los empresarios piden consenso<\/strong><\/p>\n<p>El Consejo Coordinador Empresarial (CCE), que dirige Francisco Cervantes, y los 14 organismos que lo integran, exhortaron al Senado de la Rep\u00fablica para que el proceso legislativo de la iniciativa de reforma en materia electoral, cuyo an\u00e1lisis, estudio y discusi\u00f3n acaba de iniciar, se lleve a cabo a partir del consenso de los grupos parlamentarios ah\u00ed representados. \u201cLa relevancia de la elecci\u00f3n en 2024 en la que se elegir\u00e1 Presidente y de los procesos locales que se llevar\u00e1n a cabo este a\u00f1o, precisa de un marco electoral que otorgue certidumbre y, sobre todo, que sea producto del di\u00e1logo y el acuerdo entre las fuerzas pol\u00edticas\u201d, afirmaron los empresarios mediante un comunicado. Los empresarios piden legalidad, como todos los mexicanos. As\u00ed las cosas, hasta pronto. Use cubrebocas.<\/p>\n<p><a href=\"mailto:hmares21@gmail.com\" target=\"_blank\" rel=\"noopener\"><em>hmares21@gmail.com<\/em><\/a><\/p>\n","protected":false},"excerpt":{"rendered":"<p><span style=\"color: #005497;\"><strong>Humberto Mares N.<\/strong><\/span><\/p>\n","protected":false},"author":3,"featured_media":0,"comment_status":"open","ping_status":"open","sticky":false,"template":"","format":"standard","meta":{"_monsterinsights_skip_tracking":false,"_monsterinsights_sitenote_active":false,"_monsterinsights_sitenote_note":"","_monsterinsights_sitenote_category":0,"footnotes":""},"categories":[15043],"tags":[92044,92045,43674],"class_list":["post-573903","post","type-post","status-publish","format-standard","hentry","category-humberto-mares-n","tag-asi-las-cosas","tag-humberto-mares-n","tag-opinion"],"_links":{"self":[{"href":"https:\/\/www.diarioimagen.net\/index.php?rest_route=\/wp\/v2\/posts\/573903","targetHints":{"allow":["GET"]}}],"collection":[{"href":"https:\/\/www.diarioimagen.net\/index.php?rest_route=\/wp\/v2\/posts"}],"about":[{"href":"https:\/\/www.diarioimagen.net\/index.php?rest_route=\/wp\/v2\/types\/post"}],"author":[{"embeddable":true,"href":"https:\/\/www.diarioimagen.net\/index.php?rest_route=\/wp\/v2\/users\/3"}],"replies":[{"embeddable":true,"href":"https:\/\/www.diarioimagen.net\/index.php?rest_route=%2Fwp%2Fv2%2Fcomments&post=573903"}],"version-history":[{"count":0,"href":"https:\/\/www.diarioimagen.net\/index.php?rest_route=\/wp\/v2\/posts\/573903\/revisions"}],"wp:attachment":[{"href":"https:\/\/www.diarioimagen.net\/index.php?rest_route=%2Fwp%2Fv2%2Fmedia&parent=573903"}],"wp:term":[{"taxonomy":"category","embeddable":true,"href":"https:\/\/www.diarioimagen.net\/index.php?rest_route=%2Fwp%2Fv2%2Fcategories&post=573903"},{"taxonomy":"post_tag","embeddable":true,"href":"https:\/\/www.diarioimagen.net\/index.php?rest_route=%2Fwp%2Fv2%2Ftags&post=573903"}],"curies":[{"name":"wp","href":"https:\/\/api.w.org\/{rel}","templated":true}]}}