{"id":574028,"date":"2023-02-10T00:22:08","date_gmt":"2023-02-10T06:22:08","guid":{"rendered":"https:\/\/www.diarioimagen.net\/?p=574028"},"modified":"2023-02-10T03:42:32","modified_gmt":"2023-02-10T09:42:32","slug":"la-encuestitis-electoral-y-temas-semanales","status":"publish","type":"post","link":"https:\/\/www.diarioimagen.net\/?p=574028","title":{"rendered":"La encuestitis electoral y temas semanales"},"content":{"rendered":"<p>&nbsp;<\/p>\n<h1>Politigrama<\/h1>\n<h4>V\u00edctor Manuel J\u00e1come<\/h4>\n<p>&nbsp;<\/p>\n<p><a href=\"https:\/\/www.diarioimagen.net\/?attachment_id=574071\" rel=\"attachment wp-att-574071\"><img loading=\"lazy\" decoding=\"async\" class=\"aligncenter size-full wp-image-574071\" src=\"https:\/\/www.diarioimagen.net\/wp-content\/uploads\/2023\/02\/Diapositiva1-1.jpg\" alt=\"\" width=\"460\" height=\"355\" \/><\/a><\/p>\n<p>&nbsp;<\/p>\n<h3 style=\"text-align: center;\">H O R I Z O N T A L E S :<\/h3>\n<p>&nbsp;<\/p>\n<p><strong>1.-<\/strong> Serie de preguntas que se hace a muchas personas para reunir datos o para detectar la opini\u00f3n p\u00fablica sobre asuntos relacionados con candidatos o partidos sobre las elecciones. As\u00ed como temas pol\u00edticos de esta semana tratar\u00e1 este <em>Politigrama<\/em>.<\/p>\n<p><strong>3.-<\/strong> Relacionada con la primera pregunta se siente que en las elecciones por jefe de Estado se han iniciado apresuradamente. Al igual que las de la Ciudad de M\u00e9xico.<\/p>\n<p><strong>6.-<\/strong> Carta de la Baraja con la que identifican los <em>youtubers<\/em> a la alcaldesa de Cuauht\u00e9moc Sandra Cuevas sobre quien han salido muchos memes por el l\u00edo que ocasion\u00f3 con la publicaci\u00f3n de folletos y lonas en contra de la jefa de Gobierno de la Ciudad de M\u00e9xico<\/p>\n<p><strong>7.-<\/strong> Nombre de pila del morenista secretario de Relaciones Exteriores a quien en unas encuestas lo ponen en primer lugar y en otras en segundo.<\/p>\n<p><strong>10.-<\/strong> Iniciales de Paula Cusi.<\/p>\n<p><strong>12.-<\/strong> Pablo \u00c1guila.<\/p>\n<p><strong>15.-<\/strong> Alma I\u00f1iguez.<\/p>\n<p><strong>16.-<\/strong> Emilio Islas Marino.<\/p>\n<p><strong>18.-<\/strong> Alejandro Ramos L\u00f3pez.<\/p>\n<p><strong>19.-<\/strong> Esteban Sol\u00eds.<\/p>\n<p><strong>20.-<\/strong> Rolando Luna.<\/p>\n<p><strong>21.-<\/strong> Nombre de pila de la morenista jefa de Gobierno de la Ciudad de M\u00e9xico que en unas encuestas va en primero y en otras en segundo o tercero.<\/p>\n<p><strong>22.-<\/strong> Tom\u00e1s Ortega.<\/p>\n<p><strong>23.-<\/strong> Nombre del panista que gobierna Yucat\u00e1n y que ya lo est\u00e1n candidateando para participar en las elecciones presidenciales del 2024.<\/p>\n<p><strong>25.-<\/strong> Nombre de pila del morenista secretario de Gobernaci\u00f3n que como las otras corcholatas del presidente L\u00f3pez Obrador, a veces va de primero, segundo, tercero o cuarto.<\/p>\n<p><strong>26.-<\/strong> Ernesto Ram\u00edrez.<\/p>\n<p><strong>28.-<\/strong> Daniel Ramos.<\/p>\n<p><strong>29.-<\/strong> Siglas del organismo electoral cuyos titulares son unos abusivos ya que ganan m\u00e1s que el presidente de la Rep\u00fablica.<\/p>\n<p><strong>31.-<\/strong> Olga Lomas.<\/p>\n<p><strong>32.-<\/strong> Roberto Xico.<\/p>\n<p><strong>34.-<\/strong> Mar\u00eda Elorza.<\/p>\n<p><strong>35.-<\/strong> Nombre de pila del diputado petista que aspira a formar parte en las encuestas de Moreno para relevar a L\u00f3pez Obrador.<\/p>\n<p><strong>38.-<\/strong> Elena S\u00e1nchez.<\/p>\n<p><strong>39.-<\/strong> Nombre de pila del otro panista que ya lo incluyen en las elecciones presidenciales de la 2024.<\/p>\n<p><strong>44.-<\/strong> Nombre de pila del morenista (que muchos consideran traidor) y que incluido a fuerza en las corcholatas de Morena.<\/p>\n<p><strong>45.-<\/strong> Apellido del pol\u00edtico panista que anda a salto de mata, huyendo de quien sabe qu\u00e9, pero que aspira a ser parte de los aspirantes a la Presidencia de la Rep\u00fablica.<\/p>\n<p>&nbsp;<\/p>\n<h3 style=\"text-align: center;\">V E R T I C A L E S:<\/h3>\n<p>&nbsp;<\/p>\n<p><strong>1.-<\/strong> La otra encuesta que tambi\u00e9n cargada o no, ya se empiezan a publicar por redes sociales, peri\u00f3dicos tendenciosos.<\/p>\n<p><strong>2.-<\/strong> Iniciales de Teresa Ordo\u00f1ez Ram\u00edrez.<\/p>\n<p><strong>4.-<\/strong> Dos siglas del Partido Verde\u2026 que lidera Karen Castrej\u00f3n Trujillo.<\/p>\n<p><strong>5.-<\/strong> Fuerza o violencia con las que alguien o algo se mueven.<\/p>\n<p><strong>7.-<\/strong> Nombre de pila de la panista que ahora en las encuestas la ubican como aspirante a gobernar la Ciudad de M\u00e9xico.<\/p>\n<p><strong>8.-<\/strong> Nombre de pila invertida de la alcaldesa del PRIANRD en \u00c1lvaro Obreg\u00f3n que tambi\u00e9n la tienen en encuestas como aspirante a gobernar la Ciudad de M\u00e9xico.<\/p>\n<p><strong>9.-<\/strong> Barullo, desorden. (Invertido).<\/p>\n<p><strong>10.-<\/strong> Siglas del organismo pol\u00edtico que liderar\u00e1 hasta el 2024, Alejandro Morena C\u00e1rdenas. A costa de muchos pri\u00edstas que exigen su renuncia.<\/p>\n<p><strong>11.-<\/strong> Nombre de pila de la alcaldesa morenista de Iztapalapa cuya popularidad la ha impulsado a aspirar en encuestas a gobernar la Ciudad de M\u00e9xico.<\/p>\n<p><strong>13.-<\/strong> Nombre de pila invertido de la secretaria de Seguridad que tambi\u00e9n aspira a gobernar la Ciudad de M\u00e9xico.<\/p>\n<p><strong>14.-<\/strong> Nombre de pila invertido del morenista secretario de Seguridad Ciudadana de la CDMX. Que encabeza varias encuestas para gobernar la Ciudad de M\u00e9xico.<\/p>\n<p><strong>17.-<\/strong> Nombre de pila del morenista secretario de Gobierno de la CDMX. Que tambi\u00e9n lidera varias encuestas para gobernar la Ciudad de M\u00e9xico.<\/p>\n<p><strong>18.-<\/strong> Nombre del morenista que es alcalde de Cuajimalpa y que aspira a gobernar la Ciudad de M\u00e9xico.<\/p>\n<p><strong>23.-<\/strong> Nombre de pila del l\u00edder de Morena que tambi\u00e9n est\u00e1 considerado en las encuestas a gobernar la Ciudad de M\u00e9xico.<\/p>\n<p><strong>24.-<\/strong> Isis Medina.<\/p>\n<p><strong>26.-<\/strong> Acr\u00f3nimo del Estado de M\u00e9xico que gobierna hasta este a\u00f1o el pri\u00edsta Alfredo del Mazo Maza y por el cual las encuestas tienen como aspirantes a relevarlo y esperar los votos populares a Delfina G\u00f3mez de la Alianza oficial; Alejandra del Moral de la Alianza opositora y Juan Zepeda del MC.<\/p>\n<p><strong>27.-<\/strong> Siglas del organismo pol\u00edtico que lidera Marko Cort\u00e9s, quien convenci\u00f3 al l\u00edder del PRI para que \u00e9l seleccione al candidato presidencial panista para la Alianza Va por M\u00e9xico al 2024.<\/p>\n<p><strong>30.-<\/strong> Siglas del organismo pol\u00edtico que lidera Jes\u00fas Zambrano Grijalva, quien, para la candidatura presidencial, lanzar\u00e1 a su propio candidato presidencial. Nada Menos que al ex gobernador perredista tranza de Michoac\u00e1n, Silvano Aureoles Conejo y al ex jefe de la Ciudad de M\u00e9xico, Miguel \u00c1ngel Mancera Espinosa.<\/p>\n<p><strong>33.-<\/strong> Nombre de pila de la senadora de hablar florido y l\u00e9pero que aspira en encuestas a gobernar la Ciudad de M\u00e9xico.<\/p>\n<p><strong>35.-<\/strong> Gerardo \u00c1vila.<\/p>\n<p><strong>36.-<\/strong> Elena G\u00f3mez.<\/p>\n<p><strong>37.-<\/strong> Rodrigo Olmos.<\/p>\n<p><strong>40.-<\/strong> El plan B de la cuesti\u00f3n electoral que est\u00e1 pendiente en la C\u00e1mara de Senadores.<\/p>\n<p><strong>41.-<\/strong> Nombre invertido del estado que junto con el Edomex estar\u00e1 en elecciones en el 2023 y como lo gobierna a\u00fan el priista Miguel Riquelme Sol\u00eds y que ser\u00e1 relevado por alguno de estos aspirantes Armando Guadiana por Morena; Evaristo Lenin P\u00e9rez del Verde Ecologista; Ricardo Mej\u00eda por el PT y por el PRIANRD, van con Manolo Jim\u00e9nez.<\/p>\n<p><strong>42.-<\/strong> Acr\u00f3nimo del partido pol\u00edtico que lidera Mario Delgado y que tiene el compromiso de poner el piso parejo para las encuestas que se realizar\u00e1n para que los aspirantes a relevar al presidente de la Rep\u00fablica por Morena tengan \u00e9xito.<\/p>\n<p><strong>43.-<\/strong> Siglas del organismo pol\u00edtico que lidera Alberto Anaya Guti\u00e9rrez, que traicion\u00f3 a la Alianza de Morena y PVEM. En la elecci\u00f3n de Coahuila.<\/p>\n<p>&nbsp;<\/p>\n<p><a href=\"https:\/\/www.diarioimagen.net\/?attachment_id=574072\" rel=\"attachment wp-att-574072\"><img loading=\"lazy\" decoding=\"async\" class=\"aligncenter size-full wp-image-574072\" src=\"https:\/\/www.diarioimagen.net\/wp-content\/uploads\/2023\/02\/Diapositiva2-1.jpg\" alt=\"\" width=\"460\" height=\"356\" \/><\/a><\/p>\n","protected":false},"excerpt":{"rendered":"<p><strong>1.-<\/strong> Serie de preguntas que se hace a muchas personas para reunir datos o para detectar la opini\u00f3n p\u00fablica sobre asuntos relacionados con candidatos o partidos sobre las elecciones. As\u00ed como temas pol\u00edticos de esta semana tratar\u00e1 este <em>Politigrama<\/em>.<\/p>\n","protected":false},"author":3,"featured_media":574071,"comment_status":"open","ping_status":"open","sticky":false,"template":"","format":"standard","meta":{"_monsterinsights_skip_tracking":false,"_monsterinsights_sitenote_active":false,"_monsterinsights_sitenote_note":"","_monsterinsights_sitenote_category":0,"footnotes":""},"categories":[17],"tags":[43682,92653,92654],"class_list":["post-574028","post","type-post","status-publish","format-standard","has-post-thumbnail","hentry","category-especiales","tag-espectaculos","tag-politigrama","tag-victor-manuel-jacome"],"_links":{"self":[{"href":"https:\/\/www.diarioimagen.net\/index.php?rest_route=\/wp\/v2\/posts\/574028","targetHints":{"allow":["GET"]}}],"collection":[{"href":"https:\/\/www.diarioimagen.net\/index.php?rest_route=\/wp\/v2\/posts"}],"about":[{"href":"https:\/\/www.diarioimagen.net\/index.php?rest_route=\/wp\/v2\/types\/post"}],"author":[{"embeddable":true,"href":"https:\/\/www.diarioimagen.net\/index.php?rest_route=\/wp\/v2\/users\/3"}],"replies":[{"embeddable":true,"href":"https:\/\/www.diarioimagen.net\/index.php?rest_route=%2Fwp%2Fv2%2Fcomments&post=574028"}],"version-history":[{"count":0,"href":"https:\/\/www.diarioimagen.net\/index.php?rest_route=\/wp\/v2\/posts\/574028\/revisions"}],"wp:featuredmedia":[{"embeddable":true,"href":"https:\/\/www.diarioimagen.net\/index.php?rest_route=\/wp\/v2\/media\/574071"}],"wp:attachment":[{"href":"https:\/\/www.diarioimagen.net\/index.php?rest_route=%2Fwp%2Fv2%2Fmedia&parent=574028"}],"wp:term":[{"taxonomy":"category","embeddable":true,"href":"https:\/\/www.diarioimagen.net\/index.php?rest_route=%2Fwp%2Fv2%2Fcategories&post=574028"},{"taxonomy":"post_tag","embeddable":true,"href":"https:\/\/www.diarioimagen.net\/index.php?rest_route=%2Fwp%2Fv2%2Ftags&post=574028"}],"curies":[{"name":"wp","href":"https:\/\/api.w.org\/{rel}","templated":true}]}}