{"id":574144,"date":"2023-02-13T00:06:05","date_gmt":"2023-02-13T06:06:05","guid":{"rendered":"https:\/\/www.diarioimagen.net\/?p=574144"},"modified":"2023-02-14T00:34:34","modified_gmt":"2023-02-14T06:34:34","slug":"uaemex-contribuye-al-apoyo-de-sectores-vulnerables-cebd-se-amplia-infraestructura-en-facultad-de-odontologia","status":"publish","type":"post","link":"https:\/\/www.diarioimagen.net\/?p=574144","title":{"rendered":"UAEM\u00e9x contribuye al apoyo de sectores vulnerables: CEBD; se ampl\u00eda infraestructura en Facultad de Odontolog\u00eda"},"content":{"rendered":"<p>&nbsp;<\/p>\n<div id=\"attachment_574259\" style=\"width: 470px\" class=\"wp-caption aligncenter\"><a href=\"https:\/\/www.diarioimagen.net\/wp-content\/uploads\/2023\/02\/uaem-odontologia.jpg\"><img loading=\"lazy\" decoding=\"async\" aria-describedby=\"caption-attachment-574259\" class=\"size-full wp-image-574259\" src=\"https:\/\/www.diarioimagen.net\/wp-content\/uploads\/2023\/02\/uaem-odontologia.jpg\" alt=\"\" width=\"460\" height=\"270\" \/><\/a><p id=\"caption-attachment-574259\" class=\"wp-caption-text\">El rector de la UAEM\u00e9x, Carlos Eduardo Barrera D\u00edaz, entreg\u00f3 la ampliaci\u00f3n en segundo nivel, de la Cl\u00ednica de Endodoncia de la Facultad de Odontolog\u00eda.<\/p><\/div>\n<p>&nbsp;<\/p>\n<p><strong>Toluca, Estado de M\u00e9xico.\u2013 <\/strong>Resultado de la f\u00e9rrea disciplina financiera institucional y con el apoyo del gobierno federal, el rector de la Universidad Aut\u00f3noma del Estado de M\u00e9xico (UAEM\u00e9x), Carlos Eduardo Barrera D\u00edaz, entreg\u00f3 la ampliaci\u00f3n en segundo nivel, de la Cl\u00ednica de Endodoncia de la Facultad de Odontolog\u00eda y la renovaci\u00f3n de equipos de c\u00f3mputo.<\/p>\n<p>En el marco de la ceremonia conmemorativa al D\u00eda del Odont\u00f3logo, Barrera D\u00edaz dijo que la ampliaci\u00f3n de las instalaciones, as\u00ed como las 41 computadoras nuevas, de \u00faltima generaci\u00f3n -que son parte del Programa de Renovaci\u00f3n de Equipos de C\u00f3mputo-, fortalecen la formaci\u00f3n del estudiantado con alto sentido \u00e9tico, human\u00edstico y cient\u00edfico y el desarrollo de las actividades acad\u00e9micas y administrativas de la Facultad.<\/p>\n<p>\u201cNuestra Universidad contribuye con programas de estudio actuales y pertinentes enfocados en la prevenci\u00f3n de enfermedades dentales, con el desaf\u00edo de conseguir que los tratamientos sean m\u00e1s efectivos y econ\u00f3micos; de tal modo que sea posible garantizar la salud bucal de las personas y sectores econ\u00f3micamente vulnerables\u201d, expres\u00f3 Barrera D\u00edaz.<\/p>\n<p>Como parte de la ceremonia, el rector de la UAEM\u00e9x, en compa\u00f1\u00eda de la secretaria de Administraci\u00f3n, Er\u00e9ndira Fierro Moreno, y del director de la Facultad de Odontolog\u00eda, Ulises Vel\u00e1zquez Enr\u00edquez, reconoci\u00f3 a las y los 28 egresados de la Facultad de Odontolog\u00eda que obtuvieron el Premio Ceneval al Desempe\u00f1o de Excelencia EGEL.<\/p>\n<p>En tanto, Vel\u00e1zquez Enr\u00edquez agradeci\u00f3 la nueva infraestructura y el equipamiento de una sala de c\u00f3mputo para la Facultad, lo que permitir\u00e1 seguir generando beneficios tangibles en la salud p\u00fablica y conservando la calidad educativa que desde hace 59 a\u00f1os caracteriza a este organismo acad\u00e9mico.<\/p>\n<p>\u201cA nombre de la comunidad odontol\u00f3gica, externamos nuestra gratitud. Sin duda ser\u00e1 de mucho provecho para la comunidad verde y oro y para la sociedad\u201d, dijo el director de la Facultad de Odontolog\u00eda.<\/p>\n<p>Tras la ceremonia conmemorativa, Barrera D\u00edaz encabez\u00f3 un recorrido por las instalaciones de la ampliaci\u00f3n en segundo nivel, de la Cl\u00ednica de Endodoncia, que cuenta con 12 consultorios, \u00e1rea de lavado, sala de maestros y \u00e1reas de esterilizaci\u00f3n.<\/p>\n<p>Al acto acudieron el diputado federal, Arturo Hern\u00e1ndez Tapia, Felipe Gonz\u00e1lez Solano, profesor consejero universitario de este organismo acad\u00e9mico, integrantes del gabinete universitario y comunidad de la Facultad de Odontolog\u00eda.<\/p>\n","protected":false},"excerpt":{"rendered":"<p>Resultado de la f\u00e9rrea disciplina financiera institucional y con el apoyo del gobierno federal, el rector de la Universidad Aut\u00f3noma del Estado de M\u00e9xico (UAEM\u00e9x), Carlos Eduardo Barrera D\u00edaz, entreg\u00f3 la ampliaci\u00f3n en segundo nivel, de la Cl\u00ednica de Endodoncia de la Facultad de Odontolog\u00eda y la renovaci\u00f3n de equipos de c\u00f3mputo.<\/p>\n","protected":false},"author":3,"featured_media":574259,"comment_status":"open","ping_status":"open","sticky":false,"template":"","format":"standard","meta":{"_monsterinsights_skip_tracking":false,"_monsterinsights_sitenote_active":false,"_monsterinsights_sitenote_note":"","_monsterinsights_sitenote_category":0,"footnotes":""},"categories":[5],"tags":[43675,91830,452,67878],"class_list":["post-574144","post","type-post","status-publish","format-standard","has-post-thumbnail","hentry","category-estado-de-mexico","tag-estado-de-mexico","tag-facultad-de-odontologia","tag-toluca","tag-uaemex"],"_links":{"self":[{"href":"https:\/\/www.diarioimagen.net\/index.php?rest_route=\/wp\/v2\/posts\/574144","targetHints":{"allow":["GET"]}}],"collection":[{"href":"https:\/\/www.diarioimagen.net\/index.php?rest_route=\/wp\/v2\/posts"}],"about":[{"href":"https:\/\/www.diarioimagen.net\/index.php?rest_route=\/wp\/v2\/types\/post"}],"author":[{"embeddable":true,"href":"https:\/\/www.diarioimagen.net\/index.php?rest_route=\/wp\/v2\/users\/3"}],"replies":[{"embeddable":true,"href":"https:\/\/www.diarioimagen.net\/index.php?rest_route=%2Fwp%2Fv2%2Fcomments&post=574144"}],"version-history":[{"count":0,"href":"https:\/\/www.diarioimagen.net\/index.php?rest_route=\/wp\/v2\/posts\/574144\/revisions"}],"wp:featuredmedia":[{"embeddable":true,"href":"https:\/\/www.diarioimagen.net\/index.php?rest_route=\/wp\/v2\/media\/574259"}],"wp:attachment":[{"href":"https:\/\/www.diarioimagen.net\/index.php?rest_route=%2Fwp%2Fv2%2Fmedia&parent=574144"}],"wp:term":[{"taxonomy":"category","embeddable":true,"href":"https:\/\/www.diarioimagen.net\/index.php?rest_route=%2Fwp%2Fv2%2Fcategories&post=574144"},{"taxonomy":"post_tag","embeddable":true,"href":"https:\/\/www.diarioimagen.net\/index.php?rest_route=%2Fwp%2Fv2%2Ftags&post=574144"}],"curies":[{"name":"wp","href":"https:\/\/api.w.org\/{rel}","templated":true}]}}