{"id":574150,"date":"2023-02-13T00:03:24","date_gmt":"2023-02-13T06:03:24","guid":{"rendered":"https:\/\/www.diarioimagen.net\/?p=574150"},"modified":"2023-02-13T01:24:37","modified_gmt":"2023-02-13T07:24:37","slug":"la-concentracion-en-texcoco-no-fue-una-provocacion-afirma-eric-sevilla","status":"publish","type":"post","link":"https:\/\/www.diarioimagen.net\/?p=574150","title":{"rendered":"La concentraci\u00f3n en Texcoco no fue una provocaci\u00f3n, afirma Eric Sevilla"},"content":{"rendered":"<p><strong>\u00a0<\/strong><\/p>\n<ul>\n<li><em><strong>\u201cEl oriente del estado no le pertenece a ning\u00fan partido\u201d<\/strong><\/em><\/li>\n<\/ul>\n<p><strong>\u00a0<\/strong><\/p>\n<h6>Arturo Baena<\/h6>\n<p>&nbsp;<\/p>\n<div id=\"attachment_574239\" style=\"width: 470px\" class=\"wp-caption aligncenter\"><a href=\"https:\/\/www.diarioimagen.net\/?attachment_id=574239\" rel=\"attachment wp-att-574239\"><img loading=\"lazy\" decoding=\"async\" aria-describedby=\"caption-attachment-574239\" class=\"wp-image-574239 size-full\" src=\"https:\/\/www.diarioimagen.net\/wp-content\/uploads\/2023\/02\/concentracion-texcoco.jpg\" alt=\"\" width=\"460\" height=\"270\" \/><\/a><p id=\"caption-attachment-574239\" class=\"wp-caption-text\">El oriente del Estado de Me\u0301xico no le pertenece a ningu\u0301n partido poli\u0301tico, afirm\u00f3 el dirigente estatal del PRI, Eric Sevilla.<\/p><\/div>\n<p>&nbsp;<\/p>\n<p><strong>Valle de M\u00e9xico.\u2014<\/strong> Mientras que el diputado morenista Maurilio Hern\u00e1ndez llamara a la prudencia, luego de que el PRI determinara que el cierre de precampa\u00f1a de Alejandra Del Moral fuera en Texcoco, el dirigente estatal priista Eric Sevilla dijo que no fue una provocaci\u00f3n.<\/p>\n<p>\u201cDesde el inicio de la precampan\u0303a, el Comite\u0301 Directivo Estatal (CDE) del PRI del Estado de Me\u0301xico decidi\u00f3 que en la zona oriente de la entidad fuera su convencio\u0301n de delegados y delegadas donde se ratrificara la precandidatura de este instituto poli\u0301tico al gobierno estatal\u201d, dijo.<\/p>\n<p>Se determino\u0301 que el 12 de febrero se realizara el acto protocolario en el municipio de Texcoco para entregar la constancia que acredita a Alejandra Del Moral Vela como precandidata electa del Partido Revolucionario Institucional (PRI) al gobierno del Estado de Me\u0301xico.<\/p>\n<p>Eric Sevilla sen\u0303alo\u0301 que se entregaron las atenciones necesarias al gobierno local para llevar a cabo la reunio\u0301n de los delegados y delegadas del partido, incluido el operativo de seguridad vial para salvaguardar la integridad de las y los asistentes.<\/p>\n<p>Dejo\u0301 en claro que no existe acto de provocacio\u0301n o desesperacio\u0301n alguno, como lo quiere disfrazar Morena, porque ya se habi\u0301a planeado el cierre de precampan\u0303a en la zona oriente del Estado de Me\u0301xico, \u201centidad que es de todas y todos, y porque el oriente tambie\u0301n es el Estado de Me\u0301xico y no le pertenece a ningu\u0301n partido poli\u0301tico\u201d.<\/p>\n<p>El li\u0301der estatal del PRI agradecio\u0301 a las autoridades municipales de Texcoco sus disposiciones para que se pudiera\u00a0 garantizar la seguridad y llevar a cabo el evento del tricolor.<\/p>\n","protected":false},"excerpt":{"rendered":"<p>Mientras que el diputado morenista Maurilio Hern\u00e1ndez llamara a la prudencia, luego de que el PRI determinara que el cierre de precampa\u00f1a de Alejandra Del Moral fuera en Texcoco, el dirigente estatal priista Eric Sevilla dijo que no fue una provocaci\u00f3n.<\/p>\n","protected":false},"author":3,"featured_media":574239,"comment_status":"open","ping_status":"open","sticky":false,"template":"","format":"standard","meta":{"_monsterinsights_skip_tracking":false,"_monsterinsights_sitenote_active":false,"_monsterinsights_sitenote_note":"","_monsterinsights_sitenote_category":0,"footnotes":""},"categories":[5],"tags":[2833,34],"class_list":["post-574150","post","type-post","status-publish","format-standard","has-post-thumbnail","hentry","category-estado-de-mexico","tag-alejandra-del-moral-vela","tag-valle-de-mexico"],"_links":{"self":[{"href":"https:\/\/www.diarioimagen.net\/index.php?rest_route=\/wp\/v2\/posts\/574150","targetHints":{"allow":["GET"]}}],"collection":[{"href":"https:\/\/www.diarioimagen.net\/index.php?rest_route=\/wp\/v2\/posts"}],"about":[{"href":"https:\/\/www.diarioimagen.net\/index.php?rest_route=\/wp\/v2\/types\/post"}],"author":[{"embeddable":true,"href":"https:\/\/www.diarioimagen.net\/index.php?rest_route=\/wp\/v2\/users\/3"}],"replies":[{"embeddable":true,"href":"https:\/\/www.diarioimagen.net\/index.php?rest_route=%2Fwp%2Fv2%2Fcomments&post=574150"}],"version-history":[{"count":0,"href":"https:\/\/www.diarioimagen.net\/index.php?rest_route=\/wp\/v2\/posts\/574150\/revisions"}],"wp:featuredmedia":[{"embeddable":true,"href":"https:\/\/www.diarioimagen.net\/index.php?rest_route=\/wp\/v2\/media\/574239"}],"wp:attachment":[{"href":"https:\/\/www.diarioimagen.net\/index.php?rest_route=%2Fwp%2Fv2%2Fmedia&parent=574150"}],"wp:term":[{"taxonomy":"category","embeddable":true,"href":"https:\/\/www.diarioimagen.net\/index.php?rest_route=%2Fwp%2Fv2%2Fcategories&post=574150"},{"taxonomy":"post_tag","embeddable":true,"href":"https:\/\/www.diarioimagen.net\/index.php?rest_route=%2Fwp%2Fv2%2Ftags&post=574150"}],"curies":[{"name":"wp","href":"https:\/\/api.w.org\/{rel}","templated":true}]}}