{"id":574167,"date":"2023-02-13T00:01:48","date_gmt":"2023-02-13T06:01:48","guid":{"rendered":"https:\/\/www.diarioimagen.net\/?p=574167"},"modified":"2023-02-13T01:37:39","modified_gmt":"2023-02-13T07:37:39","slug":"llega-a-san-miguel-de-allende-numu-boutique-hotel-operado-por-grupo-presdiente","status":"publish","type":"post","link":"https:\/\/www.diarioimagen.net\/?p=574167","title":{"rendered":"Llega a San Miguel de Allende <em>NUMU Boutique Hotel operado por Grupo Presidente<\/em>"},"content":{"rendered":"<h2>De cinco estrellas<\/h2>\n<h5>Victoria Gonz\u00e1lez Prado<\/h5>\n<p>&nbsp;<\/p>\n<ul>\n<li><strong><em>El Distintivo Nacional de Calidad Tur\u00edstica de la Sectur entregado a Avis M\u00e9xico<\/em><\/strong><\/li>\n<li><strong><em>Regent celebra la ceremonia de flotaci\u00f3n del <\/em>Seven Seas Grandeur<\/strong><\/li>\n<li><strong><em>Aeropuerto de Roma podr\u00eda convertirse en <\/em>hub<em> que compita con Madrid<\/em><\/strong><\/li>\n<\/ul>\n<p>&nbsp;<\/p>\n<div id=\"attachment_574231\" style=\"width: 470px\" class=\"wp-caption aligncenter\"><a href=\"https:\/\/www.diarioimagen.net\/?attachment_id=574231\" rel=\"attachment wp-att-574231\"><img loading=\"lazy\" decoding=\"async\" aria-describedby=\"caption-attachment-574231\" class=\"size-full wp-image-574231\" src=\"https:\/\/www.diarioimagen.net\/wp-content\/uploads\/2023\/02\/turismo-5.jpg\" alt=\"\" width=\"460\" height=\"270\" \/><\/a><p id=\"caption-attachment-574231\" class=\"wp-caption-text\">El nuevo hotel en San Miguel de Allende tiene vista a la parroquia.<\/p><\/div>\n<p>&nbsp;<\/p>\n<p>Es un hotel boutique con 44 habitaciones. El primero de la marca <em>Hyatt<\/em> en San Miguel de Allende y la m\u00e1s reciente incorporaci\u00f3n a <em>The Unbound Collection by Hyatt. <\/em>Es operado por Grupo Presidente, NUMU es su nombre.<\/p>\n<p>N-U-M-U proviene de los a\u00f1os de historia, tradici\u00f3n e intercambio cultural que influyeron en San Miguel de Allende y est\u00e1 inspirado en las v\u00edas del tren que recorren la ciudad. Ubicado en la emblem\u00e1tica calle de Nemesio Diez, a unos pasos del Parque Benito Ju\u00e1rez y de la hist\u00f3rica Parroquia de San Miguel Arc\u00e1ngel.<\/p>\n<p><strong>Guillermo Valencia<\/strong> es el gerente general de <em>NUMU Boutique Hotel<\/em> y asegura: \u201cestamos muy entusiasmados al abrir nuestras puertas e introducir la marca <em>The Unbound Collection by Hyatt<\/em> a San Miguel de Allende. Esperamos brindarles a todos nuestros hu\u00e9spedes una experiencia aut\u00e9ntica y duradera mientras se sumergen en la cultura y atractivos de esta encantadora ciudad\u201d.<\/p>\n<p>Cada lujosa habitaci\u00f3n cuenta con terraza o balc\u00f3n privado con vistas al jard\u00edn interior o a las calles de la ciudad. Est\u00e1n acondicionadas pensando en la belleza del destino.<\/p>\n<p>De martes a domingo <em>Nubye Spa <\/em>brinda experiencias que combinan rituales antiguos y modalidades terap\u00e9uticas avanzadas. Cuenta con tres cabinas, sal\u00f3n de belleza y gimnasio completamente equipado.<\/p>\n<p>Dos restaurantes: \u2018El Fog\u00f3n de Don Enrique\u2019: abierto para desayuno, comida y cena, con platillos que ofrecen ingredientes frescos y sustentables de la regi\u00f3n y opciones vegetarianas. \u2018Maura, mesa de sal\u2019 tiene exquisita cocina de mar y tierra con sabores que te llevan al sureste de M\u00e9xico. La gastronom\u00eda se complementa con exquisitos cocteles como \u201cPoema Otom\u00ed\u201d (mezcal, jengibre y jugo de lim\u00f3n) y <em>\u201cNa\u2019Ha\u201d<\/em> (mezcal, maracuy\u00e1, guayaba, jugo de lim\u00f3n y hoja de aguacate).<\/p>\n<p>Bar El Caminero es el <em>lobby bar<\/em> del hotel y hogar del coctel insignia \u201cSan Miguel\u201d preparado con <em>London Dry Gin<\/em>, hoja santa, <em>chartreuse<\/em> amarillo y agua t\u00f3nica.<\/p>\n<p>Adem\u00e1s de lo anterior, el servicio de alimentos a la habitaci\u00f3n est\u00e1 disponible para los hu\u00e9spedes las 24 horas los siete d\u00edas de la semana. Esto y mucho m\u00e1s te espera.<\/p>\n<p>\u2730\u2730\u2730\u2730\u2730 El Distintivo Nacional de Calidad Tur\u00edstica (DNCT) fue entregado por <strong>Jos\u00e9 Zeind Dom\u00ednguez<\/strong>, director general de Certificaci\u00f3n Tur\u00edstica la Secretar\u00eda de Turismo federal (Sectur) a Avis M\u00e9xico por su compromiso con la excelencia en el servicio, atenci\u00f3n personalizada e innovaci\u00f3n en sus procesos de reserva.<\/p>\n<p>Es importante mencionar que Avis M\u00e9xico ha logrado obtener el DNCT para 10 de los principales destinos donde opera, en el nivel Diamante, que es quinto y m\u00e1ximo nivel de calidad y que acredita haber obtenido la m\u00e1xima puntuaci\u00f3n en el cumplimiento de los distintos criterios que se eval\u00faan.<\/p>\n<p>En la ceremonia de entrega estuvieron <strong>Julio \u00c1lvarez<\/strong>, director Comercial de la empresa arrendadora y <strong>Xavier De La Fuente<\/strong>, gerente regional Zona Centro, quienes agradecieron el reconocimiento en destinos como Canc\u00fan, M\u00e9rida, Tijuana, Puerto Vallarta, Monterrey, Guadalajara, Ciudad de M\u00e9xico y San Jos\u00e9 del Cabo.<\/p>\n<p>\u2730\u2730\u2730\u2730\u2730 Como culminaci\u00f3n de 30 a\u00f1os del \u201cLegado de Perfecci\u00f3n\u201d, <em>Seven Seas Grandeur<\/em> flot\u00f3 desde el dique seco del edificio marcando un hito importante en la construcci\u00f3n luego de que la botella de champ\u00e1n de la buena suerte se hizo a\u00f1icos al golpearla contra su casco.<\/p>\n<p><strong>Andrea DeMarco<\/strong>, presidente de la marca de cruceros indic\u00f3: \u201cnuestros nuevos barcos siempre son muy esperados, <em>Seven Seas Grandeur<\/em> demostr\u00f3 ser tan popular que tuvimos que crear una navegaci\u00f3n adicional para su temporada inaugural. La recepci\u00f3n es un testimonio no s\u00f3lo de la demanda de cruceros de lujo, sino tambi\u00e9n de la posici\u00f3n de <em>Regent<\/em> como l\u00edder en este espacio con todos los lujos incluidos, hospitalidad y espacio inigualable en el mar. Estamos emocionados e inmensamente orgullosos de dar la bienvenida al nuevo barco para finales de este a\u00f1o\u201d.<\/p>\n<p>Por su parte, <strong>Orsinja Myshku<\/strong>, <em>Senior Controller<\/em> de la Oficina de Control y Administraci\u00f3n Econ\u00f3mica del astillero <em>Fincantieri<\/em> de Ancona, Italia actu\u00f3 como madrina de la ceremonia, cortando el list\u00f3n tras la oraci\u00f3n del capell\u00e1n del astillero. Luego se inund\u00f3 el dique seco del buque completando la ceremonia. En el evento l estuvieron la directora <em>Senior<\/em> de Ventas de <em>Regent,<\/em> EMEA, <strong>Gabriella Fonzo<\/strong>, quien agradeci\u00f3 a <em>Fincantieri<\/em> su asociaci\u00f3n y colaboraci\u00f3n.<\/p>\n<p>El sexto barco de <em>Regent<\/em> y la \u00faltima incorporaci\u00f3n a la flota m\u00e1s lujosa del mundo, <em>Seven Seas Grandeur<\/em> zarpar\u00e1 en noviembre de 2023, har\u00e1 18 viajes por el Caribe y el Mediterr\u00e1neo, y dos traves\u00edas transatl\u00e1nticas, todas con duraci\u00f3n de entre siete y 16 noches. La colecci\u00f3n de viaje inaugural incluye nueva navegaci\u00f3n agregada debido a la gran demanda que pasa siete noches descubriendo el Adri\u00e1tico y el Mediterr\u00e1neo occidental de Venecia (Trieste), Italia a Barcelona, Espa\u00f1a.<\/p>\n<p>Ahora a flote en el astillero de <em>Fincantieri <\/em>en Ancona, Italia, la construcci\u00f3n de la etapa final en <em>Seven Seas Grandeur<\/em> se centrar\u00e1 en sus lujosas suites, elegantes salones y exquisitos restaurantes que encarnar\u00e1n el \u201cLegado de Perfecci\u00f3n\u201d de <em>Regent.<\/em><\/p>\n<p>\u2730\u2730\u2730\u2730\u2730 La rentabilidad de <em>ITA Airways<\/em> \u2014sucesora de <em>Alitalia<\/em>\u2014 sigue dando de qu\u00e9 hablar al ser uno de los grupos a\u00e9reos m\u00e1s grande del continente y, <em>Lufthansa<\/em>, lanz\u00f3 una oferta para adquirir hasta 40 por ciento de la aerol\u00ednea de bandera italiana por 350 millones de euros.<\/p>\n<p>Las negociaciones entre el departamento del Tesoro italiano y la compa\u00f1\u00eda \u201cavanzan\u201d y, aunque falta la aprobaci\u00f3n de la Uni\u00f3n Europea, la entrada de <em>Lufthansa<\/em> en la operativa de Italia podr\u00eda convertir el aeropuerto de Roma en nuevo <em>hub<\/em> europeo. As\u00ed, el aer\u00f3dromo de <em>Fiumicino<\/em> servir\u00eda de puerta de entrada y salida para Latinoam\u00e9rica y \u00c1frica, lo que se convertir\u00eda en competencia directa con Madrid-Barajas.<\/p>\n<p>El ministro de Econom\u00eda italiano, <strong>Giancarlo Giorgetti<\/strong>, indic\u00f3: \u201csi se concreta, ser\u00e1 una gran operaci\u00f3n industrial. Beneficiar\u00e1 sobre todo a <em>Fiumicino<\/em>, que se convertir\u00eda, con el dise\u00f1o estrat\u00e9gico propuesto de la aerol\u00ednea de bandera alemana, en el <em>hub<\/em> de referencia para el hemisferio sur, con una perspectiva de desarrollo que va mucho m\u00e1s all\u00e1 de una dimensi\u00f3n nacional o continental\u201d.<\/p>\n<p>&nbsp;<\/p>\n<blockquote>\n<p style=\"text-align: right;\">\u201c<strong>El<\/strong> <strong>\u00e1ngel de la fama tiene sus alas hechas de papel&#8230; peri\u00f3dico\u201d.<br \/>\n<\/strong><\/p>\n<\/blockquote>\n<p>&nbsp;<\/p>\n<p><em><span class=\"Apple-converted-space\"><a href=\"mailto:victoriagprado@gmail.com\" target=\"_blank\" rel=\"noopener noreferrer\">victoriagprado@gmail.com<\/a><br \/>\nTwitter: <a href=\"https:\/\/twitter.com\/victoriagprado\" target=\"_blank\" rel=\"noopener noreferrer\">@victoriagprado<\/a><\/span><\/em><\/p>\n","protected":false},"excerpt":{"rendered":"<p>Es un hotel boutique con 44 habitaciones. El primero de la marca <em>Hyatt<\/em> en San Miguel de Allende y la m\u00e1s reciente incorporaci\u00f3n a <em>The Unbound Collection by Hyatt. <\/em>Es operado por Grupo Presidente, NUMU es su nombre.<\/p>\n","protected":false},"author":3,"featured_media":574231,"comment_status":"open","ping_status":"open","sticky":false,"template":"","format":"standard","meta":{"_monsterinsights_skip_tracking":false,"_monsterinsights_sitenote_active":false,"_monsterinsights_sitenote_note":"","_monsterinsights_sitenote_category":0,"footnotes":""},"categories":[11],"tags":[107,43674,43681,106],"class_list":["post-574167","post","type-post","status-publish","format-standard","has-post-thumbnail","hentry","category-turismo","tag-de-cinco-estrellas","tag-opinion","tag-turismo","tag-victoria-gonzalez-prado"],"_links":{"self":[{"href":"https:\/\/www.diarioimagen.net\/index.php?rest_route=\/wp\/v2\/posts\/574167","targetHints":{"allow":["GET"]}}],"collection":[{"href":"https:\/\/www.diarioimagen.net\/index.php?rest_route=\/wp\/v2\/posts"}],"about":[{"href":"https:\/\/www.diarioimagen.net\/index.php?rest_route=\/wp\/v2\/types\/post"}],"author":[{"embeddable":true,"href":"https:\/\/www.diarioimagen.net\/index.php?rest_route=\/wp\/v2\/users\/3"}],"replies":[{"embeddable":true,"href":"https:\/\/www.diarioimagen.net\/index.php?rest_route=%2Fwp%2Fv2%2Fcomments&post=574167"}],"version-history":[{"count":0,"href":"https:\/\/www.diarioimagen.net\/index.php?rest_route=\/wp\/v2\/posts\/574167\/revisions"}],"wp:featuredmedia":[{"embeddable":true,"href":"https:\/\/www.diarioimagen.net\/index.php?rest_route=\/wp\/v2\/media\/574231"}],"wp:attachment":[{"href":"https:\/\/www.diarioimagen.net\/index.php?rest_route=%2Fwp%2Fv2%2Fmedia&parent=574167"}],"wp:term":[{"taxonomy":"category","embeddable":true,"href":"https:\/\/www.diarioimagen.net\/index.php?rest_route=%2Fwp%2Fv2%2Fcategories&post=574167"},{"taxonomy":"post_tag","embeddable":true,"href":"https:\/\/www.diarioimagen.net\/index.php?rest_route=%2Fwp%2Fv2%2Ftags&post=574167"}],"curies":[{"name":"wp","href":"https:\/\/api.w.org\/{rel}","templated":true}]}}