{"id":574187,"date":"2023-02-13T00:05:24","date_gmt":"2023-02-13T06:05:24","guid":{"rendered":"https:\/\/www.diarioimagen.net\/?p=574187"},"modified":"2023-02-13T00:40:10","modified_gmt":"2023-02-13T06:40:10","slug":"mas-medicos-cubanos","status":"publish","type":"post","link":"https:\/\/www.diarioimagen.net\/?p=574187","title":{"rendered":"M\u00e1s m\u00e9dicos cubanos"},"content":{"rendered":"<h2>Desde el portal<\/h2>\n<h5>\u00c1ngel Soriano<\/h5>\n<p>&nbsp;<\/p>\n<p>Cuba tiene el mejor sistema de salud en el mundo, reconoci\u00f3 el presidente Andr\u00e9s Manuel L\u00f3pez Obrador al anunciar la visita del presidente Miguel D\u00edaz-Canel con quien sostendr\u00e1 una reuni\u00f3n sobre medicina en Campeche y ampliar el convenio para que m\u00e1s m\u00e9dicos generales y especialistas \u2014ya hay 500\u2014, presten sus servicios en el pa\u00eds.<\/p>\n<p>En contraste con lo que ha hecho el gobierno isle\u00f1o, M\u00e9xico redujo en tiempos de gobiernos neoliberales, la matr\u00edcula de estudiantes de medicina y eso origin\u00f3 la falta de especialistas que hicieran frente a emergencias como la pandemia, se desmantel\u00f3 el equipo e instalaciones y el pa\u00eds qued\u00f3 en la indefensi\u00f3n a causa del saqueo y la corrupci\u00f3n.<\/p>\n<p>No importa la nacionalidad, lo importante es atender la salud de la poblaci\u00f3n, indic\u00f3 desde Zapopan, Jalisco, el presidente L\u00f3pez Obrador al indicar que, al igual que los medicamentos, se recurrir\u00e1 a otros pa\u00edses e instancias internacionales para abatir el rezago de salud y tener, en este mismo a\u00f1o, un eficiente servicio de salud para la poblaci\u00f3n.<\/p>\n<p>La medicina, como la educaci\u00f3n -y otros rubros-, era jugoso negocio de pol\u00edticos influyentes que vend\u00edan a alto costo los medicamentos sin contar con laboratorios ni eficaces sistemas de distribuci\u00f3n, sino que s\u00f3lo facturaban elevadas cantidades al gobierno convirtiendo el sistema de medicina en un redituable negocio. Hoy se tiene que enfrentar ese lamentable desajuste.<\/p>\n<p style=\"text-align: center;\"><strong>TURBULENCIAS<br \/>\nCuba patrimonio de la humanidad<\/strong><\/p>\n<p>Por su resistencia de seis d\u00e9cadas de enfrentar el bloqueo estadounidense, Cuba merece el Premio a la Dignidad y ser declarada patrimonio de la humanidad, dijo el presidente Andr\u00e9s Manuel L\u00f3pez Obrador al entregar la condecoraci\u00f3n de la Orden mexicana del \u00c1guila Azteca al presidente Miguel D\u00edaz-Canel e indic\u00f3 que ese bloqueo ya no tiene raz\u00f3n de ser porque es un m\u00e9todo ya superado y se castiga a un pueblo por razones inviables\u2026 Ante la violencia en Jalisco y estados vecinos, se acord\u00f3 que se instalar\u00e1n en esa entidad 50 cuarteles de la Guardia Nacional con 6,000 elementos. En Zapopan, donde se realiz\u00f3 la ceremonia militar de la Fuerza A\u00e9rea, no apareci\u00f3 el gobernador Alfaro\u2026Y el presidente L\u00f3pez Obrador afirm\u00f3 que su dicho sobre la ministra Norma Luc\u00eda Pi\u00f1a Hern\u00e1ndez, presidenta de la SCJN, en el sentido de que por \u00e9l ocupa el cargo, fue malinterpretado. Lo que quiso decir es que no interviene en la elecci\u00f3n de funcionarios del Poder Judicial y, contrario a lo que ocurr\u00eda desde la \u00e9poca porfirista, deja a magistrados, jueces y consejeros, decidir sobre qui\u00e9n o qui\u00e9nes ser\u00e1n sus dirigentes. Es decir, al no intervenir en sus asuntos internos, quedan en libertad para decidir democr\u00e1ticamente el destino de las instituciones\u2026 El gobernador de Oaxaca, Salom\u00f3n Jara Cruz, anunci\u00f3 que 35 municipios de la costa oaxaque\u00f1a ser\u00e1n auditados en una semana m\u00e1s por el gobierno federal para saber qu\u00e9 ocurri\u00f3 con los recursos federales (1,200 mdp) destinados a apoyar a los damnificados por hurac\u00e1n \u201cAgatha\u201d, hecho ocurrido hace un a\u00f1o, en tanto la etnia triqui se posesion\u00f3 por en\u00e9sima ocasi\u00f3n del z\u00f3calo de la ciudad de Oaxaca y bloque\u00f3 los principales accesos al Palacio de Gobierno que luce a todo su esplendor pero parece que poco durar\u00e1 el gusto. Los triquis acamparon frente a Palacio de Gobierno durante 12 a\u00f1os en que convirtieron el \u00e1rea en un amplio mercado de artesan\u00edas y parece ser que lo volver\u00e1n a intentar\u2026 Santiago Creel Miranda (PAN) presidente de la Mesa Directiva de la C\u00e1mara de Diputados se dio el \u201cAbrazo de Acatempan Legislativo\u201d con el poblano Ignacio Mier Velazco, luego de sus diferencias por la presencia de la escolta militar armada en San L\u00e1zaro, acordando que trabajar\u00e1n en unidad y de manera coordinada. Creel aspira a la candidatura presidencial y Mier a la gubernatura de Puebla\u2026Y en tiempos de protocolo, siguen funcionarios de Oaxaca present\u00e1ndose en actos oficiales con gorras de beisbolistas, como de barriada sin comportarse como servidores p\u00fablicos.<\/p>\n<p><u><a href=\"mailto:asorianocarrasco@yahoo.com\" target=\"_blank\" rel=\"noopener noreferrer\"><em>asorianocarrasco@yahoo.com<\/em><\/a><br \/>\n<em><a href=\"https:\/\/revistabrecha.com\" target=\"_blank\" rel=\"noopener noreferrer\">www.revistabrecha.com<\/a><br \/>\n<\/em><\/u><em>facebook oficial <a href=\"https:\/\/es-la.facebook.com\/RevistaBrecha.Oficial\" target=\"_blank\" rel=\"noopener\">@BrechaRevista<\/a><\/em><\/p>\n","protected":false},"excerpt":{"rendered":"<p><span style=\"color: #005497;\"><strong>\u00c1ngel Soriano<\/strong><\/span><\/p>\n","protected":false},"author":3,"featured_media":0,"comment_status":"open","ping_status":"open","sticky":false,"template":"","format":"standard","meta":{"_monsterinsights_skip_tracking":false,"_monsterinsights_sitenote_active":false,"_monsterinsights_sitenote_note":"","_monsterinsights_sitenote_category":0,"footnotes":""},"categories":[135],"tags":[85,86,43674],"class_list":["post-574187","post","type-post","status-publish","format-standard","hentry","category-angel-soriano-opinion","tag-angel-soriano","tag-desde-el-portal","tag-opinion"],"_links":{"self":[{"href":"https:\/\/www.diarioimagen.net\/index.php?rest_route=\/wp\/v2\/posts\/574187","targetHints":{"allow":["GET"]}}],"collection":[{"href":"https:\/\/www.diarioimagen.net\/index.php?rest_route=\/wp\/v2\/posts"}],"about":[{"href":"https:\/\/www.diarioimagen.net\/index.php?rest_route=\/wp\/v2\/types\/post"}],"author":[{"embeddable":true,"href":"https:\/\/www.diarioimagen.net\/index.php?rest_route=\/wp\/v2\/users\/3"}],"replies":[{"embeddable":true,"href":"https:\/\/www.diarioimagen.net\/index.php?rest_route=%2Fwp%2Fv2%2Fcomments&post=574187"}],"version-history":[{"count":0,"href":"https:\/\/www.diarioimagen.net\/index.php?rest_route=\/wp\/v2\/posts\/574187\/revisions"}],"wp:attachment":[{"href":"https:\/\/www.diarioimagen.net\/index.php?rest_route=%2Fwp%2Fv2%2Fmedia&parent=574187"}],"wp:term":[{"taxonomy":"category","embeddable":true,"href":"https:\/\/www.diarioimagen.net\/index.php?rest_route=%2Fwp%2Fv2%2Fcategories&post=574187"},{"taxonomy":"post_tag","embeddable":true,"href":"https:\/\/www.diarioimagen.net\/index.php?rest_route=%2Fwp%2Fv2%2Ftags&post=574187"}],"curies":[{"name":"wp","href":"https:\/\/api.w.org\/{rel}","templated":true}]}}